{"headers": {"id": "ID", "ano": "Ano", "numero": "N\u00famero", "tipo__sigla": "Tipo de Mat\u00e9ria Legislativa/Sigla", "tipo__descricao": "Tipo de Mat\u00e9ria Legislativa/Descri\u00e7\u00e3o", "autoria__autor__nome": "Autorias/Autor/Nome do Autor", "texto_original": "Texto Original", "ementa": "Ementa"}, "results": [{"id": 746, "ano": 2025, "numero": 1, "tipo__sigla": "IND", "tipo__descricao": "Indica\u00e7\u00e3o", "autoria__autor__nome": "MARQUIM CATABRIGA", "texto_original": "http://64.23.167.191/sapl/public/materialegislativa/2025/746/01_-_indicacao_no_001-2025_-_20-01_-_ver._marquim_-_calcamento_das_rampas_do_rio_sono_e_tocantins..pdf", "ementa": "Indica\u00e7\u00e3o n\u00ba 001/2025 - Ver. Marcos Catabriga: INDICA\u00c7\u00c3O ao Poder Executivo para cal\u00e7amento das rampas do Rio Sono e do Rio Tocantins."}, {"id": 747, "ano": 2025, "numero": 2, "tipo__sigla": "IND", "tipo__descricao": "Indica\u00e7\u00e3o", "autoria__autor__nome": "PEDRO BELARMINO", "texto_original": "http://64.23.167.191/sapl/public/materialegislativa/2025/747/02_-_indicacao_no_003-2025_-_10-02_-_ver._pedro_-_plano_de_saude_para_serviores_municipais..pdf", "ementa": "Indica\u00e7\u00e3o n\u00ba 003/2025 - Ver. Pedro Vinicius: INDICA ao Excelent\u00edssimo Prefeito Municipal que seja realizado um estudo de viabilidade para a implanta\u00e7\u00e3o de um plano de sa\u00fade destinado aos servidores municipais."}, {"id": 748, "ano": 2025, "numero": 3, "tipo__sigla": "IND", "tipo__descricao": "Indica\u00e7\u00e3o", "autoria__autor__nome": "PEDRO BELARMINO", "texto_original": "http://64.23.167.191/sapl/public/materialegislativa/2025/748/03_-_indicacao_no_004-2025_-_10-02_-_ver._pedro_-_realizacao_de_limpeza_anajanopolis.pdf", "ementa": "Indica\u00e7\u00e3o n\u00ba 004/2025 - Ver. Pedro Vinicius: INDICA ao Excelent\u00edssimo Senhor Prefeito Municipal a necessidade urgente de realizar a limpeza e manuten\u00e7\u00e3o do Distrito de Anajan\u00f3polis, Porto Real."}, {"id": 749, "ano": 2025, "numero": 4, "tipo__sigla": "IND", "tipo__descricao": "Indica\u00e7\u00e3o", "autoria__autor__nome": "PEDRO BELARMINO", "texto_original": "http://64.23.167.191/sapl/public/materialegislativa/2025/749/04_-_indicacao_no_007-2025_-_10_-_02_-ver._pedro_-_abertura_de_concurso_publico.pdf", "ementa": "Indica\u00e7\u00e3o n\u00ba 002/2025 - Ver. Pedro Vinicius: INDICA ao Excelent\u00edssimo Senhor Prefeito Municipal que seja realizado um estudo detalhado sobre a necessidade de abertura de concurso p\u00fablico no \u00e2mbito do Munic\u00edpio, contemplando as \u00e1reas onde h\u00e1 maior demanda e defici\u00eancia de pessoal."}, {"id": 750, "ano": 2025, "numero": 5, "tipo__sigla": "IND", "tipo__descricao": "Indica\u00e7\u00e3o", "autoria__autor__nome": "PEDRO BELARMINO", "texto_original": "http://64.23.167.191/sapl/public/materialegislativa/2025/750/05_-_indicacao_no_002-2025_-_12_-_02_-_ver._pedro_-_cliacao_de_uma_clinica_veterinaria..pdf", "ementa": "Indica\u00e7\u00e3o n\u00ba 007/2025 - Ver. Pedro Vinicius: INDICA ao Poder Executivo Municipal a cria\u00e7\u00e3o de uma cl\u00ednica veterin\u00e1ria no munic\u00edpio de Pedro Afonso/TO."}, {"id": 751, "ano": 2025, "numero": 6, "tipo__sigla": "IND", "tipo__descricao": "Indica\u00e7\u00e3o", "autoria__autor__nome": "PEDRO BELARMINO", "texto_original": "http://64.23.167.191/sapl/public/materialegislativa/2025/751/06_-_indicacao_no_006-2025_-_12-02_-_ver._pedro_-_cronstrucao_de_uma_clinica_de_saude_para_mulheres..pdf", "ementa": "Indica\u00e7\u00e3o n\u00ba 006/2025 - Ver. Pedro Vinicius: INDICA ao Poder Executivo Municipal a constru\u00e7\u00e3o de uma Cl\u00ednica de Sa\u00fade espec\u00edfica para mulheres, com a devida infraestrutura e todos os recursos necess\u00e1rios para diagn\u00f3stico e tratamento de patologias femininas."}, {"id": 752, "ano": 2025, "numero": 7, "tipo__sigla": "IND", "tipo__descricao": "Indica\u00e7\u00e3o", "autoria__autor__nome": "PEDRO BELARMINO", "texto_original": "http://64.23.167.191/sapl/public/materialegislativa/2025/752/07_-_indicacao_no_008-2025_-_13-02_-_ver._pedro_-_criacao_de_centro_de_recuperacao_e_apoio_dependetes_quimicos..pdf", "ementa": "Indica\u00e7\u00e3o n\u00ba 008/2025 - Ver. Pedro Vinicius: INDICA ao Poder Executivo Municipal a cria\u00e7\u00e3o de um Centro de Recupera\u00e7\u00e3o e Apoio aos dependentes qu\u00edmicos, no munic\u00edpio de Pedro Afonso/TO."}, {"id": 753, "ano": 2025, "numero": 8, "tipo__sigla": "IND", "tipo__descricao": "Indica\u00e7\u00e3o", "autoria__autor__nome": "SEBASTI\u00c3O FABRICIO", "texto_original": "http://64.23.167.191/sapl/public/materialegislativa/2025/753/08_-_indicacao_no_001-2025_-_14-02_-_ver._fabricio_-_extensao_de_canteiro_central_avenida_pedro_marinao.pdf", "ementa": "Indica\u00e7\u00e3o n\u00ba 01/2025 - Ver. Sebasti\u00e3o Fabr\u00edcio: INDICA ao Senhor Prefeito Municipal a extens\u00e3o do canteiro central na Avenida Pedro Mariano dos Santos, iniciando em frente a sorveteria S\u00f3 Frio at\u00e9 onde for poss\u00edvel, com a implanta\u00e7\u00e3o de ilumina\u00e7\u00e3o de led."}, {"id": 754, "ano": 2025, "numero": 9, "tipo__sigla": "IND", "tipo__descricao": "Indica\u00e7\u00e3o", "autoria__autor__nome": "SEBASTI\u00c3O FABRICIO", "texto_original": "http://64.23.167.191/sapl/public/materialegislativa/2025/754/09_-_indicacao_no_002-2025_-_14-02_-_ver._fabricio_-__doacao_de_terreno_setor_portelinha..pdf", "ementa": "Indica\u00e7\u00e3o n\u00ba 02/2025 - Ver. Sebasti\u00e3o Fabr\u00edcio: INDICA ao Senhor Prefeito Municipal o pedido de doa\u00e7\u00e3o do terreno situado no Setor Portelinha para a constru\u00e7\u00e3o de uma Igreja Cat\u00f3lica."}, {"id": 776, "ano": 2025, "numero": 10, "tipo__sigla": "IND", "tipo__descricao": "Indica\u00e7\u00e3o", "autoria__autor__nome": "AGNALDO LIMA", "texto_original": "http://64.23.167.191/sapl/public/materialegislativa/2025/776/indicacao_no001-2025_-_24-02-2025a_construcao_creche_no_setor_canavieiras.pdf", "ementa": "Indica\u00e7\u00e3o n\u00ba 001/2025 - Ver. Agnaldo Lima: INDICA ao Poder Executivo Municipal a CONSTRU\u00c7\u00c3O DE UMA CRECHE no Setor Canavieiras em Pedro Afonso/TO."}, {"id": 777, "ano": 2025, "numero": 11, "tipo__sigla": "IND", "tipo__descricao": "Indica\u00e7\u00e3o", "autoria__autor__nome": "AGNALDO LIMA", "texto_original": "http://64.23.167.191/sapl/public/materialegislativa/2025/777/indicacao_no002-2025_24-02-2025_construcao_praca_publica_setor_portelinha.pdf", "ementa": "Indica\u00e7\u00e3o n\u00ba 002/2025 - Ver. Agnaldo Lima: INDICA ao Poder Executivo Municipal a CONSTRU\u00c7\u00c3O DE UMA PRA\u00c7A P\u00daBLICA no Setor Ant\u00f4nio Joaquim Pires (Portelinha) em Pedro Afonso-TO."}, {"id": 791, "ano": 2025, "numero": 12, "tipo__sigla": "IND", "tipo__descricao": "Indica\u00e7\u00e3o", "autoria__autor__nome": "PEDRO BELARMINO", "texto_original": "http://64.23.167.191/sapl/public/materialegislativa/2025/791/01_-_indicacao_no_009-2025_-_instalacao_de_quebra-molas_na_avenida_santa_luzia_19-02.pdf", "ementa": "Indica\u00e7\u00e3o n\u00ba 009/2025 - Ver. Pedro Vinicius: INDICA ao Poder Executivo Municipal a instala\u00e7\u00e3o de quebra-molas na Avenida Santa Luzia (Aldeinha), em frente \u00e0 Distribuidora \u00c1gua de Ouro."}, {"id": 792, "ano": 2025, "numero": 13, "tipo__sigla": "IND", "tipo__descricao": "Indica\u00e7\u00e3o", "autoria__autor__nome": "ROMULO SOARES", "texto_original": "http://64.23.167.191/sapl/public/materialegislativa/2025/792/02_-_indicacao_no_001-2025_-_implantacao_de_centros_de_fisioterapia_27-02.pdf", "ementa": "Indica\u00e7\u00e3o n\u00ba 001/2025 - Ver. R\u00f4mulo Soares: INDICA ao Poder Executivo Municipal a implanta\u00e7\u00e3o de Centros de Fisioterapia nas Unidades B\u00e1sicas de Sa\u00fade (UBS) Seni Ben\u00edcio, localizada na Avenida Marta V\u00e2nia, Setor Aeroporto II, e na UBS Maria Clara, situada na Rua 13, Setor Ant\u00f4nio Joaquim Pires Martins (Portelina)."}, {"id": 793, "ano": 2025, "numero": 14, "tipo__sigla": "IND", "tipo__descricao": "Indica\u00e7\u00e3o", "autoria__autor__nome": "AGNALDO LIMA", "texto_original": "http://64.23.167.191/sapl/public/materialegislativa/2025/793/03_-_indicacao_no_003-2025_-_calcamento_do_parque_de_exposicoes_jose_damasceno_de_sa_27-02.pdf", "ementa": "Indica\u00e7\u00e3o n\u00ba 003/2025 - Ver. Agnaldo Lima: INDICA ao Poder Executivo Municipal a execu\u00e7\u00e3o do cal\u00e7amento do Parque de Exposi\u00e7\u00f5es Jo\u00e3o\r\nDamasceno de S\u00e1, localizado na Rua 02, s/n, parte do Loteamento Canavieiras."}, {"id": 812, "ano": 2025, "numero": 15, "tipo__sigla": "IND", "tipo__descricao": "Indica\u00e7\u00e3o", "autoria__autor__nome": "ANTONIO NETO", "texto_original": "http://64.23.167.191/sapl/public/materialegislativa/2025/812/indicacao_n_001-2025_pleitear_a_mudanca_do_atual_porte_i_para_ii_da_unid_hospitalar__vereador_antonio_neto.pdf", "ementa": "Indica\u00e7\u00e3o n\u00ba 001/2025 - Ver. Antonio Neto: INDICA ao Poder Executivo Municipal que interceda junto ao Cons\u00f3rcio Delta e aos 23 munic\u00edpios que utilizam os servi\u00e7os do Hospital Regional de Pedro Afonso para pleitear a mudan\u00e7a do atual porte I para o porte II da unidade hospitalar."}, {"id": 813, "ano": 2025, "numero": 16, "tipo__sigla": "IND", "tipo__descricao": "Indica\u00e7\u00e3o", "autoria__autor__nome": "MARQUIM CATABRIGA", "texto_original": "http://64.23.167.191/sapl/public/materialegislativa/2025/813/indicacao_n_002-2025_aquisicao_de_uniformes_para_grupo_da_terceira_idade_nosso_municipio_vereador_marcos_catabriga.pdf", "ementa": "Indica\u00e7\u00e3o n\u00ba 002/2025 - Ver. Antonio Marcos Catabriga: INDICA aquisi\u00e7\u00e3o de uniformes para os participantes do grupo da terceira idade do nosso munic\u00edpio."}, {"id": 814, "ano": 2025, "numero": 17, "tipo__sigla": "IND", "tipo__descricao": "Indica\u00e7\u00e3o", "autoria__autor__nome": "ROMULO SOARES", "texto_original": "http://64.23.167.191/sapl/public/materialegislativa/2025/814/indicacao_n002-2025_vereador_coelho_soares.pdf", "ementa": "Indica\u00e7\u00e3o n\u00ba 002/2025 - Ver. Romulo Soares: INDICA ao Poder Executivo Municipal a constru\u00e7\u00e3o de uma ciclovia no munic\u00edpio de Pedro Afonso, com in\u00edcio na rotat\u00f3ria do posto de sa\u00edda do munic\u00edpio, passando pelas margens da BR-235 e seguindo pela TO-010 at\u00e9 o Setor Antonio Joaquim Pires Martins (Portelinha)."}, {"id": 828, "ano": 2025, "numero": 18, "tipo__sigla": "IND", "tipo__descricao": "Indica\u00e7\u00e3o", "autoria__autor__nome": "SEBASTI\u00c3O FABRICIO", "texto_original": "http://64.23.167.191/sapl/public/materialegislativa/2025/828/20-03_indicacao_no03-2025_indiva_a_divulgacao_da_biblioteca_virtual__portal_dominio_publico.pdf", "ementa": "Indica\u00e7\u00e3o n\u00ba 03/2025 - Ver. Sebasti\u00e3o Fabr\u00edcio: INDICA ao Senhor Prefeito Municipal, a realizar divulga\u00e7\u00e3o por interm\u00e9dio do s\u00edtio eletr\u00f4nico e m\u00eddias sociais oficiais da Prefeitura Municipal da biblioteca virtual \"Portal Dom\u00ednio P\u00fablico\", vinculada ao Governo Federal."}, {"id": 829, "ano": 2025, "numero": 19, "tipo__sigla": "IND", "tipo__descricao": "Indica\u00e7\u00e3o", "autoria__autor__nome": "SEBASTI\u00c3O FABRICIO", "texto_original": "http://64.23.167.191/sapl/public/materialegislativa/2025/829/20-03_indicacao_no04-2025_indica_a_contratacao_de_medico_geriatra.pdf", "ementa": "Indica\u00e7\u00e3o n\u00ba 04/2025 - Ver. Sebasti\u00e3o Fabr\u00edcio: INDICA ao Senhor Prefeito Municipal, que seja viabilizada junto \u00e0 Secretaria Municipal de Sa\u00fade a contrata\u00e7\u00e3o de m\u00e9dicos geriatras para atender a popula\u00e7\u00e3o idosa na rede municipal de sa\u00fade."}, {"id": 830, "ano": 2025, "numero": 20, "tipo__sigla": "IND", "tipo__descricao": "Indica\u00e7\u00e3o", "autoria__autor__nome": "SEBASTI\u00c3O FABRICIO", "texto_original": "http://64.23.167.191/sapl/public/materialegislativa/2025/830/20-03_indicacao_no05-2025_indica_que_seja_realizada_campanhas_de_prevencao_a_bronquiolite.pdf", "ementa": "Indica\u00e7\u00e3o n\u00ba 05/2025 - Ver. Sebasti\u00e3o Fabr\u00edcio: INDICA ao Senhor Prefeito Municipal, que sejam realizadas campanhas de preven\u00e7\u00e3o e conscientiza\u00e7\u00e3o sobre a bronquiolite com informativos a serem divulgados no s\u00edtio eletr\u00f4nico e m\u00eddias sociais oficiais da Prefeitura Municipal."}, {"id": 831, "ano": 2025, "numero": 21, "tipo__sigla": "IND", "tipo__descricao": "Indica\u00e7\u00e3o", "autoria__autor__nome": "ROMULO SOARES", "texto_original": "http://64.23.167.191/sapl/public/materialegislativa/2025/831/21-03_indicacao_no003-2025_indica_a_construcao_espaco_coberto_de_lazer_no_centro_educacao_infantil.pdf", "ementa": "Indica\u00e7\u00e3o n\u00ba 003/2025 - Ver. R\u00f4mulo Soares: INDICA a constru\u00e7\u00e3o de um espa\u00e7o coberto de lazer no Centro de Educa\u00e7\u00e3o Infantil Maranatha e na Escola Municipal Jos\u00e9 Combas Alameda."}, {"id": 832, "ano": 2025, "numero": 22, "tipo__sigla": "IND", "tipo__descricao": "Indica\u00e7\u00e3o", "autoria__autor__nome": "AGNALDO LIMA", "texto_original": "http://64.23.167.191/sapl/public/materialegislativa/2025/832/21-03_indicacao_no004-2025_indica_a_realizacao_de_obras_de_reformas_da_praca_central_do_pop_shopping.pdf", "ementa": "Indica\u00e7\u00e3o n\u00ba 004/2025 - Ver. Agnaldo Lima: INDICA ao Poder Executivo Municipal a realiza\u00e7\u00e3o de obras de reforma e amplia\u00e7\u00e3o da Pra\u00e7a Central\r\ndo Munic\u00edpio e do Pop Shopping, com o objetivo de proporcionar melhorias na infraestrutura, acessibilidade e seguran\u00e7a desses importantes espa\u00e7os p\u00fablicos."}, {"id": 833, "ano": 2025, "numero": 23, "tipo__sigla": "IND", "tipo__descricao": "Indica\u00e7\u00e3o", "autoria__autor__nome": "LILI BEN\u00cdCIO", "texto_original": "http://64.23.167.191/sapl/public/materialegislativa/2025/833/31-03_indicacao_no_002-2025_solicitando_a_implantacao_de_sinalizacao_viaria_na_rua_08__maranatha.pdf", "ementa": "Indica\u00e7\u00e3o n\u00ba 002/2025 - Ver. Lili Ben\u00edcio: INDICA ao Senhor Prefeito, a implanta\u00e7\u00e3o de sinaliza\u00e7\u00e3o vi\u00e1ria na Rua 08, em frente ao Centro de Educa\u00e7\u00e3o Infantil Maranatha, paralela \u00e0 Avenida Marta V\u00e2nia, localizada no Setor Aeroporto lI."}, {"id": 840, "ano": 2025, "numero": 24, "tipo__sigla": "IND", "tipo__descricao": "Indica\u00e7\u00e3o", "autoria__autor__nome": "SEBASTI\u00c3O FABRICIO", "texto_original": "http://64.23.167.191/sapl/public/materialegislativa/2025/840/ind._no015-2025_construcao_de_2_quiosques_de_alimentacao_na_praca.pdf", "ementa": "Indica\u00e7\u00e3o n\u00ba 06/2025 - Ver. Sebasti\u00e3o Fabr\u00edcio: INDICA ao Senhor Prefeito Municipal, que seja viabilizada a constru\u00e7\u00e3o 02 (dois) quiosques de alimenta\u00e7\u00e3o ao longo da Pra\u00e7a Professora e Poetisa Raimunda Cavalcante."}, {"id": 852, "ano": 2025, "numero": 25, "tipo__sigla": "IND", "tipo__descricao": "Indica\u00e7\u00e3o", "autoria__autor__nome": "ROMULO SOARES", "texto_original": "http://64.23.167.191/sapl/public/materialegislativa/2025/852/indicacao_no005-2025__indica_de_areas_no_municipios_para_elaboracao_e_futura_implementacao_de_projetos_hab..pdf", "ementa": "Indica\u00e7\u00e3o n\u00ba 005/2025 - Ver. R\u00f4mulo Soares: INDICA a aquisi\u00e7\u00e3o de \u00e1reas no munic\u00edpio para a elabora\u00e7\u00e3o e futura implementa\u00e7\u00e3o de projetos habitacionais."}, {"id": 940, "ano": 2025, "numero": 26, "tipo__sigla": "IND", "tipo__descricao": "Indica\u00e7\u00e3o", "autoria__autor__nome": "SEBASTI\u00c3O FABRICIO", "texto_original": "http://64.23.167.191/sapl/public/materialegislativa/2025/940/indicacoaao_07-2025_indica_a_construcoaao_instalacoaao_e_manutencoaao_de_melhorias_na_rampa_rio_to.pdf", "ementa": "Indica\u00e7\u00e3o n\u00ba 07/2025 - Ver. Sebasti\u00e3o Fabr\u00edcio: INDICA ao Senhor Prefeito Municipal, na forma regimental, a constru\u00e7\u00e3o de uma cal\u00e7ada na margem direita com corrim\u00e3o e acessibilidade para pessoas com defici\u00eancia ou mobilidade."}, {"id": 941, "ano": 2025, "numero": 27, "tipo__sigla": "IND", "tipo__descricao": "Indica\u00e7\u00e3o", "autoria__autor__nome": "SEBASTI\u00c3O FABRICIO", "texto_original": "http://64.23.167.191/sapl/public/materialegislativa/2025/941/indicacoaao_08-2025__indica_a_instalacoaao_de_bebedouros_de_augua_potauvel_destinada_ao_consumo_gratuito_populacoaao.pdf", "ementa": "Indica\u00e7\u00e3o n\u00ba 08/2025 - Ver. Sebasti\u00e3o Fabr\u00edcio: INDICA ao Senhor Prefeito Municipal, na forma regimental, a instala\u00e7\u00e3o de bebedouros de \u00e1gua pot\u00e1vel destinada ao consumo gratuito pela popula\u00e7\u00e3o, em locais p\u00fablicos com grande circula\u00e7\u00e3o, sendo eles, a Feira Coberta, Pop Shopping (antigo Mercado Municipal) e Rodovi\u00e1ria Municipal."}, {"id": 942, "ano": 2025, "numero": 28, "tipo__sigla": "IND", "tipo__descricao": "Indica\u00e7\u00e3o", "autoria__autor__nome": "MARQUIM CATABRIGA", "texto_original": "http://64.23.167.191/sapl/public/materialegislativa/2025/942/indicacoaao_n_003-2025_indica_que_seja_realizada_avaliacoaao_tecnica_das_condicooes_de_trbalho_da_casa_do_idoso.pdf", "ementa": "Indica\u00e7\u00e3o n\u00ba 003/2025 - Ver. Marquim Catabriga: INDICA ao Poder Executivo que seja realizada avalia\u00e7\u00e3o t\u00e9cnica das condi\u00e7\u00f5es de trabalho dos servidores lotados na Casa de Idosos deste munic\u00edpio, com a finalidade de verificar a caracteriza\u00e7\u00e3o do direito ao adicional de insalubridade."}, {"id": 943, "ano": 2025, "numero": 29, "tipo__sigla": "IND", "tipo__descricao": "Indica\u00e7\u00e3o", "autoria__autor__nome": "ROMULO SOARES", "texto_original": "http://64.23.167.191/sapl/public/materialegislativa/2025/943/indicacoaao_n_006-2025_a_ampliacoaao_e_reforma_da_rotatouria_prouximo_estab_farol.pdf", "ementa": "Indica\u00e7\u00e3o n\u00ba 006/2025 - Ver. R\u00f4mulo Soares: INDICA a amplia\u00e7\u00e3o e reforma da rotat\u00f3ria localizada pr\u00f3xima ao estabelecimento Farol, bem como a instala\u00e7\u00e3o de uma academia ao ar livre e de um parquinho para as crian\u00e7as naquele espa\u00e7o."}, {"id": 944, "ano": 2025, "numero": 30, "tipo__sigla": "IND", "tipo__descricao": "Indica\u00e7\u00e3o", "autoria__autor__nome": "ANTONIO NETO", "texto_original": "http://64.23.167.191/sapl/public/materialegislativa/2025/944/indicacoaao_n002-2025_a_implantacoaao_de_um_centro_especializacoaao_em_reabilitacoaao.pdf", "ementa": "Indica\u00e7\u00e3o n\u00ba 002/2025 - Ver. Ant\u00f4nio Neto: INDICA ao Poder Executivo Municipal a implanta\u00e7\u00e3o de um Centro de Especializa\u00e7\u00e3o em Reabilita\u00e7\u00e3o em Pedro Afonso - TO, ou a celebra\u00e7\u00e3o de parceria ou contratualiza\u00e7\u00e3o com empresa especializada que ofere\u00e7a servi\u00e7os equivalentes."}, {"id": 945, "ano": 2025, "numero": 31, "tipo__sigla": "IND", "tipo__descricao": "Indica\u00e7\u00e3o", "autoria__autor__nome": "MIRNEUTON SOARES", "texto_original": "http://64.23.167.191/sapl/public/materialegislativa/2025/945/indicacoaao_n_001-2025_a_realizacoaao_limpeza_remocoaao_de_entulhos_acumulados_nas_margens_da_quadra.pdf", "ementa": "Indica\u00e7\u00e3o n\u00ba 001/2025 - Ver. Neutin Soares: INDICA realiza\u00e7\u00e3o de limpeza, remo\u00e7\u00e3o de entulhos acumulados nas margens da quadra poliesportiva localizada no setor Canavieiras, bem como a abertura de uma via adjacente \u00e0 referida quadra, proporcionando acesso direto ao setor Canad\u00e1."}, {"id": 946, "ano": 2025, "numero": 32, "tipo__sigla": "IND", "tipo__descricao": "Indica\u00e7\u00e3o", "autoria__autor__nome": "MIRNEUTON SOARES", "texto_original": "http://64.23.167.191/sapl/public/materialegislativa/2025/946/indicacoaao_n_002-2025_providencie_a_extensaao_da_rede_de_abastecimento_de_agua_setor_canada.pdf", "ementa": "Indica\u00e7\u00e3o n\u00ba 002/2025 - Ver. Neutin Soares: INDICA providencie a extens\u00e3o da rede de abastecimento de \u00e1gua at\u00e9 a \u00faltima rua do setor Canad\u00e1, que d\u00e1 acesso \u00e0 Rua n\u00b0 17 do Setor Ant\u00f4nio Joaquim Pires Martins (Portelinha), beneficiando diretamente sete fam\u00edlias residentes naquela localidade."}, {"id": 947, "ano": 2025, "numero": 33, "tipo__sigla": "IND", "tipo__descricao": "Indica\u00e7\u00e3o", "autoria__autor__nome": "PEDRO BELARMINO", "texto_original": "http://64.23.167.191/sapl/public/materialegislativa/2025/947/indicacoaao_n010-2025.pdf", "ementa": "Indica\u00e7\u00e3o n\u00ba 010/2025 - Ver. Pedro Berlamino: Sugere ao poder executivo municipal a ado\u00e7\u00e3o de provid\u00eancias para o cumprimento das normas federais de acessibilidade no \u00e2mbito do munic\u00edpio de Pedro Afonso - TO."}, {"id": 957, "ano": 2025, "numero": 34, "tipo__sigla": "IND", "tipo__descricao": "Indica\u00e7\u00e3o", "autoria__autor__nome": "SEBASTI\u00c3O FABRICIO", "texto_original": "http://64.23.167.191/sapl/public/materialegislativa/2025/957/indicacao_09-2025.pdf", "ementa": "Indica\u00e7\u00e3o n\u00ba 09/2025 - Ver. Sebasti\u00e3o Fabr\u00edcio: INDICA ao Senhor Prefeito Municipal, na forma regimental, a instala\u00e7\u00e3o de postes e lumin\u00e1rias de energia solar em todo setor Canad\u00e1 em vistas ao embr\u00e1glio que abrange aquelas fam\u00edlias em rela\u00e7\u00e3o a energia el\u00e9trica, a energia solar permite a ilumina\u00e7\u00e3o em \u00e1reas que n\u00e3o t\u00eam acesso \u00e0 rede el\u00e9trica.."}, {"id": 1034, "ano": 2025, "numero": 35, "tipo__sigla": "IND", "tipo__descricao": "Indica\u00e7\u00e3o", "autoria__autor__nome": "ROMULO SOARES", "texto_original": "http://64.23.167.191/sapl/public/materialegislativa/2025/1034/indicacoaao_n_007-2025_indica_recapeamento_da_rua_saao_joaaao_no_st._santo_afonso.pdf", "ementa": "Indica\u00e7\u00e3o n\u00ba 007/2025 - Ver. R\u00f4mulo Soares: Indica recapeamento da Rua S\u00e3o Jo\u00e3o, localizada no Setor Santo Afonso."}, {"id": 1035, "ano": 2025, "numero": 36, "tipo__sigla": "IND", "tipo__descricao": "Indica\u00e7\u00e3o", "autoria__autor__nome": "SEBASTI\u00c3O FABRICIO", "texto_original": "http://64.23.167.191/sapl/public/materialegislativa/2025/1035/indicacoaao_n_10-2025_indica_a_instalacoaao_de_iluminacoaao_publica_no_ponto_de_acesso_ao_rio_sono.pdf", "ementa": "Indica\u00e7\u00e3o n\u00ba 010/2025 - Ver. Sebasti\u00e3o Fabr\u00edcio: Indica ao Sr. Prefeito Municipal na forma regimental, a instala\u00e7\u00e3o de ilumina\u00e7\u00e3o p\u00fablica no ponto de acesso ao Rio Sono, pr\u00f3ximo \u00e0 ponte e \u00e0 Secretaria Municipal de Infraestrutura."}, {"id": 1312, "ano": 2025, "numero": 37, "tipo__sigla": "IND", "tipo__descricao": "Indica\u00e7\u00e3o", "autoria__autor__nome": "MARQUIM CATABRIGA", "texto_original": "http://64.23.167.191/sapl/public/materialegislativa/2025/1312/indicacao_na004-2025_indica_construcao_de_um_patio_destinado_aos_estacionamento_de_caminhoneiro.pdf", "ementa": "Indica\u00e7\u00e3o n\u00ba 004/2025 - Ver. Marquim Catabriga: Indica ao Poder Executivo Municipal a constru\u00e7\u00e3o de um p\u00e1tio destinado ao estacionamento de caminhoneiros, devidamente estruturado com banheiros, vigil\u00e2ncia com guardas e espa\u00e7o adequado para ve\u00edculos de grande porte, visando proporcionar conforto, seguran\u00e7a e organiza\u00e7\u00e3o para os profissionais que transitam pelo munic\u00edpio."}, {"id": 1320, "ano": 2025, "numero": 38, "tipo__sigla": "IND", "tipo__descricao": "Indica\u00e7\u00e3o", "autoria__autor__nome": "PEDRO BELARMINO", "texto_original": "http://64.23.167.191/sapl/public/materialegislativa/2025/1320/indicacao__na_011-2025_indica_a_construcao_de_uma_praca_com_espaco_de_lazer_para_comunidade_portelinha.pdf", "ementa": "Indica\u00e7\u00e3o n\u00ba 011/2025 - Ver. Pedro Belarmino: Indica ao Poder Executivo Municipal a constru\u00e7\u00e3o de uma pra\u00e7a com espa\u00e7o de lazer para a comunidade, parque infantil e galp\u00e3o para eventos comunit\u00e1rios no Setor Ant\u00f4nio Joaquim Pires Martins (Portelinha), em Pedro Afonso - TO."}, {"id": 1321, "ano": 2025, "numero": 39, "tipo__sigla": "IND", "tipo__descricao": "Indica\u00e7\u00e3o", "autoria__autor__nome": "PEDRO BELARMINO", "texto_original": "http://64.23.167.191/sapl/public/materialegislativa/2025/1321/indicacao_na_012-2025_indica_a_costrucao_de_um_portal_na_entrada_do_setor_portelinha.pdf", "ementa": "Indica\u00e7\u00e3o n\u00ba 012/2025 - Ver. Pedro Belarmino: Indica ao Poder Executivo Municipal a constru\u00e7\u00e3o de um portal na entrada do Setor Ant\u00f4nio Joaquim Pires Martins (Portelinha), em Pedro Afonso -TO."}, {"id": 1323, "ano": 2025, "numero": 40, "tipo__sigla": "IND", "tipo__descricao": "Indica\u00e7\u00e3o", "autoria__autor__nome": "PEDRO BELARMINO", "texto_original": "http://64.23.167.191/sapl/public/materialegislativa/2025/1323/indicacao_no013-2025_indica_a_realizacao_de_programa_de_castracao_dos_animais.pdf", "ementa": "Indica\u00e7\u00e3o n\u00ba 013/2025 - Ver. Pedro Belarmino: Indica ao Poder Executivo Municipal, atrav\u00e9s do Centro de Zoonoses, a realiza\u00e7\u00e3o de programa de castra\u00e7\u00e3o dos animais (c\u00e3es e gatos) em situa\u00e7\u00e3o de rua no munic\u00edpio de Pedro Afonso-TO."}, {"id": 759, "ano": 2025, "numero": 1, "tipo__sigla": "REQ", "tipo__descricao": "Requerimentos - Ver. Agnaldo Lima", "autoria__autor__nome": "AGNALDO LIMA", "texto_original": "http://64.23.167.191/sapl/public/materialegislativa/2025/759/requerimento_no_001-2025_-_ver._gordo_-_construcao_de_praca_com_estacinamento_setor_aeroporto_ii..pdf", "ementa": "Requer ao Poder Executivo Municipal a CONSTRU\u00c7\u00c3O DE UMA PRA\u00c7A COM ESTACIONAMENTO no Setor Aeroporto II ao lado do Est\u00e1dio Ricard\u00e3o."}, {"id": 760, "ano": 2025, "numero": 2, "tipo__sigla": "REQ", "tipo__descricao": "Requerimentos - Ver. Agnaldo Lima", "autoria__autor__nome": "AGNALDO LIMA", "texto_original": "http://64.23.167.191/sapl/public/materialegislativa/2025/760/requerimento_no_002-2025_-_ver._gordo_-_recuperacao_asfaltica_rua_sao_joao.pdf", "ementa": "Requer ao Poder Executivo Municipal a RECUPERA\u00c7\u00c3O ASF\u00c1LTICA da Rua S\u00e3o Jo\u00e3o, no trecho compreendido entre as rua Liberdade e S\u00e3o Bento."}, {"id": 761, "ano": 2025, "numero": 3, "tipo__sigla": "REQ", "tipo__descricao": "Requerimentos - Ver. Agnaldo Lima", "autoria__autor__nome": "AGNALDO LIMA", "texto_original": "http://64.23.167.191/sapl/public/materialegislativa/2025/761/requerimento_no_003-2025_-_ver._gordo_-_recuperacao_asfaltica_rua_lindolfo.pdf", "ementa": "Requer ao Poder Executivo Municipal a RECUPERA\u00c7\u00c3O ASF\u00c1LTICA da Rua Lindolfo Pinto Soares, no trecho compreendido entre as ruas Liberdade e Numerinao Bezerra."}, {"id": 762, "ano": 2025, "numero": 4, "tipo__sigla": "REQ", "tipo__descricao": "Requerimentos - Ver. Agnaldo Lima", "autoria__autor__nome": "AGNALDO LIMA", "texto_original": "http://64.23.167.191/sapl/public/materialegislativa/2025/762/requerimento_no_004-2025_-_ver._gordo_-_construcao_de_praca_e_academia_ao_ar_livre_setor_castanheira..pdf", "ementa": "Requer ao Poder Executivo Municipal a CONSTRU\u00c7\u00c3O DE UMA PRA\u00c7A P\u00daBLICA COM ACADEMIA AO AR LIVRE no Setor Castanheira."}, {"id": 795, "ano": 2025, "numero": 6, "tipo__sigla": "REQ", "tipo__descricao": "Requerimentos - Ver. Agnaldo Lima", "autoria__autor__nome": "AGNALDO LIMA", "texto_original": "http://64.23.167.191/sapl/public/materialegislativa/2025/795/requerimento_no_006-2025_-__calcamentos_nas_travesas_b_e_d.pdf", "ementa": "Requer ao Poder Executivo Municipal por interm\u00e9dio da Secretaria competente a CONSTRU\u00c7\u00c3O DE UM CAL\u00c7AMENTO nas Travessas B e D, com interliga\u00e7\u00e3o \u00e1 Rua Bar\u00e3o do Rio Branco."}, {"id": 797, "ano": 2025, "numero": 7, "tipo__sigla": "REQ", "tipo__descricao": "Requerimentos - Ver. Agnaldo Lima", "autoria__autor__nome": "AGNALDO LIMA", "texto_original": "http://64.23.167.191/sapl/public/materialegislativa/2025/797/requerimento_no_007-2025_-_calcamento_na_travessa_01.pdf", "ementa": "Requer ao Poder Executivo Municipal por interm\u00e9dio da Secretaria competente a CONSTRU\u00c7\u00c3O DE UM CAL\u00c7AMENTO na Travessa 01, situada entre as ruas Numeriano Bezerra e Liberdade."}, {"id": 863, "ano": 2025, "numero": 8, "tipo__sigla": "REQ", "tipo__descricao": "Requerimentos - Ver. Agnaldo Lima", "autoria__autor__nome": "AGNALDO LIMA", "texto_original": "http://64.23.167.191/sapl/public/materialegislativa/2025/863/req._no008-2025_requer_a_revitalizacao_da_rampa_do_rio_sono.pdf", "ementa": "Requer do Poder Executivo Municipal a revitaliza\u00e7\u00e3o da rampa do rio Sono, que d\u00e1 acesso \u00e0 praia."}, {"id": 958, "ano": 2025, "numero": 9, "tipo__sigla": "REQ", "tipo__descricao": "Requerimentos - Ver. Agnaldo Lima", "autoria__autor__nome": "AGNALDO LIMA", "texto_original": "http://64.23.167.191/sapl/public/materialegislativa/2025/958/req._n_009-2025__requer_a_instalacoaao_de_iluminacoaao_puublica_na_pracoa_lagoa_da_cruz.pdf", "ementa": "Requer do Poder Executivo Municipal, por interm\u00e9dio da Secretaria competente, a instala\u00e7\u00e3o de ilumina\u00e7\u00e3o P\u00fablica na pra\u00e7a Lagoa da Cruz."}, {"id": 1314, "ano": 2025, "numero": 11, "tipo__sigla": "REQ", "tipo__descricao": "Requerimentos - Ver. Agnaldo Lima", "autoria__autor__nome": "AGNALDO LIMA", "texto_original": "http://64.23.167.191/sapl/public/materialegislativa/2025/1314/req._na_011-2025_requer_a_limpeza_geral_da_sede_da_agrovila__bom_tempo.pdf", "ementa": "Requer ao Poder Executivo Municipal, por meio da Secretaria competente, a limpeza geral da sede da Agrovila Bom Tempo, a corre\u00e7\u00e3o das l\u00e2mpadas e trocas das queimadas e o patrolamento das estradas principais e vicinais da regi\u00e3o da Agrovila."}, {"id": 1385, "ano": 2025, "numero": 13, "tipo__sigla": "REQ", "tipo__descricao": "Requerimentos - Ver. Agnaldo Lima", "autoria__autor__nome": "AGNALDO LIMA", "texto_original": "http://64.23.167.191/sapl/public/materialegislativa/2025/1385/req._na_013-2025_solicita_a_construcao_de_uma_praca_publica_com_academia_ao_ar_livre_agrovila_.pdf", "ementa": "Solicita ao Poder Executivo Municipal, por meio da Secretaria competente, a constru\u00e7\u00e3o de uma pra\u00e7a p\u00fablica com academia ao ar livre e playground no Distrito da Agrovila Bom Tempo."}, {"id": 1397, "ano": 2025, "numero": 14, "tipo__sigla": "REQ", "tipo__descricao": "Requerimentos - Ver. Agnaldo Lima", "autoria__autor__nome": "AGNALDO LIMA", "texto_original": "http://64.23.167.191/sapl/public/materialegislativa/2025/1397/req._na_014-2025_requer_a_implantacao_de_pontos_de_onibus_em_nossa_cidade.pdf", "ementa": "Requer ao Poder Executivo Municipal, a implanta\u00e7\u00e3o de pontos de \u00f4nibus em nossa cidade, com a finalidade de oferecer maior comodidade, seguran\u00e7a e organiza\u00e7\u00e3o no transporte p\u00fablico."}, {"id": 1434, "ano": 2025, "numero": 1, "tipo__sigla": "REQ", "tipo__descricao": "Requerimentos - Ver. Antonio Neto", "autoria__autor__nome": "ANTONIO NETO", "texto_original": "http://64.23.167.191/sapl/public/materialegislativa/2025/1434/req._na_01-2025_requer_a_criacao_da_casa_mun._de_acolhimento_institucional_para_criancas_e_adolecentes.pdf", "ementa": "Requer ao Poder Executivo Municipal, a cria\u00e7\u00e3o da Casa Municipal de Acolhimento Institucional para crian\u00e7as e adolescentes em situa\u00e7\u00e3o de risco e a implanta\u00e7\u00e3o da sede pr\u00f3pria do Conselho Tutelar."}, {"id": 1470, "ano": 2025, "numero": 2, "tipo__sigla": "REQ", "tipo__descricao": "Requerimentos - Ver. Antonio Neto", "autoria__autor__nome": "ANTONIO NETO", "texto_original": "http://64.23.167.191/sapl/public/materialegislativa/2025/1470/req._no02-2025_requer_que_viabilize_a_construcao_de_um_portal_na_entrada_do_distrito_de_porto_real.pdf", "ementa": "Requer ao Poder Executivo Municipal, por meio do \u00f3rg\u00e3o competente, que viabilize a constru\u00e7\u00e3o de um portal na entrada do Distrito de Porto Real, no Munic\u00edpio de Pedro Afonso, Estado do Tocantins."}, {"id": 768, "ano": 2025, "numero": 2, "tipo__sigla": "REQ", "tipo__descricao": "Requerimentos - Ver. Jos\u00e9 de Ribamar", "autoria__autor__nome": "JOSE DE RIBAMAR COELHO", "texto_original": "http://64.23.167.191/sapl/public/materialegislativa/2025/768/requerimento_no_002-2025_-_ver._coelho_-_construcao_de_ponte_corrego_lajeadinho.pdf", "ementa": "Requer ao Poder Executivo Municipal a constru\u00e7\u00e3o de uma ponte sobre o C\u00f3rrego Lajeadinho, na via de acesso ao Assentamento Lajeado."}, {"id": 769, "ano": 2025, "numero": 3, "tipo__sigla": "REQ", "tipo__descricao": "Requerimentos - Ver. Jos\u00e9 de Ribamar", "autoria__autor__nome": "JOSE DE RIBAMAR COELHO", "texto_original": "http://64.23.167.191/sapl/public/materialegislativa/2025/769/requerimento_no_003-2025_-_ver._coelho_-_construcao_de_ponte_corrego_grota_da_onca.pdf", "ementa": "Requer ao Poder Executivo Municipal a constru\u00e7\u00e3o de uma ponte sobre o C\u00f3rrego Grota da On\u00e7a localizado na regi\u00e3o do Rio Negro, pr\u00f3ximo a Fazenda do Senhor Manoel Oliveira."}, {"id": 781, "ano": 2025, "numero": 4, "tipo__sigla": "REQ", "tipo__descricao": "Requerimentos - Ver. Jos\u00e9 de Ribamar", "autoria__autor__nome": "JOSE DE RIBAMAR COELHO", "texto_original": "http://64.23.167.191/sapl/public/materialegislativa/2025/781/requer._no004-2025_-_realizacao_serv_recuperacao_estrada_vicinais.pdf", "ementa": "Requer ao Poder Executivo Municipal, a realiza\u00e7\u00e3o de servi\u00e7os de recupera\u00e7\u00e3o das estradas vicinais que se estendem da ponte do C\u00f3rrego Boa Esperan\u00e7a, passando pela regi\u00e3o do Baix\u00e3o at\u00e9 a regi\u00e3o do Curi."}, {"id": 782, "ano": 2025, "numero": 5, "tipo__sigla": "REQ", "tipo__descricao": "Requerimentos - Ver. Jos\u00e9 de Ribamar", "autoria__autor__nome": "JOSE DE RIBAMAR COELHO", "texto_original": "http://64.23.167.191/sapl/public/materialegislativa/2025/782/requer._no005-2025_-_disponib_de_uma_pa_carregadeira_e_uma_cacamba.pdf", "ementa": "Requer ao Poder Executivo Municipal a disponibiliza\u00e7\u00e3o de uma p\u00e1 carregadeira e uma ca\u00e7amba para a realiza\u00e7\u00e3o da limpeza na \u00e1rea da Associa\u00e7\u00e3o Boa Esperan\u00e7a."}, {"id": 810, "ano": 2025, "numero": 6, "tipo__sigla": "REQ", "tipo__descricao": "Requerimentos - Ver. Jos\u00e9 de Ribamar", "autoria__autor__nome": "JOSE DE RIBAMAR COELHO", "texto_original": "http://64.23.167.191/sapl/public/materialegislativa/2025/810/requerimento_n006-2025_vereador_coelho_soares.pdf", "ementa": "Requer ao Poder Executivo Municipal, por interm\u00e9dio da Secretaria competente, a realiza\u00e7\u00e3o de obras para o escoamento adequado das \u00e1guas pluviais na Rua S\u00e3o Jos\u00e9, localizada no Setor Santo Afonso, neste munic\u00edpio."}, {"id": 811, "ano": 2025, "numero": 7, "tipo__sigla": "REQ", "tipo__descricao": "Requerimentos - Ver. Jos\u00e9 de Ribamar", "autoria__autor__nome": "JOSE DE RIBAMAR COELHO", "texto_original": "http://64.23.167.191/sapl/public/materialegislativa/2025/811/requerimento_n007-2025_vereador_coelho_soares.pdf", "ementa": "Requer ao Poder Executivo Municipal, por interm\u00e9dio da Secretaria competente, a disponibiliza\u00e7\u00e3o de um caminh\u00e3o ca\u00e7amba para realizar o transporte de pedra canga da Fazenda Bom Retiro, de propriedade do senhor Edimar Corr\u00eaa, localizada no munic\u00edpio de Bom Jesus, para o senhor Rozi Ribeiro Guimar\u00e3es, residente em Pedro Afonso - TO."}, {"id": 824, "ano": 2025, "numero": 8, "tipo__sigla": "REQ", "tipo__descricao": "Requerimentos - Ver. Jos\u00e9 de Ribamar", "autoria__autor__nome": "JOSE DE RIBAMAR COELHO", "texto_original": "http://64.23.167.191/sapl/public/materialegislativa/2025/824/req._no_008-2025_requer_escoamento_das_aguas_pluviais_na_avenida_sousa_aguiar.pdf", "ementa": "Requer do Poder Executivo Municipal, a realiza\u00e7\u00e3o de obras para o adequado escoamento das \u00e1guas pluviais na Avenida Sousa Aguiar, especificamente em frente ao estabelecimento comercial conhecido como \"M\u00e1rcia do Bolo\"."}, {"id": 825, "ano": 2025, "numero": 9, "tipo__sigla": "REQ", "tipo__descricao": "Requerimentos - Ver. Jos\u00e9 de Ribamar", "autoria__autor__nome": "JOSE DE RIBAMAR COELHO", "texto_original": "http://64.23.167.191/sapl/public/materialegislativa/2025/825/req._no_009-2025_requer_a_ampliacao_da_galeria_de_agua_pluviais.pdf", "ementa": "Requer do Poder Executivo Municipal, a amplia\u00e7\u00e3o da galeria de \u00e1guas pluviais localizada em frente ao estabelecimento comercial \"Vit\u00f3ria Auto Pe\u00e7as\"."}, {"id": 842, "ano": 2025, "numero": 12, "tipo__sigla": "REQ", "tipo__descricao": "Requerimentos - Ver. Jos\u00e9 de Ribamar", "autoria__autor__nome": "JOSE DE RIBAMAR COELHO", "texto_original": "http://64.23.167.191/sapl/public/materialegislativa/2025/842/req._no012-2025_a_limpeza_do_setor_castanheiras.pdf", "ementa": "Requer do Poder Executivo Municipal, a limpeza do Setor Castanheiras, nas proximidades da Secretaria Municipal de Agricultura."}, {"id": 844, "ano": 2025, "numero": 13, "tipo__sigla": "REQ", "tipo__descricao": "Requerimentos - Ver. Jos\u00e9 de Ribamar", "autoria__autor__nome": "JOSE DE RIBAMAR COELHO", "texto_original": "http://64.23.167.191/sapl/public/materialegislativa/2025/844/req._no013-2025_a_construcao_de_redutores_de_velocidade_quebra_molas.pdf", "ementa": "Requer do Poder Executivo Municipal, a constru\u00e7\u00e3o de redutores de velocidade (quebra-molas) na Avenida Agr\u00edcola, mais especificamente em frente ao Bar do Branco."}, {"id": 845, "ano": 2025, "numero": 14, "tipo__sigla": "REQ", "tipo__descricao": "Requerimentos - Ver. Jos\u00e9 de Ribamar", "autoria__autor__nome": "JOSE DE RIBAMAR COELHO", "texto_original": "http://64.23.167.191/sapl/public/materialegislativa/2025/845/req._no014-2025_a_extensao__da_rede_de_abastecimento_de_agua_lot_do_regino.pdf", "ementa": "Requer do Poder Executivo Municipal, a extens\u00e3o da rede de abastecimento de \u00e1gua para o Loteamento do Regino, nas proximidades da Ch\u00e1cara do Bueno."}, {"id": 854, "ano": 2025, "numero": 15, "tipo__sigla": "REQ", "tipo__descricao": "Requerimentos - Ver. Jos\u00e9 de Ribamar", "autoria__autor__nome": "JOSE DE RIBAMAR COELHO", "texto_original": "http://64.23.167.191/sapl/public/materialegislativa/2025/854/req._no015-2025__a_recuperacao_o_levantamento_e_o_cascalhamento.pdf", "ementa": "Requer do Poder Executivo Municipal, a recupera\u00e7\u00e3o, o levantamento e o cascalhamento das estradas vicinais da regi\u00e3o da Agrovila, especificamente no trecho que vai da entrada do Senhor Nereu at\u00e9 a entrada do Senhor Enoque."}, {"id": 962, "ano": 2025, "numero": 17, "tipo__sigla": "REQ", "tipo__descricao": "Requerimentos - Ver. Jos\u00e9 de Ribamar", "autoria__autor__nome": "JOSE DE RIBAMAR COELHO", "texto_original": "http://64.23.167.191/sapl/public/materialegislativa/2025/962/req._n_017-2025_requer_a_instalacoaao_de_uma_tela_de_protecoaao_em_frente_ao_campo_aldeinha.pdf", "ementa": "Requer do Poder Executivo Municipal, por meio da Secretaria respons\u00e1vel, a instala\u00e7\u00e3o de uma tela de prote\u00e7\u00e3o em frente ao campo de futebol situado na Aldeinha, bem como a coloca\u00e7\u00e3o de traves de ferro nesse mesmo campo."}, {"id": 961, "ano": 2025, "numero": 18, "tipo__sigla": "REQ", "tipo__descricao": "Requerimentos - Ver. Jos\u00e9 de Ribamar", "autoria__autor__nome": "JOSE DE RIBAMAR COELHO", "texto_original": "http://64.23.167.191/sapl/public/materialegislativa/2025/961/req._n018-2025_requer_retorno_e_reativacoaao_do_antigo_porto_de_embarcacoaao.pdf", "ementa": "Requer do Poder Executivo Municipal, por meio da Secretaria competente, o retorno e a reativa\u00e7\u00e3o do antigo porto de embarca\u00e7\u00e3o localizado embaixo da ponte sobre o Rio Tocantins, visando atender \u00e0 crescente demanda de embarca\u00e7\u00f5es no munic\u00edpio."}, {"id": 1308, "ano": 2025, "numero": 19, "tipo__sigla": "REQ", "tipo__descricao": "Requerimentos - Ver. Jos\u00e9 de Ribamar", "autoria__autor__nome": "JOSE DE RIBAMAR COELHO", "texto_original": "http://64.23.167.191/sapl/public/materialegislativa/2025/1308/req._na_019-2025_requer_a_disponib._de_uma_retroescavadeira_para_regiao_do_rio_negro.pdf", "ementa": "\"Requer do Poder Executivo Municipal, a disponibiliza\u00e7\u00e3o de uma Retroescavadeira para a Regi\u00e3o do Rio Negro, a fim de atender os pequenos produtores rurais que se encontram com suas cacimbas e reservat\u00f3rios de \u00e1gua esgotados.\""}, {"id": 1315, "ano": 2025, "numero": 20, "tipo__sigla": "REQ", "tipo__descricao": "Requerimentos - Ver. Jos\u00e9 de Ribamar", "autoria__autor__nome": "JOSE DE RIBAMAR COELHO", "texto_original": "http://64.23.167.191/sapl/public/materialegislativa/2025/1315/req._na_020-2025_requer_a_recuperacao_da_estrada_que_liga_o_trevo_da_agrovila_bom_tempo_a_ponte_do_sr._alcides_ramos.pdf", "ementa": "\"Requer ao Poder Executivo Municipal, por interm\u00e9dio da Secretaria competente, a recupera\u00e7\u00e3o da estrada vicinal que liga o Trevo da Agrovila Bom Tempo \u00e0 ponte do Senhor Alcides Ramos, na regi\u00e3o do Rio Negro, com servi\u00e7os de patrolamento e cascalhamento, visando melhores condi\u00e7\u00f5es de tr\u00e1fego e seguran\u00e7a para os usu\u00e1rios daquela via.\""}, {"id": 1316, "ano": 2025, "numero": 21, "tipo__sigla": "REQ", "tipo__descricao": "Requerimentos - Ver. Jos\u00e9 de Ribamar", "autoria__autor__nome": "JOSE DE RIBAMAR COELHO", "texto_original": "http://64.23.167.191/sapl/public/materialegislativa/2025/1316/req._na_021-2025_requer_que_seja_realizada_a_recuperacao_da_estrada_que_liga_a_cbpo__a_sede_da_agrovila_bom_tempo.pdf", "ementa": "Requer ao Poder Executivo Municipal, por interm\u00e9dio da Secretaria competente, que seja realizada a recupera\u00e7\u00e3o da estrada vicinal que liga a CBPO \u00e0 sede da Agrovila Bom Tempo, com servi\u00e7os de patrolamento e cascalhamento, visando proporcionar melhores condi\u00e7\u00f5es de tr\u00e1fego e seguran\u00e7a aos usu\u00e1rios."}, {"id": 1319, "ano": 2025, "numero": 22, "tipo__sigla": "REQ", "tipo__descricao": "Requerimentos - Ver. Jos\u00e9 de Ribamar", "autoria__autor__nome": "JOSE DE RIBAMAR COELHO", "texto_original": "http://64.23.167.191/sapl/public/materialegislativa/2025/1319/req._na_022-2025_requer_a_realizacao_de_campeonato_esportivo_envolvendo_epuipes_zona_rural.pdf", "ementa": "\"Requer ao Poder Executivo Municipal, atrav\u00e9s da Secretaria competente, a realiza\u00e7\u00e3o de campeonato esportivo envolvendo equipes da zona rural, com as fases finais no Est\u00e1dio Ricard\u00e3o.\""}, {"id": 1335, "ano": 2025, "numero": 23, "tipo__sigla": "REQ", "tipo__descricao": "Requerimentos - Ver. Jos\u00e9 de Ribamar", "autoria__autor__nome": "JOSE DE RIBAMAR COELHO", "texto_original": "http://64.23.167.191/sapl/public/materialegislativa/2025/1335/requerimento_no_023-2025_-_solicitacao_de_maquinariso_fazenda_propriedade_do_vereador.pdf", "ementa": "Requer ao Poder Executivo Municipal, por meio da Secretaria competente, a disponibiliza\u00e7\u00e3o de maquin\u00e1rios, tais como retroescavadeira, ca\u00e7amba e patrol, para a realiza\u00e7\u00e3o de servi\u00e7os de organiza\u00e7\u00e3o e melhoria no trecho da estrada que d\u00e1 acesso \u00e0 Ch\u00e1cara Toca dos Coelhos, de propriedade deste parlamentar, localizada na regi\u00e3o do munic\u00edpio de Bom Jesus do Tocantins."}, {"id": 1357, "ano": 2025, "numero": 24, "tipo__sigla": "REQ", "tipo__descricao": "Requerimentos - Ver. Jos\u00e9 de Ribamar", "autoria__autor__nome": "JOSE DE RIBAMAR COELHO", "texto_original": "http://64.23.167.191/sapl/public/materialegislativa/2025/1357/req._no_024-2025_requer_o_envio_maquinarios_tais_como_patrol_pa_carregadeira_e_cacamba.pdf", "ementa": "Requer ao Poder Executivo Municipal, por meio da Secretaria competente, o envio de maquin\u00e1rio tais como patrol, p\u00e1 carregadeira e ca\u00e7amba, para realiza\u00e7\u00e3o de cascalhamento e manuten\u00e7\u00e3o da ladeira que liga a Bungue ao Assentamento Cocal."}, {"id": 1355, "ano": 2025, "numero": 25, "tipo__sigla": "REQ", "tipo__descricao": "Requerimentos - Ver. Jos\u00e9 de Ribamar", "autoria__autor__nome": "JOSE DE RIBAMAR COELHO", "texto_original": "http://64.23.167.191/sapl/public/materialegislativa/2025/1355/req._na_025-2025_requer_a_disponibilizacao_de_uma_cacamba.pdf", "ementa": "Requer ao Poder Executivo Municipal, por interm\u00e9dio da Secretaria competente, a disponibiliza\u00e7\u00e3o de uma ca\u00e7amba para o transporte de areia at\u00e9 a Fazenda do Senhor Lindomar Dias Soares, localizada no munic\u00edpio de Bom Jesus do Tocantins."}, {"id": 1358, "ano": 2025, "numero": 26, "tipo__sigla": "REQ", "tipo__descricao": "Requerimentos - Ver. Jos\u00e9 de Ribamar", "autoria__autor__nome": "JOSE DE RIBAMAR COELHO", "texto_original": "http://64.23.167.191/sapl/public/materialegislativa/2025/1358/req.na_026-2025_requer_o_envio_de_um_trator_para_realizacao_de_servicos.pdf", "ementa": "Requer ao Poder Executivo Municipal, por interm\u00e9dio da Secretaria competente, o envio de um trator para a realiza\u00e7\u00e3o de servi\u00e7os de gradagem de terras no Assentamento Cocal."}, {"id": 1368, "ano": 2025, "numero": 27, "tipo__sigla": "REQ", "tipo__descricao": "Requerimentos - Ver. Jos\u00e9 de Ribamar", "autoria__autor__nome": "JOSE DE RIBAMAR COELHO", "texto_original": "http://64.23.167.191/sapl/public/materialegislativa/2025/1368/req._na027-2025_requer_a_disp._de_uma_grade_para_trator_com_a_finalidade_de_realizar_servicos.pdf", "ementa": "Requer ao Poder Executivo Municipal, por interm\u00e9dio da Secretaria competente, a disponibiliza\u00e7\u00e3o de uma grade para trator, com a finalidade de realizar servi\u00e7o de gradagem na Fazenda do Senhor Lindomar Dias Soares, localizada no munic\u00edpio de Bom Jesus do Tocantins."}, {"id": 1382, "ano": 2025, "numero": 28, "tipo__sigla": "REQ", "tipo__descricao": "Requerimentos - Ver. Jos\u00e9 de Ribamar", "autoria__autor__nome": "JOSE DE RIBAMAR COELHO", "texto_original": "http://64.23.167.191/sapl/public/materialegislativa/2025/1382/req._na_028-2025_requer_o_envio_de_uma_cacamba_para_atender_a_demanda_de_cascalhamento.pdf", "ementa": "Requer ao Poder Executivo Municipal, por meio da secretaria competente, o envio de uma ca\u00e7amba para atender a demanda de realiza\u00e7\u00e3o de cascalhamento e manuten\u00e7\u00e3o da estrada de acesso \u00e0 Fazenda do Senhor Lindomar Dias Soares, no munic\u00edpio de Bom Jesus do Tocantins."}, {"id": 1394, "ano": 2025, "numero": 29, "tipo__sigla": "REQ", "tipo__descricao": "Requerimentos - Ver. Jos\u00e9 de Ribamar", "autoria__autor__nome": "JOSE DE RIBAMAR COELHO", "texto_original": "http://64.23.167.191/sapl/public/materialegislativa/2025/1394/req._na029-2025_requer_a_instalacao_de_placas_de_indentificacao_de_logradouros_publicos.pdf", "ementa": "Requer ao Poder Executivo Municipal, por meio da Secretaria competente, a instala\u00e7\u00e3o de placas de identifica\u00e7\u00e3o de logradouros p\u00fablicos no Setor Canavieiras, neste Munic\u00edpio de Pedro Afonso - TO, contendo o nome das vias e demais informa\u00e7\u00f5es pertinentes, com o objetivo de facilitar a localiza\u00e7\u00e3o das ruas e contribuir para a organiza\u00e7\u00e3o urbana."}, {"id": 1409, "ano": 2025, "numero": 30, "tipo__sigla": "REQ", "tipo__descricao": "Requerimentos - Ver. Jos\u00e9 de Ribamar", "autoria__autor__nome": "JOSE DE RIBAMAR COELHO", "texto_original": "http://64.23.167.191/sapl/public/materialegislativa/2025/1409/req._na_030-2025_requer_a_disponib._de_um_onibus_para_transporte_de_35_alunos.pdf", "ementa": "Requer ao Poder Executivo Municipal, por meio da Secretaria competente, a disponibiliza\u00e7\u00e3o de um \u00f4nibus para o transporte de 35 alunos da 3\u00b0 s\u00e9rie do Ensino M\u00e9dio do Col\u00e9gio Estadual Cristo Rei, acompanhados de professores, com destino \u00e0 Capital do Estado, no dia 13 de novembro de 2025."}, {"id": 1440, "ano": 2025, "numero": 31, "tipo__sigla": "REQ", "tipo__descricao": "Requerimentos - Ver. Jos\u00e9 de Ribamar", "autoria__autor__nome": "JOSE DE RIBAMAR COELHO", "texto_original": "http://64.23.167.191/sapl/public/materialegislativa/2025/1440/req._na_031-2025_requer_a_construcao_de_redutores_de_velocidade_quebra_molas_na_rua_9.pdf", "ementa": "Requer ao Poder Executivo Municipal, por interm\u00e9dio da Secretaria competente, a constru\u00e7\u00e3o de redutores de velocidade (quebra-molas) na Rua 9, localizada no Setor Bela Vista II, em frente \u00e0 resid\u00eancia do senhor Afonso."}, {"id": 1441, "ano": 2025, "numero": 32, "tipo__sigla": "REQ", "tipo__descricao": "Requerimentos - Ver. Jos\u00e9 de Ribamar", "autoria__autor__nome": "JOSE DE RIBAMAR COELHO", "texto_original": "http://64.23.167.191/sapl/public/materialegislativa/2025/1441/req._na_032-2025_requer_a_construcao_de_dois_mata_burros_na_estrada_vicinal_entre_fazenda_parada_e_a_fazenda_netario.pdf", "ementa": "Requer ao Poder Executivo Municipal, por interm\u00e9dio da Secretaria competente, a constru\u00e7\u00e3o de dois mata-burros na estrada vicinal entre a Fazenda Parada e a Fazenda Net\u00e1rio, de propriedade da ex-dona Neci Tavares."}, {"id": 1465, "ano": 2025, "numero": 33, "tipo__sigla": "REQ", "tipo__descricao": "Requerimentos - Ver. Jos\u00e9 de Ribamar", "autoria__autor__nome": "JOSE DE RIBAMAR COELHO", "texto_original": "http://64.23.167.191/sapl/public/materialegislativa/2025/1465/req.no033-2025_requer_a_realizacao_de_estudos_tecnicos_acerca_de_implantar_mao_unica_avenida_mestre_bento.pdf", "ementa": "Requer ao Poder Executivo Municipal, por interm\u00e9dio da Secretaria competente, a realiza\u00e7\u00e3o de estudos t\u00e9cnicos acerca da viabilidade de implantar m\u00e3o \u00fanica de tr\u00e1fego na Avenida Mestre Bento, exclusivamente no trecho que se inicia na Avenida Ribeir\u00e3o, nas proximidades da sa\u00edda da COAPA, segue em frente ao Banco Sicredi e se encerra no p\u00e1tio do Posto Meneguetti, permitindo apenas o tr\u00e1fego no sentido descendente da via."}, {"id": 1399, "ano": 2025, "numero": 2, "tipo__sigla": "REQ", "tipo__descricao": "Requerimentos - Ver. Lili Ben\u00edcio", "autoria__autor__nome": "LILI BEN\u00cdCIO", "texto_original": "http://64.23.167.191/sapl/public/materialegislativa/2025/1399/req._na_002-2025_requer_que_promova_uma_mobilizacao_educativa_por_meio_das_secretarias_mun._saude_ambiente_e_educacao.pdf", "ementa": "Requer ao Poder Executivo Municipal que promova uma mobiliza\u00e7\u00e3o educativa, por meio das Secretarias Municipais de Sa\u00fade, Meio Ambiente e Educa\u00e7\u00e3o, com o apoio dos Agentes Comunit\u00e1rios de Sa\u00fade e de Endemias, nas escolas e na comunidade, visando conscientizar sobre o descarte inadequado de dejetos e \u00e1guas residuais nas vias p\u00fablicas."}, {"id": 778, "ano": 2025, "numero": 1, "tipo__sigla": "REQ", "tipo__descricao": "Requerimentos - Ver. Mirneuton Soares", "autoria__autor__nome": "MIRNEUTON SOARES", "texto_original": "http://64.23.167.191/sapl/public/materialegislativa/2025/778/requer._no001-2025_-_execucao_servicos_terraplanagem_na_estrada.pdf", "ementa": "Requer ao Poder Executivo Municipal a disponibiliza\u00e7\u00e3o de m\u00e1quinas para a execu\u00e7\u00e3o de servi\u00e7os de terraplanagem na estrada de acesso \u00e0 Fazenda Cocal, de propriedade do Senhor Leonir."}, {"id": 779, "ano": 2025, "numero": 2, "tipo__sigla": "REQ", "tipo__descricao": "Requerimentos - Ver. Mirneuton Soares", "autoria__autor__nome": "MIRNEUTON SOARES", "texto_original": "http://64.23.167.191/sapl/public/materialegislativa/2025/779/requer._no002-2025_-_disponib_de_trator_com_grade_para_gradeamento.pdf", "ementa": "Requer ao Poder Executivo Municipal a disponibilidade de um trator com grade para execu\u00e7\u00e3o do gradeamento de \u00e1rea destinada ao plantio de feij\u00e3o na regi\u00e3o da Vila Mata Verde."}, {"id": 807, "ano": 2025, "numero": 3, "tipo__sigla": "REQ", "tipo__descricao": "Requerimentos - Ver. Mirneuton Soares", "autoria__autor__nome": "MIRNEUTON SOARES", "texto_original": "http://64.23.167.191/sapl/public/materialegislativa/2025/807/requerimento_n__003-2025_-_ver._mirneuton.pdf", "ementa": "Requer do Poder Executivo Municipal, atrav\u00e9s da Secretaria competente, o retorno da ambul\u00e2ncia cedida ao posto de sa\u00fade da regi\u00e3o da Vila Mata Verde, local para o qual foi originalmente designada."}, {"id": 823, "ano": 2025, "numero": 4, "tipo__sigla": "REQ", "tipo__descricao": "Requerimentos - Ver. Mirneuton Soares", "autoria__autor__nome": "MIRNEUTON SOARES", "texto_original": "http://64.23.167.191/sapl/public/materialegislativa/2025/823/req._no_004-2025_requer_a_realizacao_de_dervicos_terraplanagemreposicao_aterro.pdf", "ementa": "Requer do Poder Executivo Municipal, a realiza\u00e7\u00e3o de servi\u00e7os de terraplanagem, reposi\u00e7\u00e3o de aterro, cascalhamento e recupera\u00e7\u00e3o da estrada que liga o Setor Canavieiras I ao Canavieiras II, na Quadra 6, Rua 621 no meio da reserva."}, {"id": 834, "ano": 2025, "numero": 5, "tipo__sigla": "REQ", "tipo__descricao": "Requerimentos - Ver. Mirneuton Soares", "autoria__autor__nome": "MIRNEUTON SOARES", "texto_original": "http://64.23.167.191/sapl/public/materialegislativa/2025/834/req._no005-2025_requer_o_cascalhamento_da_estrada_q_da_acesso_a_chacara_nova_esperanca.pdf", "ementa": "Requer do Poder Executivo Municipal, o cascalhamento da estrada que d\u00e1 acesso \u00e0 Ch\u00e1cara Nova Esperan\u00e7a, de propriedade do Senhor Domingos, localizada nos fundos do loteamento Castanheiras."}, {"id": 997, "ano": 2025, "numero": 7, "tipo__sigla": "REQ", "tipo__descricao": "Requerimentos - Ver. Mirneuton Soares", "autoria__autor__nome": "MIRNEUTON SOARES", "texto_original": "http://64.23.167.191/sapl/public/materialegislativa/2025/997/req._n007-2025_a_instalacoaao_de_redutores_de_velocidades_quebra_molas.pdf", "ementa": "Requer do Poder Executivo Municipal, por interm\u00e9dio da Secretaria competente, a instala\u00e7\u00e3o de dois redutores de velocidade (quebra-molas) na Avenida Marginal Sul, via comercial localizada no Setor Canavieiras, na margem esquerda da TO-235, nas proximidades da ponte sobre o Rio Tocantins."}, {"id": 1341, "ano": 2025, "numero": 8, "tipo__sigla": "REQ", "tipo__descricao": "Requerimentos - Ver. Mirneuton Soares", "autoria__autor__nome": "MIRNEUTON SOARES", "texto_original": "http://64.23.167.191/sapl/public/materialegislativa/2025/1341/req._na008-2025_requer_a_ligacao_da_rede_de_abastecimento_de_agua_nas_ruas_da_segunda_etapa_setor_uniao.pdf", "ementa": "Requer ao Poder Executivo Municipal, por interm\u00e9dio da Secretaria competente, a liga\u00e7\u00e3o da rede de abastecimento de \u00e1gua nas ruas da segunda etapa do Setor Uni\u00e3o, bem como a constru\u00e7\u00e3o de bueiro."}, {"id": 1340, "ano": 2025, "numero": 9, "tipo__sigla": "REQ", "tipo__descricao": "Requerimentos - Ver. Mirneuton Soares", "autoria__autor__nome": "MIRNEUTON SOARES", "texto_original": "http://64.23.167.191/sapl/public/materialegislativa/2025/1340/req._na009-2025_requer_o_concerto_imediato_da_cobertura_da_quadra_de_esportes_bruno_wericles.pdf", "ementa": "Requer ao Poder Executivo Municipal, por interm\u00e9dio da Secretaria competente, o conserto imediato da cobertura da quadra de esportes Bruno Wericles da Silva Wanderley (Pai Guim\u00ea), localizada no Setor Ant\u00f4nio Joaquim Pires Martins (Portelinha) em Pedro-Afonso."}, {"id": 1353, "ano": 2025, "numero": 10, "tipo__sigla": "REQ", "tipo__descricao": "Requerimentos - Ver. Mirneuton Soares", "autoria__autor__nome": "MIRNEUTON SOARES", "texto_original": "http://64.23.167.191/sapl/public/materialegislativa/2025/1353/req._na_010-2025_requer_que_seja_realizada_a_construcao_de_uma_quadra_de_esporte.pdf", "ementa": "Requer ao Poder Executivo Municipal, que seja realizada a constru\u00e7\u00e3o de uma quadra de esportes na Escola Municipal Boa Esperan\u00e7a, localizada na regi\u00e3o da Vila Mata Verde, proporcionando aos alunos melhores condi\u00e7\u00f5es para a pr\u00e1tica de atividades f\u00edsicas e esportivas, contribuindo para o desenvolvimento educacional e social da comunidade escolar."}, {"id": 1354, "ano": 2025, "numero": 11, "tipo__sigla": "REQ", "tipo__descricao": "Requerimentos - Ver. Mirneuton Soares", "autoria__autor__nome": "MIRNEUTON SOARES", "texto_original": "http://64.23.167.191/sapl/public/materialegislativa/2025/1354/req._na_011-2025_requer_o_envio_maquinario_para_realizacao_de_servicos_de_terraplanagem.pdf", "ementa": "Requer ao Poder Executivo Municipal, por meio da Secretaria competente, o envio de maquin\u00e1rio para a realiza\u00e7\u00e3o de servi\u00e7os de terraplanagem na estrada que d\u00e1 acesso \u00e0 Fazenda S\u00e3o Bento, pr\u00f3xima \u00e0 Ch\u00e1cara do Sebasti\u00e3o Quileto, de propriedade da Senhora Maria de Jesus Lira Rocha, localizada na regi\u00e3o do munic\u00edpio de Bom Jesus do Tocantins."}, {"id": 1365, "ano": 2025, "numero": 12, "tipo__sigla": "REQ", "tipo__descricao": "Requerimentos - Ver. Mirneuton Soares", "autoria__autor__nome": "MIRNEUTON SOARES", "texto_original": "http://64.23.167.191/sapl/public/materialegislativa/2025/1365/req._na_012-2025_requer_a_abertura_no_canteiro_central_da_avenida_no02_setor_canavieiras.pdf", "ementa": "Requer ao Poder Executivo Municipal, por meio da Secretaria competente, abertura no canteiro central da Avenida n\u00b0 02, no Setor Canavieiras, visando criar acesso \u00e0 Rua n\u00b0 66."}, {"id": 1395, "ano": 2025, "numero": 13, "tipo__sigla": "REQ", "tipo__descricao": "Requerimentos - Ver. Mirneuton Soares", "autoria__autor__nome": "MIRNEUTON SOARES", "texto_original": "http://64.23.167.191/sapl/public/materialegislativa/2025/1395/req._na013-2025_requer_a_disponib_de_um_trator_com_grade_para_gradeamento_de_2_alqueres.pdf", "ementa": "Requer ao Poder Executivo Municipal, por meio da Secretaria competente, a disponibiliza\u00e7\u00e3o de um trator com grade para o gradeamento de 02 (dois) alqueires na Ch\u00e1cara Rancho KS, de propriedade dos senhores Silvio Eduardo da Silva e Kelmaria, localizada na regi\u00e3o da Gurgulho, neste munic\u00edpio."}, {"id": 1398, "ano": 2025, "numero": 14, "tipo__sigla": "REQ", "tipo__descricao": "Requerimentos - Ver. Mirneuton Soares", "autoria__autor__nome": "MIRNEUTON SOARES", "texto_original": "http://64.23.167.191/sapl/public/materialegislativa/2025/1398/req._na_014-2025_requer_a_criacao_de_um_centro_de_atividades_complementares.pdf", "ementa": "Requer ao Poder Executivo Municipal, por meio da Secretaria competente, a cria\u00e7\u00e3o de um Centro de Atividades Complementares, que funcione como uma Rede Municipal de Cursinhos Populares, com o objetivo de auxiliar e preparar estudantes para vestibulares e concursos p\u00fablicos."}, {"id": 1468, "ano": 2025, "numero": 15, "tipo__sigla": "REQ", "tipo__descricao": "Requerimentos - Ver. Mirneuton Soares", "autoria__autor__nome": "MIRNEUTON SOARES", "texto_original": "http://64.23.167.191/sapl/public/materialegislativa/2025/1468/req._na015-2025_requer_o_asfaltamento_em_torno_em_torno_da_praca_central_local._regiao_vila_mata_verde.pdf", "ementa": "Requer ao Poder Executivo Municipal, por meio da Secretaria competente, o asfaltamento em torno da pra\u00e7a central localizada na regi\u00e3o da Vila Mata Verde."}, {"id": 1469, "ano": 2025, "numero": 16, "tipo__sigla": "REQ", "tipo__descricao": "Requerimentos - Ver. Mirneuton Soares", "autoria__autor__nome": "MIRNEUTON SOARES", "texto_original": "http://64.23.167.191/sapl/public/materialegislativa/2025/1469/req._no016-2025_requer_a_construcao_de_quebra_molas_em_frente_a_casa_da_senhora_albina.pdf", "ementa": "Requer ao Poder Executivo Municipal, por meio da Secretaria competente, a constru\u00e7\u00e3o de quebra-molas em frente \u00e0 casa da Senhora Albina Rodrigues dos Prazeres, localizadas na Rua Um, que d\u00e1 acesso \u00e0 Rua Numeriano Bezerra de Castro, ao lado da pra\u00e7a Lagoa da Cruz."}, {"id": 853, "ano": 2025, "numero": 2, "tipo__sigla": "REQ", "tipo__descricao": "Requerimentos - Ver. Marquim Catabriga", "autoria__autor__nome": "MARQUIM CATABRIGA", "texto_original": "http://64.23.167.191/sapl/public/materialegislativa/2025/853/req._no002-2025__requer_a_disponibilizacao_de_caminha_o_pertecente_a_frota_mun..pdf", "ementa": "Requer ao Poder Executivo Municipal a disponibiliza\u00e7\u00e3o de um caminh\u00e3o pertencente \u00e0 frota municipal para realizar o transporte da mudan\u00e7a da\r\nsenhora Francineia da Silva Ferreira, residente atualmente na cidade de Palmas, no endere\u00e7o 305 Norte, Alameda 30, Quadra 30, Lote 05, para o\r\nmunic\u00edpio de Pedro Afonso - TO ."}, {"id": 862, "ano": 2025, "numero": 3, "tipo__sigla": "REQ", "tipo__descricao": "Requerimentos - Ver. Marquim Catabriga", "autoria__autor__nome": "MARQUIM CATABRIGA", "texto_original": "http://64.23.167.191/sapl/public/materialegislativa/2025/862/req._no003-2025_requer_que_faca_gestoes_junto_a_agencia_do_banco_bradesco.pdf", "ementa": "\"Requer que o Poder Executivo Municipal fa\u00e7a gest\u00f5es junto \u00e0 Ag\u00eancia do Banco Bradesco, a fim de garantir a perman\u00eancia da estrutura dos caixas\r\neletr\u00f4nicos desta ag\u00eancia no munic\u00edpio.\""}, {"id": 1040, "ano": 2025, "numero": 4, "tipo__sigla": "REQ", "tipo__descricao": "Requerimentos - Ver. Marquim Catabriga", "autoria__autor__nome": "MARQUIM CATABRIGA", "texto_original": "http://64.23.167.191/sapl/public/materialegislativa/2025/1040/req._n004-2025__requer_a_disponib._de__maquinarios.pdf", "ementa": "Requer ao Poder Executivo Municipal a disponibiliza\u00e7\u00e3o de maquin\u00e1rios, tais como: uma patrol, uma ca\u00e7amba e uma retroescavadeira, para realiza\u00e7\u00e3o de servi\u00e7os na Fazenda Boa Esperan\u00e7a."}, {"id": 1313, "ano": 2025, "numero": 5, "tipo__sigla": "REQ", "tipo__descricao": "Requerimentos - Ver. Marquim Catabriga", "autoria__autor__nome": "MARQUIM CATABRIGA", "texto_original": "http://64.23.167.191/sapl/public/materialegislativa/2025/1313/req._na_005-2025_requer_o_cascalhamento_da_vias_do__setor_uniao.pdf", "ementa": "\"Requer ao Poder Executivo Municipal, atrav\u00e9s da Secretaria competente, cascalhamento das vias do Setor Uni\u00e3o.\""}, {"id": 1344, "ano": 2025, "numero": 7, "tipo__sigla": "REQ", "tipo__descricao": "Requerimentos - Ver. Marquim Catabriga", "autoria__autor__nome": "MARQUIM CATABRIGA", "texto_original": "http://64.23.167.191/sapl/public/materialegislativa/2025/1344/req_na007-2025_requer_a_instalacao_de_quadro_automatico_no_sistema_de_abastecimento_de_agua_em_anajanopolis.pdf", "ementa": "Requer ao Poder do Executivo Municipal a instala\u00e7\u00e3o de quadro autom\u00e1tico no sistema de abastecimento de \u00e1gua do distrito de Anajan\u00f3polis - Porto Real e, posteriormente, a an\u00e1lise para abertura de po\u00e7o artesiano."}, {"id": 1343, "ano": 2025, "numero": 8, "tipo__sigla": "REQ", "tipo__descricao": "Requerimentos - Ver. Marquim Catabriga", "autoria__autor__nome": "MARQUIM CATABRIGA", "texto_original": "http://64.23.167.191/sapl/public/materialegislativa/2025/1343/req_na008-2025_requer_a_disponibilizacao_de_uma_pa_carregadeira.pdf", "ementa": "Requer ao Poder Executivo Municipal a disponibiliza\u00e7\u00e3o de uma p\u00e1 carregadeira para realizar servi\u00e7os de abertura de cacimbas/po\u00e7os destinados \u00e0 cria\u00e7\u00e3o de peixes na propriedade rural denominada \"Ch\u00e1cara da Vov\u00f3\", de propriedade da senhora Cleidi Sofie Bossler Bihain, localizada no munic\u00edpio de Bom Jesus do Tocantins."}, {"id": 1336, "ano": 2025, "numero": 9, "tipo__sigla": "REQ", "tipo__descricao": "Requerimentos - Ver. Marquim Catabriga", "autoria__autor__nome": "MARQUIM CATABRIGA", "texto_original": "http://64.23.167.191/sapl/public/materialegislativa/2025/1336/requerimento_no_009-2025_a_disponibilizacao_de_uma_cacamba_para_realizacao_de_servicos_essenciais_na_fazenda_ceu_azul.pdf", "ementa": "Requer ao Poder Executivo Municipal, por meio da Secretaria competente, a disponibiliza\u00e7\u00e3o de uma ca\u00e7amba para a realiza\u00e7\u00e3o de servi\u00e7os essenciais na Fazenda C\u00e9u Azul, de propriedade da Senhora Maria Cristina Mascarenhas Ben\u00edcio, localizada no munic\u00edpio de Bom Jesus do Tocantins."}, {"id": 1392, "ano": 2025, "numero": 10, "tipo__sigla": "REQ", "tipo__descricao": "Requerimentos - Ver. Marquim Catabriga", "autoria__autor__nome": "MARQUIM CATABRIGA", "texto_original": "http://64.23.167.191/sapl/public/materialegislativa/2025/1392/req._no010-2025_requer_a_disponibilizacao_de_transportesvam_da_secretaria_mun._de_saude.pdf", "ementa": "Requer ao Poder Executivo Municipal, por meio da Secretaria competente, a disponibiliza\u00e7\u00e3o de transportes, (van da Secretaria Municipal de Sa\u00fade ou da Secretaria Municipal de Agricultura) para atender ao Projeto Social UPB - Unidos Pelo Bem, em viagem \u00e0 cidade de Palmas - TO, no dia 22 ou 29 de novembro de 2025, conforme disponibilidade."}, {"id": 763, "ano": 2025, "numero": 1, "tipo__sigla": "REQ", "tipo__descricao": "Requerimentos - Ver. Pedro Vinicius", "autoria__autor__nome": "PEDRO BELARMINO", "texto_original": "http://64.23.167.191/sapl/public/materialegislativa/2025/763/requerimento_no_001-2025_-_ver._pedro_-_disponibilizacao_de_trator_para_beneficio_de_familias.pdf", "ementa": "Requer ao Poder Executivo Municipal a DISPONIBILIZA\u00c7\u00c3O de trator para benef\u00edcio de fam\u00edlias rurais da regi\u00e3o do Bananal, munic\u00edpio de Pedro Afonso/TO."}, {"id": 764, "ano": 2025, "numero": 2, "tipo__sigla": "REQ", "tipo__descricao": "Requerimentos - Ver. Pedro Vinicius", "autoria__autor__nome": "PEDRO BELARMINO", "texto_original": "http://64.23.167.191/sapl/public/materialegislativa/2025/764/requerimento_no_002-2025_-_ver._pedro_-_instalacao_de_iluminacao_publica_no_setor_canada..pdf", "ementa": "Requer ao Poder Executivo Municipal a Instala\u00e7\u00e3o de Ilumina\u00e7\u00e3o P\u00fablica no Setor Canad\u00e1."}, {"id": 794, "ano": 2025, "numero": 3, "tipo__sigla": "REQ", "tipo__descricao": "Requerimentos - Ver. Pedro Vinicius", "autoria__autor__nome": "PEDRO BELARMINO", "texto_original": "http://64.23.167.191/sapl/public/materialegislativa/2025/794/requerimento_no_003-2025_-__limpeza_vila_mata_verde.pdf", "ementa": "Requer ao Poder Executivo Municipal, por intermedio da Secretaria competente a realiza\u00e7\u00e3o de servi\u00e7os de limpeza na regi\u00e3o da Vila Mata Verde."}, {"id": 808, "ano": 2025, "numero": 4, "tipo__sigla": "REQ", "tipo__descricao": "Requerimentos - Ver. Pedro Vinicius", "autoria__autor__nome": "PEDRO BELARMINO", "texto_original": "http://64.23.167.191/sapl/public/materialegislativa/2025/808/requerimento_n004-2025_vereador_pedro_belarmino.pdf", "ementa": "Requer ao Poder Executivo Municipal, por interm\u00e9dio da Secretaria competente a disponibiliza\u00e7\u00e3o de um TRATOR COM GRADE para a realiza\u00e7\u00e3o de servi\u00e7os de ara\u00e7\u00e3o na Ch\u00e1cara salmo 23, de propriedade do senhor Raimundo Bezerra de Sousa, localizada a 08 (oito) quil\u00f4metros do Munic\u00edpio de Bom Jesus do Tocantins."}, {"id": 809, "ano": 2025, "numero": 5, "tipo__sigla": "REQ", "tipo__descricao": "Requerimentos - Ver. Pedro Vinicius", "autoria__autor__nome": "PEDRO BELARMINO", "texto_original": "http://64.23.167.191/sapl/public/materialegislativa/2025/809/requerimento_n005-2025_vereador_pedro_belarmino.pdf", "ementa": "Requer ao Poder Executivo Municipal, por interm\u00e9dio da Secretaria competente, provid\u00eancias urgentes para a limpeza e o recolhimento de lixo na sede da Agrovila Bom Tempo."}, {"id": 826, "ano": 2025, "numero": 7, "tipo__sigla": "REQ", "tipo__descricao": "Requerimentos - Ver. Pedro Vinicius", "autoria__autor__nome": "PEDRO BELARMINO", "texto_original": "http://64.23.167.191/sapl/public/materialegislativa/2025/826/req._no007-2025_requer_a_relacao_detalhada_dos_medicamentos_fornecidos_secretaria_mun._saude.pdf", "ementa": "Requer ao Poder Executivo Municipal, a rela\u00e7\u00e3o detalhada dos Medicamentos Fornecidos gratuitamente pela Secretaria Municipal de Sa\u00fade \u00e0 popula\u00e7\u00e3o."}, {"id": 846, "ano": 2025, "numero": 14, "tipo__sigla": "REQ", "tipo__descricao": "Requerimentos - Ver. Pedro Vinicius", "autoria__autor__nome": "PEDRO BELARMINO", "texto_original": "http://64.23.167.191/sapl/public/materialegislativa/2025/846/req._no014-2025_a_viabilidade_de_transformar_a_avenida_numeriano_b._de_castro_mao_unica.pdf", "ementa": "Requer ao Poder Executivo Municipal, a realiza\u00e7\u00e3o de estudos acerca da viabilidade de transformar a Avenida Numeriano Bezerra de Castro em m\u00e3o \u00fanica."}, {"id": 847, "ano": 2025, "numero": 15, "tipo__sigla": "REQ", "tipo__descricao": "Requerimentos - Ver. Pedro Vinicius", "autoria__autor__nome": "PEDRO BELARMINO", "texto_original": "http://64.23.167.191/sapl/public/materialegislativa/2025/847/req._no015-2025_a_instalacao_de_2_lixeiras_na_passarela.pdf", "ementa": "Requer do Poder Executivo Municipal, a instala\u00e7\u00e3o de duas lixeiras ao lado da passarela situada entre as cidades de Pedro Afonso e Bom Jesus do Tocantins."}, {"id": 855, "ano": 2025, "numero": 16, "tipo__sigla": "REQ", "tipo__descricao": "Requerimentos - Ver. Pedro Vinicius", "autoria__autor__nome": "PEDRO BELARMINO", "texto_original": "http://64.23.167.191/sapl/public/materialegislativa/2025/855/req._no016-2025_requer_a_construcao_de_quiosques_no_espaco_publico.pdf", "ementa": "Requer do Poder Executivo Municipal, a constru\u00e7\u00e3o de quiosques no espa\u00e7o p\u00fablico que est\u00e1 sendo implantado em frente ao Setor Castanheira."}, {"id": 856, "ano": 2025, "numero": 17, "tipo__sigla": "REQ", "tipo__descricao": "Requerimentos - Ver. Pedro Vinicius", "autoria__autor__nome": "PEDRO BELARMINO", "texto_original": "http://64.23.167.191/sapl/public/materialegislativa/2025/856/req._no017-2025_requer_a_contratacao_de_um_zelador_para_praca_e_quadra_de_anajanopolis.pdf", "ementa": "Requer do Poder Executivo Municipal, a contrata\u00e7\u00e3o de um zelador para a pra\u00e7a e quadra esportiva do Distrito de Anajan\u00f3polis - Porto Real."}, {"id": 864, "ano": 2025, "numero": 18, "tipo__sigla": "REQ", "tipo__descricao": "Requerimentos - Ver. Pedro Vinicius", "autoria__autor__nome": "PEDRO BELARMINO", "texto_original": "http://64.23.167.191/sapl/public/materialegislativa/2025/864/req._no018-2025_a_realizacao_de_limpeza_e_constr._calcada_area_caixa_dagua.pdf", "ementa": "Requer do Poder Executivo Municipal, a realiza\u00e7\u00e3o de limpeza e a constru\u00e7\u00e3o de uma cal\u00e7ada na \u00e1rea onde est\u00e1 localizada a caixa d`\u00e1gua, situada na Avenida H."}, {"id": 865, "ano": 2025, "numero": 19, "tipo__sigla": "REQ", "tipo__descricao": "Requerimentos - Ver. Pedro Vinicius", "autoria__autor__nome": "PEDRO BELARMINO", "texto_original": "http://64.23.167.191/sapl/public/materialegislativa/2025/865/req._no019-2025_requer_que_estude_a_viabilidade_de_xriacao_da_guarda_mun..pdf", "ementa": "\"Requer do Poder Executivo Municipal, que estude a viabilidade de cria\u00e7\u00e3o da GUARDA MUNICIPAL, com estrutura adequada, pessoal capacitado e plano de atua\u00e7\u00e3o, a fim de contribuir com a seguran\u00e7a dos cidad\u00e3os e com a prote\u00e7\u00e3o do patrim\u00f4nio p\u00fablico municipal.\""}, {"id": 866, "ano": 2025, "numero": 20, "tipo__sigla": "REQ", "tipo__descricao": "Requerimentos - Ver. Pedro Vinicius", "autoria__autor__nome": "PEDRO BELARMINO", "texto_original": "http://64.23.167.191/sapl/public/materialegislativa/2025/866/req._no020-2025_req._que_realize_gestoes_junto_ao_governocom_objetivo_de_liberar_areas.pdf", "ementa": "Requer do Poder Executivo Municipal, que realize gest\u00f5es junto ao Governo do Estado do Tocantins, com o objetivo de liberar \u00e1reas e viabilizar a aquisi\u00e7\u00e3o de unidades habitacionais destinadas \u00e0s fam\u00edlias em situa\u00e7\u00e3o de vulnerabilidade social no distrito de Anajan\u00f3polis - Porto Real."}, {"id": 867, "ano": 2025, "numero": 21, "tipo__sigla": "REQ", "tipo__descricao": "Requerimentos - Ver. Pedro Vinicius", "autoria__autor__nome": "PEDRO BELARMINO", "texto_original": "http://64.23.167.191/sapl/public/materialegislativa/2025/867/req._no021-2025_requer_a_realizacao_estudo_tecnico_para_perfuracao_de_pocos..pdf", "ementa": "\"Requer do Poder Executivo Municipal, a realiza\u00e7\u00e3o de um estudo t\u00e9cnico para a perfura\u00e7\u00e3o de po\u00e7os semi-artesianos nas propriedades que necessitam desse servi\u00e7o.\""}, {"id": 960, "ano": 2025, "numero": 22, "tipo__sigla": "REQ", "tipo__descricao": "Requerimentos - Ver. Pedro Vinicius", "autoria__autor__nome": "PEDRO BELARMINO", "texto_original": "http://64.23.167.191/sapl/public/materialegislativa/2025/960/req._n_022-2025_requer_a_realizacoaao_de_um_estudo_para_adquirir_os_livros_do_lourivan_castro.pdf", "ementa": "Requer do Poder Executivo Municipal, a realiza\u00e7\u00e3o de um estudo para a aquisi\u00e7\u00e3o dos livros infantis do autor Lourivan Castro."}, {"id": 963, "ano": 2025, "numero": 23, "tipo__sigla": "REQ", "tipo__descricao": "Requerimentos - Ver. Pedro Vinicius", "autoria__autor__nome": "PEDRO BELARMINO", "texto_original": "http://64.23.167.191/sapl/public/materialegislativa/2025/963/req._n_023-2025_a_instalacoao_forro_e_climatizacoaao_em_2_salas_de_aulas.pdf", "ementa": "Requer do Poder Executivo Municipal, atrav\u00e9s da Secretaria competente, a instala\u00e7\u00e3o de forro e a climatiza\u00e7\u00e3o em 2 (duas) salas de aula da extens\u00e3o da Escola Municipal Boa Esperan\u00e7a, localizada no Distrito de Anajan\u00f3polis - Porto Real."}, {"id": 964, "ano": 2025, "numero": 24, "tipo__sigla": "REQ", "tipo__descricao": "Requerimentos - Ver. Pedro Vinicius", "autoria__autor__nome": null, "texto_original": "http://64.23.167.191/", "ementa": "Requer do Poder Executivo Municipal, atrav\u00e9s da Secretaria competente, a constru\u00e7\u00e3o de uma escola no distrito a atender a educa\u00e7\u00e3o infantil do 1\u00b0 ao 5\u00b0 ano."}, {"id": 1039, "ano": 2025, "numero": 25, "tipo__sigla": "REQ", "tipo__descricao": "Requerimentos - Ver. Pedro Vinicius", "autoria__autor__nome": "PEDRO BELARMINO", "texto_original": "http://64.23.167.191/sapl/public/materialegislativa/2025/1039/req._n_025-2025_requer_que_informe_a_esta_casa_de_leis_quais_acooesprojetos_ou_obras.pdf", "ementa": "Requer ao Poder Executivo Municipal que informe a esta Casa de Leis quais a\u00e7\u00f5es, projetos ou obras foram ou est\u00e3o sendo executadas com os recursos oriundos de emendas parlamentares destinadas ao munic\u00edpio pelo Deputado Federal Alexandre Guimar\u00e3es."}, {"id": 1041, "ano": 2025, "numero": 26, "tipo__sigla": "REQ", "tipo__descricao": "Requerimentos - Ver. Pedro Vinicius", "autoria__autor__nome": "PEDRO BELARMINO", "texto_original": "http://64.23.167.191/sapl/public/materialegislativa/2025/1041/req._n026-2025_requer_a_construcoaao_de_rampa_de_acesso_ao_rio_sono.pdf", "ementa": "Requer ao Poder Executivo Municipal, por meio da Secretaria competente, a constru\u00e7\u00e3o de uma rampa de acesso ao Rio Sono, do lado da ponte do Rio Sono, pr\u00f3ximo \u00e0 Secretaria Municipal de Infraestrutura."}, {"id": 1309, "ano": 2025, "numero": 27, "tipo__sigla": "REQ", "tipo__descricao": "Requerimentos - Ver. Pedro Vinicius", "autoria__autor__nome": "PEDRO BELARMINO", "texto_original": "http://64.23.167.191/sapl/public/materialegislativa/2025/1309/req._no_027-2025_requer_a_criacao_de_monumento_em_homenagem_a_libertacao_dos_jegues.pdf", "ementa": "\"Requer ao Poder Executivo Municipal, a cria\u00e7\u00e3o de monumento em homenagem \u00e0 liberta\u00e7\u00e3o dos jegues.\""}, {"id": 1318, "ano": 2025, "numero": 28, "tipo__sigla": "REQ", "tipo__descricao": "Requerimentos - Ver. Pedro Vinicius", "autoria__autor__nome": "PEDRO BELARMINO", "texto_original": "http://64.23.167.191/sapl/public/materialegislativa/2025/1318/req._na_028-2025_requer_a_construcao_de_um_novo_reservatorio_de_agua_no_distrito_de_anajanopolis.pdf", "ementa": "\"Requer ao Poder Executivo Municipal, por interm\u00e9dio da Secretaria competente, a constru\u00e7\u00e3o de um novo reservat\u00f3rio de \u00e1gua no Distrito de Anajan\u00f3polis, a instala\u00e7\u00e3o de mais uma caixa d'\u00e1gua e a amplia\u00e7\u00e3o da rede de abastecimento de \u00e1gua na parte cima do referido Distrito.\""}, {"id": 1317, "ano": 2025, "numero": 29, "tipo__sigla": "REQ", "tipo__descricao": "Requerimentos - Ver. Pedro Vinicius", "autoria__autor__nome": "PEDRO BELARMINO", "texto_original": "http://64.23.167.191/sapl/public/materialegislativa/2025/1317/req._na029-2025_requer_a_disponibilizacao_de_um_carro_pipa_para_atender_familias_de_anajanopolis.pdf", "ementa": "\"Requer ao Poder Executivo Municipal a disponibiliza\u00e7\u00e3o de um carro-pipa para atender as fam\u00edlias do Distrito de Anajan\u00f3polis que v\u00eam enfrentando dificuldades no abastecimento de \u00e1gua.\""}, {"id": 1325, "ano": 2025, "numero": 30, "tipo__sigla": "REQ", "tipo__descricao": "Requerimentos - Ver. Pedro Vinicius", "autoria__autor__nome": "PEDRO BELARMINO", "texto_original": "http://64.23.167.191/sapl/public/materialegislativa/2025/1325/req._na030-2025_requer_a_recuperacao_da_ponte_sobre_corrego_boa_esperanca.pdf", "ementa": "\"Requer ao Poder Executivo Municipal, por meio da Secretaria competente, a recupera\u00e7\u00e3o da ponte sobre o C\u00f3rrego Boa Esperan\u00e7a, bem como a recupera\u00e7\u00e3o da estrada que d\u00e1 acesso \u00e0 regi\u00e3o do Bananal.\""}, {"id": 1337, "ano": 2025, "numero": 31, "tipo__sigla": "REQ", "tipo__descricao": "Requerimentos - Ver. Pedro Vinicius", "autoria__autor__nome": "PEDRO BELARMINO", "texto_original": "http://64.23.167.191/sapl/public/materialegislativa/2025/1337/req._na031-2025_req._a_construcao_de_calcamento_destinado_a_pedestres.pdf", "ementa": "Requer ao Poder Executivo Municipal, por interm\u00e9dio da Secretaria competente, a constru\u00e7\u00e3o de cal\u00e7amento destinado a pedestres, em ambos os lados da via, no trecho compreendido entre o acesso da COAPA at\u00e9 o acesso da BR-235."}, {"id": 1367, "ano": 2025, "numero": 32, "tipo__sigla": "REQ", "tipo__descricao": "Requerimentos - Ver. Pedro Vinicius", "autoria__autor__nome": "PEDRO BELARMINO", "texto_original": "http://64.23.167.191/sapl/public/materialegislativa/2025/1367/req._na_032-2025_requer_a_disponibilizacao_de_um_onibus_para_transporte_de_30_alunos.pdf", "ementa": "Requer ao Poder Executivo Municipal, a disponibiliza\u00e7\u00e3o de um \u00f4nibus para o transporte de 30 alunos da Escolhinha \"Bola no P\u00e9 e Caderno na M\u00e3o\"."}, {"id": 1386, "ano": 2025, "numero": 33, "tipo__sigla": "REQ", "tipo__descricao": "Requerimentos - Ver. Pedro Vinicius", "autoria__autor__nome": "PEDRO BELARMINO", "texto_original": "http://64.23.167.191/sapl/public/materialegislativa/2025/1386/req._na033-2025_requer_a_disponib._de_um_trator_agricula.pdf", "ementa": "Requer ao Poder Executivo Municipal, por interm\u00e9dio da Secretaria competente, a disponibiliza\u00e7\u00e3o de um trator agr\u00edcola para a realiza\u00e7\u00e3o do servi\u00e7o de ara\u00e7\u00e3o de terra na ch\u00e1cara Salmo 23, situada na zona rural do munic\u00edpio de Bom Jesus do Tocantins - TO, a aproximadamente 8 km da sede municipal, de propriedade do Senhor Raimundo Bezerra de Sousa."}, {"id": 1410, "ano": 2025, "numero": 34, "tipo__sigla": "REQ", "tipo__descricao": "Requerimentos - Ver. Pedro Vinicius", "autoria__autor__nome": "PEDRO BELARMINO", "texto_original": "http://64.23.167.191/sapl/public/materialegislativa/2025/1410/req._na_034-2025_requer_a_revitalizacao_da_placa_localizada_em_frente_a_unidade_de_acolhimento.pdf", "ementa": "Requer ao Poder Executivo Municipal, por interm\u00e9dio da Secretaria competente, a revitaliza\u00e7\u00e3o da placa localizada em frente \u00e0 Unidade de Acolhimento Casa do Idoso, a qual leva o nome de Jovelina e Raimundo Bezerra."}, {"id": 1438, "ano": 2025, "numero": 35, "tipo__sigla": "REQ", "tipo__descricao": "Requerimentos - Ver. Pedro Vinicius", "autoria__autor__nome": "PEDRO BELARMINO", "texto_original": "http://64.23.167.191/sapl/public/materialegislativa/2025/1438/req_na035-2025_requer_por_intermedio_do_sisapa_a_instalacao_da_rede_agua_na_residencia_do_sr_jucivanio.pdf", "ementa": "Requer ao Poder Executivo Municipal, por interm\u00e9dio do Sistema de Saneamento B\u00e1sico - SISAPA, a instala\u00e7\u00e3o da rede de \u00e1gua na resid\u00eancia do senhor Jucivanio Lopes Santana, situada na Rua 03, Setor Aeroporto II, munic\u00edpio de Pedro Afonso - TO."}, {"id": 1442, "ano": 2025, "numero": 36, "tipo__sigla": "REQ", "tipo__descricao": "Requerimentos - Ver. Pedro Vinicius", "autoria__autor__nome": "PEDRO BELARMINO", "texto_original": "http://64.23.167.191/sapl/public/materialegislativa/2025/1442/req._na_036-2025_requer_a_recuperacao_e_revitalizacao_da_quadra_de_esportes_nemesio_martins..pdf", "ementa": "Requer ao Poder Executivo Municipal, por meio da Secretaria competente, que seja realizada a recupera\u00e7\u00e3o e revitaliza\u00e7\u00e3o da Quadra de Esportes Nem\u00e9sio Martins, localizada no Distrito de Porto Real."}, {"id": 1443, "ano": 2025, "numero": 37, "tipo__sigla": "REQ", "tipo__descricao": "Requerimentos - Ver. Pedro Vinicius", "autoria__autor__nome": "PEDRO BELARMINO", "texto_original": "http://64.23.167.191/sapl/public/materialegislativa/2025/1443/req._na_037-2025_requer_o_patrolamento_e_a_recuperacao_da_estrada_que_compreende_o_trecho_entre_ponte_da_gameleira.pdf", "ementa": "Requer ao Poder Executivo Municipal, por meio da Secretaria competente, o patrolamento e a recupera\u00e7\u00e3o da estrada qe compreende o trecho entre a ponte da gameleira e a sede da Agrovila Bom Tempo."}, {"id": 765, "ano": 2025, "numero": 1, "tipo__sigla": "REQ", "tipo__descricao": "Requerimentos - Ver. R\u00f4mulo Soares", "autoria__autor__nome": "ROMULO SOARES", "texto_original": "http://64.23.167.191/sapl/public/materialegislativa/2025/765/requerimento_no_001-2025_-_ver._romulo_-_instalacao_de_seguranca_viaria_na_avenida_mestre_bento..pdf", "ementa": "Requer ao Poder Executivo Municipal provid\u00eancias para instala\u00e7\u00e3o de medidas de seguran\u00e7as vi\u00e1ria na Avenida Mestre Bento."}, {"id": 766, "ano": 2025, "numero": 2, "tipo__sigla": "REQ", "tipo__descricao": "Requerimentos - Ver. R\u00f4mulo Soares", "autoria__autor__nome": "ROMULO SOARES", "texto_original": "http://64.23.167.191/sapl/public/materialegislativa/2025/766/requerimento_no_002-2025_-_ver._romulo_-_instalacao_de_semaforos_nas_principais_avenidas_do_municipio..pdf", "ementa": "Requer ao Poder Executivo Municipal a instala\u00e7\u00e3o de sem\u00e1foros nas principais avenidas do munic\u00edpio."}, {"id": 767, "ano": 2025, "numero": 3, "tipo__sigla": "REQ", "tipo__descricao": "Requerimentos - Ver. R\u00f4mulo Soares", "autoria__autor__nome": "ROMULO SOARES", "texto_original": "http://64.23.167.191/sapl/public/materialegislativa/2025/767/requerimento_no_003-2025_-_ver._romulo_envio_de_maquinas_para_realizacao_de_servicos_de_infraestrutura..pdf", "ementa": "Requer ao Poder Executivo Municipal o envio de m\u00e1quinas para realiza\u00e7\u00e3o de servi\u00e7os de infraestrutura na Fazenda Boa Esperan\u00e7a, de propriedade do senhor Tiago Gon\u00e7alves Ferreira Reis."}, {"id": 780, "ano": 2025, "numero": 4, "tipo__sigla": "REQ", "tipo__descricao": "Requerimentos - Ver. R\u00f4mulo Soares", "autoria__autor__nome": "ROMULO SOARES", "texto_original": "http://64.23.167.191/sapl/public/materialegislativa/2025/780/requer._no004-2025_-_aquisicao_de_terreno_construcao_setor_industrial.pdf", "ementa": "Requer ao Poder Executivo Municipal aquisi\u00e7\u00e3o de terreno para constru\u00e7\u00e3o de Setor Industrial no munic\u00edpio de Pedro Afonso-TO."}, {"id": 783, "ano": 2025, "numero": 5, "tipo__sigla": "REQ", "tipo__descricao": "Requerimentos - Ver. R\u00f4mulo Soares", "autoria__autor__nome": "ROMULO SOARES", "texto_original": "http://64.23.167.191/sapl/public/materialegislativa/2025/783/requer._no005-2025_-_levant_poste_que_nessecitam_de_lampadas_na_zona_urbana_e_rural.pdf", "ementa": "Requer ao Poder Executivo Municipal, levantamento dos postes que necessitam de reposi\u00e7\u00e3o de l\u00e2mpadas na zona urbana e rural, abrangendo as regi\u00f5es da Vila Mata Verde e do Distrito de Anajan\u00f3polis - Porto Real."}, {"id": 800, "ano": 2025, "numero": 6, "tipo__sigla": "REQ", "tipo__descricao": "Requerimentos - Ver. R\u00f4mulo Soares", "autoria__autor__nome": "ROMULO SOARES", "texto_original": "http://64.23.167.191/sapl/public/materialegislativa/2025/800/req._n_006-2025__a_reforma_da_praca_maria_galvao_do_quiosque_e_da_estacao_digital__vereador_romulo_soares.pdf", "ementa": "Requer ao poder executivo municipal, atrav\u00e9s da secretaria competente, a reforma da pra\u00e7a Maria Galv\u00e3o, do quiosque e da esta\u00e7\u00e3o digital, todos localizados no setor Maria Galv\u00e3o, incluindo a limpeza geral da pra\u00e7a e a poda das \u00e1rvores."}, {"id": 804, "ano": 2025, "numero": 7, "tipo__sigla": "REQ", "tipo__descricao": "Requerimentos - Ver. R\u00f4mulo Soares", "autoria__autor__nome": "ROMULO SOARES", "texto_original": "http://64.23.167.191/sapl/public/materialegislativa/2025/804/req._n_007-2025__o_recapeamento_das_ruas_02_e_03_st_maria_galvao_vereador_romulo_soares.pdf", "ementa": "Requer do Poder Executivo Municipal, atrav\u00e9s da Secretaria competente, o recapeamento das ruas 02 e 03, localizadas no setor Maria Galv\u00e3o, e da Rua 05, situada no setor Bela Vista I."}, {"id": 836, "ano": 2025, "numero": 9, "tipo__sigla": "REQ", "tipo__descricao": "Requerimentos - Ver. R\u00f4mulo Soares", "autoria__autor__nome": "ROMULO SOARES", "texto_original": "http://64.23.167.191/sapl/public/materialegislativa/2025/836/req._no_009-2025_requer_a_implantacao_de_uma_farmacia_basica_na_unid_basica_de_saude_ubs.pdf", "ementa": "Requer do Poder Executivo Municipal, a implanta\u00e7\u00e3o de uma Farm\u00e1cia B\u00e1sica na Unidade B\u00e1sica de Sa\u00fade (UBS) Seni Ben\u00edcio, localizada na Avenida Marta V\u00e2nia, Setor Aeroporto II."}, {"id": 835, "ano": 2025, "numero": 10, "tipo__sigla": "REQ", "tipo__descricao": "Requerimentos - Ver. R\u00f4mulo Soares", "autoria__autor__nome": "ROMULO SOARES", "texto_original": "http://64.23.167.191/sapl/public/materialegislativa/2025/835/req._no010-2025__requer_o_recapeamento_da_rua_jose_florencio_r._filho.pdf", "ementa": "Requer do Poder Executivo Municipal, o recapeamento da rua Jos\u00e9 Flor\u00eancio Rocha Filho, localizadas no Setor Maria Galv\u00e3o."}, {"id": 843, "ano": 2025, "numero": 12, "tipo__sigla": "REQ", "tipo__descricao": "Requerimentos - Ver. R\u00f4mulo Soares", "autoria__autor__nome": "ROMULO SOARES", "texto_original": "http://64.23.167.191/sapl/public/materialegislativa/2025/843/req._no012-2025_que_faca_gestoes_junto_ao_senai.pdf", "ementa": "Requer ao Poder Executivo Municipal que promova gest\u00f5es junto ao SENAI, com o objetivo de solicitar a realiza\u00e7\u00e3o de estudos de viabilidade para a instala\u00e7\u00e3o de uma unidade da institui\u00e7\u00e3o em nosso munic\u00edpio."}, {"id": 959, "ano": 2025, "numero": 13, "tipo__sigla": "REQ", "tipo__descricao": "Requerimentos - Ver. R\u00f4mulo Soares", "autoria__autor__nome": "ROMULO SOARES", "texto_original": "http://64.23.167.191/sapl/public/materialegislativa/2025/959/req._n_13-2025_requer_a_realizacoaao_de_multiraao_de_limpeza_na_zona_rural_e_urbana.pdf", "ementa": "Requer do Poder Executivo Municipal, por interm\u00e9dio da Secretaria competente, a realiza\u00e7\u00e3o de mutir\u00e3o de limpeza na zona rural e urbana do munic\u00edpio de Pedro Afonso - TO."}, {"id": 1038, "ano": 2025, "numero": 14, "tipo__sigla": "REQ", "tipo__descricao": "Requerimentos - Ver. R\u00f4mulo Soares", "autoria__autor__nome": "ROMULO SOARES", "texto_original": "http://64.23.167.191/sapl/public/materialegislativa/2025/1038/req._n_014-2025_requer_a_disponib_do_espacoo_do_novo_parque_de_exposicoaao_agropecuario.pdf", "ementa": "Requer ao Poder Executivo Municipal a disponibiliza\u00e7\u00e3o do espa\u00e7o do novo parque de exposi\u00e7\u00e3o agropecu\u00e1rio, situado nas proximidades da ABB, para a realiza\u00e7\u00e3o de eventos com som automotivo, de forma organizada, segura e com os devidos controles, atendendo \u00e0s demandas de jovens e demais grupos da comunidade."}, {"id": 1307, "ano": 2025, "numero": 15, "tipo__sigla": "REQ", "tipo__descricao": "Requerimentos - Ver. R\u00f4mulo Soares", "autoria__autor__nome": "ROMULO SOARES", "texto_original": "http://64.23.167.191/sapl/public/materialegislativa/2025/1307/req._na_015-2025_requer_a_abertura_de_uma_via_publica_que_inicia_no_final_da_avenida_ribeirao.pdf", "ementa": "\"Requer ao Poder Executivo Municipal, a abertura de uma via p\u00fablica que se inicia no final da Avenida Ribeir\u00e3o, no sentido da Ch\u00e1cara do Regino, ligando o Setor Aeroporto II ao Loteamento Regino.\""}, {"id": 1339, "ano": 2025, "numero": 16, "tipo__sigla": "REQ", "tipo__descricao": "Requerimentos - Ver. R\u00f4mulo Soares", "autoria__autor__nome": "ROMULO SOARES", "texto_original": "http://64.23.167.191/sapl/public/materialegislativa/2025/1339/req._na016-2025_requer_que_realize_gestao_junto_ao_governo_do_estado_do_tocantins_a_construcao_posto_saude.pdf", "ementa": "Requer ao Poder Executivo Municipal que realize gest\u00e3o junto ao Governo do Estado do Tocantins, no sentido de viabilizar a constru\u00e7\u00e3o de um Posto de Sa\u00fade na Aldeia S\u00e3o Jos\u00e9, localizada neste munic\u00edpio."}, {"id": 1338, "ano": 2025, "numero": 17, "tipo__sigla": "REQ", "tipo__descricao": "Requerimentos - Ver. R\u00f4mulo Soares", "autoria__autor__nome": "ROMULO SOARES", "texto_original": "http://64.23.167.191/sapl/public/materialegislativa/2025/1338/req._na017-2025_requer_a_contratacao_de_um_agente_comunitario_de_saude.pdf", "ementa": "Requer ao Poder Executivo Municipal, a contrata\u00e7\u00e3o de um Agente Comunit\u00e1rio de Sa\u00fade para atender a comunidade da Aldeia S\u00e3o Jos\u00e9."}, {"id": 1369, "ano": 2025, "numero": 18, "tipo__sigla": "REQ", "tipo__descricao": "Requerimentos - Ver. R\u00f4mulo Soares", "autoria__autor__nome": "ROMULO SOARES", "texto_original": "http://64.23.167.191/sapl/public/materialegislativa/2025/1369/req._no018-2025_requer_a_realizacao_de_estudo_de_viabilidade_para_instalacao_bercario.pdf", "ementa": "Requer ao Poder Executivo Municipal, a realiza\u00e7\u00e3o de estudo de viabilidade para a instala\u00e7\u00e3o de um ber\u00e7\u00e1rio no munic\u00edpio de Pedro Afonso - TO."}, {"id": 1383, "ano": 2025, "numero": 19, "tipo__sigla": "REQ", "tipo__descricao": "Requerimentos - Ver. R\u00f4mulo Soares", "autoria__autor__nome": "ROMULO SOARES", "texto_original": "http://64.23.167.191/sapl/public/materialegislativa/2025/1383/req._na019-2025_req._a_realizacao_de_estudo_de_viabilidade_para_avaliar_a_possibilidade_de_criacao_de_vale_alimentacao.pdf", "ementa": "Requer ao Poder Executivo Municipal, a realiza\u00e7\u00e3o de estudo de viabilidade para avaliar a possibilidade de cria\u00e7\u00e3o de um vale-alimenta\u00e7\u00e3o ou de implanta\u00e7\u00e3o do pagamento de produtividade aos servidores que atuam no Sistema de Saneamento de Pedro Afonso - SISAPA."}, {"id": 1381, "ano": 2025, "numero": 20, "tipo__sigla": "REQ", "tipo__descricao": "Requerimentos - Ver. R\u00f4mulo Soares", "autoria__autor__nome": "ROMULO SOARES", "texto_original": "http://64.23.167.191/sapl/public/materialegislativa/2025/1381/req._na_020-2025_requer_a_realizacao_de_um_multirao_de_limpeza_so_setor_aeroporto_2.pdf", "ementa": "Requer ao Poder Executivo Municipal, por meio da secretaria competente, a realiza\u00e7\u00e3o de um mutir\u00e3o de limpeza no Setor Aeroporto 2, considerando a grande necessidade de manuten\u00e7\u00e3o e higieniza\u00e7\u00e3o do local, antes do in\u00edcio do per\u00edodo de inverno de modo a garantir melhores condi\u00e7\u00f5es de seguran\u00e7a, sa\u00fade e bem-estar \u00e0 popula\u00e7\u00e3o."}, {"id": 1436, "ano": 2025, "numero": 21, "tipo__sigla": "REQ", "tipo__descricao": "Requerimentos - Ver. R\u00f4mulo Soares", "autoria__autor__nome": "ROMULO SOARES", "texto_original": "http://64.23.167.191/sapl/public/materialegislativa/2025/1436/req_na021-2025_requer_que_verifique_a_viab_de_constr._de_um_estacionamentona_praca_antonio_de_sousa_aguiar.pdf", "ementa": "Requer ao Poder Executivo Municipal, por interm\u00e9dio da Secretaria competente, que verifique a viabilidade de constru\u00e7\u00e3o de um estacionamento na Pra\u00e7a Ant\u00f4nio de Souza Aguiar, especificamente na parte que fica em frente ao bar e restaurante Cantinho do Sabor e \u00e0 Cl\u00ednica Meu Doutor Cl\u00ednica Integrada."}, {"id": 1437, "ano": 2025, "numero": 22, "tipo__sigla": "REQ", "tipo__descricao": "Requerimentos - Ver. R\u00f4mulo Soares", "autoria__autor__nome": "ROMULO SOARES", "texto_original": "http://64.23.167.191/sapl/public/materialegislativa/2025/1437/req_na022-2025_requer_que_seja_incluida__no_projeto_da_orla_construida_na_praia_dunga_uma_sede_destinada_a_forcas_de_seguranca.pdf", "ementa": "Requer ao Poder Executivo Municipal, que seja inclu\u00edda no Projeto da Orla que est\u00e1 sendo constru\u00edda na Praia do Dunga, \u00e0s margens do Rio Tocantins, a constru\u00e7\u00e3o de uma sede destinada \u00e0s for\u00e7as de seguran\u00e7a."}, {"id": 1439, "ano": 2025, "numero": 23, "tipo__sigla": "REQ", "tipo__descricao": "Requerimentos - Ver. R\u00f4mulo Soares", "autoria__autor__nome": "ROMULO SOARES", "texto_original": "http://64.23.167.191/sapl/public/materialegislativa/2025/1439/req._na_023-2025_requer_que_seja_realizado_um_estudo_de_estudo_de_viabilidade_tecnica_visando_a_construcao_de_um_estacionamento.pdf", "ementa": "Requer ao Poder Executivo Municipal, por meio do setor competente, que seja realizado um estudo de viabilidade t\u00e9cnica visando \u00e0 constru\u00e7\u00e3o de um estacionamento em frente \u00e0 49\u00b0 Delegacia Regional de Pol\u00edcia de Pedro Afonso, situada na Avenida Mestre Bento."}, {"id": 1466, "ano": 2025, "numero": 24, "tipo__sigla": "REQ", "tipo__descricao": "Requerimentos - Ver. R\u00f4mulo Soares", "autoria__autor__nome": "ROMULO SOARES", "texto_original": "http://64.23.167.191/sapl/public/materialegislativa/2025/1466/req._no024-2025_requer_a_instalacao_de_dois_reservatorios_de_agua_no_setor_aeroporto_02.pdf", "ementa": "Requer ao Poder Executivo Municipal, por meio do setor competente, \u00e0 instala\u00e7\u00e3o de dois reservat\u00f3rios de \u00e1gua no Setor Aeroporto II."}, {"id": 1467, "ano": 2025, "numero": 25, "tipo__sigla": "REQ", "tipo__descricao": "Requerimentos - Ver. R\u00f4mulo Soares", "autoria__autor__nome": "ROMULO SOARES", "texto_original": "http://64.23.167.191/sapl/public/materialegislativa/2025/1467/req._no025-2025_requer_que_viabilize_a_abertura_de_um_campo_de_na_regiao_do_rio_negro.pdf", "ementa": "Requer ao Poder Executivo Municipal, por meio do \u00f3rg\u00e3o competente, que viabilize a abertura de um campo na regi\u00e3o do Rio Negro, na localidade Cap\u00e3o do Angico de propriedade do Senhor Riba do Z\u00e9 Vaqueiro, destinado \u00e0 realiza\u00e7\u00e3o de um jogo esportivo no dia 27 de dezembro de 2025."}, {"id": 755, "ano": 2025, "numero": 1, "tipo__sigla": "REQ", "tipo__descricao": "Requerimentos - Ver. Sebasti\u00e3o Fabr\u00edcio", "autoria__autor__nome": "SEBASTI\u00c3O FABRICIO", "texto_original": "http://64.23.167.191/sapl/public/materialegislativa/2025/755/requerimento_no_001-2025_-_ver._fabricio_-_reforma_das_caixas_dagua_fixas..pdf", "ementa": "Requer do Poder Executivo Municipal, estudo t\u00e9cnico estrutural e reforma das caixas d'\u00e1gua fixas que promovem o abastecimento da cidade."}, {"id": 756, "ano": 2025, "numero": 2, "tipo__sigla": "REQ", "tipo__descricao": "Requerimentos - Ver. Sebasti\u00e3o Fabr\u00edcio", "autoria__autor__nome": "SEBASTI\u00c3O FABRICIO", "texto_original": "http://64.23.167.191/sapl/public/materialegislativa/2025/756/requerimento_no_002-2025_-_ver._fabricio_-_recuperacao_das_ruas_setor_canavieiras.pdf", "ementa": "Requer do Poder Executivo Municipal, estudo de viabilidade e recupera\u00e7\u00e3o das ruas do Setor Canavieiras."}, {"id": 757, "ano": 2025, "numero": 3, "tipo__sigla": "REQ", "tipo__descricao": "Requerimentos - Ver. Sebasti\u00e3o Fabr\u00edcio", "autoria__autor__nome": "SEBASTI\u00c3O FABRICIO", "texto_original": "http://64.23.167.191/sapl/public/materialegislativa/2025/757/requerimento_no_003-2025_-_ver._fabricio_-_revitalizacao_do_cemiterio_anajanopolis.pdf", "ementa": "Requer do Poder Executivo Municipal, revitaliza\u00e7\u00e3o do cemit\u00e9rio municipal do Distrito de Anajan\u00f3polis (Porto Real) e a inclus\u00e3o da limpeza peri\u00f3dica no cronograma de a\u00e7\u00f5es da pasta competente."}, {"id": 758, "ano": 2025, "numero": 5, "tipo__sigla": "REQ", "tipo__descricao": "Requerimentos - Ver. Sebasti\u00e3o Fabr\u00edcio", "autoria__autor__nome": "SEBASTI\u00c3O FABRICIO", "texto_original": "http://64.23.167.191/sapl/public/materialegislativa/2025/758/requerimento._no_05-2025_-_ver._fabricio-_realizacao_de_canalizacao_das_aguas_pluviais..pdf", "ementa": "Requer do Poder Executivo Municipal, a realiza\u00e7\u00e3o de canaliza\u00e7\u00e3o das \u00e1guas pluviais da RUA 10 - SETOR BELA VISTA II, RUA SOUSA AGUIAR - SETOR BELA VISTA I e AV MARTA VANIA, EM FRENTE A CRECHE MARANATHA - SETOR AEROPORTO II."}, {"id": 796, "ano": 2025, "numero": 6, "tipo__sigla": "REQ", "tipo__descricao": "Requerimentos - Ver. Sebasti\u00e3o Fabr\u00edcio", "autoria__autor__nome": "SEBASTI\u00c3O FABRICIO", "texto_original": "http://64.23.167.191/sapl/public/materialegislativa/2025/796/requerimento_no_006-2025_-_realizacao_de_vistoria_na_ponte_do_lageado_denominada_ponte_elton_valdir_schmitz_em_carater_de_urgencia..pdf", "ementa": "Requer do Poder Executivo Municipal, por interm\u00e9dio da Secretaria competente, a realiza\u00e7\u00e3o de vistoria na ponte do Lageado, denominada Ponte Elton Valdir Schmitz, em car\u00e1ter de urg\u00eancia."}, {"id": 803, "ano": 2025, "numero": 7, "tipo__sigla": "REQ", "tipo__descricao": "Requerimentos - Ver. Sebasti\u00e3o Fabr\u00edcio", "autoria__autor__nome": "SEBASTI\u00c3O FABRICIO", "texto_original": "http://64.23.167.191/sapl/public/materialegislativa/2025/803/req._n_007-2025__o_fechamento_da_avenida_mestre_bento_nos_domingos_vereador_fabricio_martins.pdf", "ementa": "Requer ao Poder Executivo Municipal, o fechamento da Avenida Mestre Bento nos domingos, no trecho compreendido entre o Benfica Palace Hotel e o Banco Sicredi."}, {"id": 805, "ano": 2025, "numero": 8, "tipo__sigla": "REQ", "tipo__descricao": "Requerimentos - Ver. Sebasti\u00e3o Fabr\u00edcio", "autoria__autor__nome": "SEBASTI\u00c3O FABRICIO", "texto_original": "http://64.23.167.191/sapl/public/materialegislativa/2025/805/req._n_08-2025__envio_de_uma_retroescavadeira_e_cacamba_realizar_servicos_chacara_trindade_vereador_fabricio_martins.pdf", "ementa": "Requer do Poder Executivo Municipal, por interm\u00e9dio da Secretaria competente, o envio de uma retroescavadeira e ca\u00e7amba para realizar servi\u00e7os na Ch\u00e1cara trindade de propriedade do senhor Marcos de Souza Corr\u00eaa Neto em Bom Jesus do Tocantins."}, {"id": 806, "ano": 2025, "numero": 10, "tipo__sigla": "REQ", "tipo__descricao": "Requerimentos - Ver. Sebasti\u00e3o Fabr\u00edcio", "autoria__autor__nome": "SEBASTI\u00c3O FABRICIO", "texto_original": "http://64.23.167.191/sapl/public/materialegislativa/2025/806/req._n_10-2025__envio_de_maquinarios_ao_sr._josinei_bezerra_soares_e_familia_vereador_fabricio_martins.pdf", "ementa": "Requer do Poder Executivo Municipal, por interm\u00e9dio da Secretaria competente, o envio de um maquin\u00e1rio ao Sr. Josinei Bezerra Soares e fam\u00edlia, eleitor deste munic\u00edpio, que possui a propriedade rural denominada Ch\u00e1cara S\u00edtio Novo, situada no munic\u00edpio de Bom Jesus do Tocantins, com a finalidade de realizar os servi\u00e7os de aterro, escava\u00e7\u00e3o de tanque de peixe e manuten\u00e7\u00e3o de estrada dentro da propriedade."}, {"id": 841, "ano": 2025, "numero": 11, "tipo__sigla": "REQ", "tipo__descricao": "Requerimentos - Ver. Sebasti\u00e3o Fabr\u00edcio", "autoria__autor__nome": "SEBASTI\u00c3O FABRICIO", "texto_original": "http://64.23.167.191/sapl/public/materialegislativa/2025/841/req._no011-2025__o_envio_de_maquinarios_na_fazenda_sr_sebastiao_caval_santiago.pdf", "ementa": "Requer do Poder Executivo Municipal, o envio dos maquin\u00e1rios, tais sejam, retroescavadeira, patrol e uma ca\u00e7amba para a Ch\u00e1cara que \u00e9 de propriedade do Sr. Sebasti\u00e3o Cavalcante Santiago, eleitor deste Munic\u00edpio, que possui uma propriedade rural denominada LV M\u00e3e Luzia, no munic\u00edpio de Bom Jesus do Tocantins."}, {"id": 1342, "ano": 2025, "numero": 12, "tipo__sigla": "REQ", "tipo__descricao": "Requerimentos - Ver. Sebasti\u00e3o Fabr\u00edcio", "autoria__autor__nome": "SEBASTI\u00c3O FABRICIO", "texto_original": "http://64.23.167.191/sapl/public/materialegislativa/2025/1342/req._na_12-2025_requer_o_envio_dos_maquinarios_retroescavadeirapatrole_uma_cacamba.pdf", "ementa": "Requer ao Poder Executivo Municipal, por interm\u00e9dio da Secretaria competente, o envio dos maquin\u00e1rios, tais sejam, retroescavadeira, patrol e uma ca\u00e7amba para a Ch\u00e1cara que \u00e9 de propriedade do Sr. Libalberto da Silva Quixabeira, eleitor deste Munic\u00edpio, que possui uma propriedade rural denominada Areia, no munic\u00edpio de Tupirama - Estado Tocantins."}, {"id": 1356, "ano": 2025, "numero": 14, "tipo__sigla": "REQ", "tipo__descricao": "Requerimentos - Ver. Sebasti\u00e3o Fabr\u00edcio", "autoria__autor__nome": "SEBASTI\u00c3O FABRICIO", "texto_original": "http://64.23.167.191/sapl/public/materialegislativa/2025/1356/req._no_14-2025_requer_a_disponibilizacao_de_um_caminhao_para_o_transporte_de_6.000_telhas.pdf", "ementa": "Requer ao Poder Executivo Municipal, por interm\u00e9dio da Secretaria competente, a disponibilidade de um caminh\u00e3o para o transporte de 6.000 (sei mil telhas) doadas da Diocese de Miracema para o projeto \"Primeiro Passo\"."}, {"id": 1366, "ano": 2025, "numero": 15, "tipo__sigla": "REQ", "tipo__descricao": "Requerimentos - Ver. Sebasti\u00e3o Fabr\u00edcio", "autoria__autor__nome": "SEBASTI\u00c3O FABRICIO", "texto_original": "http://64.23.167.191/sapl/public/materialegislativa/2025/1366/req._na_15-2025_requer_providencias_quanto_a_organizacao_e_padronizacao_dos_boxes_da_feira_coberta_mun..pdf", "ementa": "Requer ao Poder Executivo Municipal, provid\u00eancias quanto \u00e0 organiza\u00e7\u00e3o e padroniza\u00e7\u00e3o dos boxes da Feira Coberta Municipal."}, {"id": 1396, "ano": 2025, "numero": 17, "tipo__sigla": "REQ", "tipo__descricao": "Requerimentos - Ver. Sebasti\u00e3o Fabr\u00edcio", "autoria__autor__nome": "SEBASTI\u00c3O FABRICIO", "texto_original": "http://64.23.167.191/sapl/public/materialegislativa/2025/1396/req._na_17-2025_requer_o_envio_de_maquinario_tal_seja_a_retroescavadeira_para_chacara_paraiso.pdf", "ementa": "Requer ao Poder Executivo Municipal, por interm\u00e9dio da Secretaria competente, o envio de maquin\u00e1rio, tal seja a retroescavadeira, para a Ch\u00e1cara Para\u00edso dos Sonhos, situada no distrito da Agrovila Bom Tempo - Pedro Afonso/TO."}, {"id": 1393, "ano": 2025, "numero": 18, "tipo__sigla": "REQ", "tipo__descricao": "Requerimentos - Ver. Sebasti\u00e3o Fabr\u00edcio", "autoria__autor__nome": "SEBASTI\u00c3O FABRICIO", "texto_original": "http://64.23.167.191/sapl/public/materialegislativa/2025/1393/req._na18-2025_req._o_envio_de_uma_cacamba_e_maquina_retroescavadeira_para_fazenda_monte_alegre.pdf", "ementa": "Requer ao Poder Executivo Municipal, por interm\u00e9dio da Secretaria competente, o envio de uma ca\u00e7amba e a m\u00e1quina retroescavadeira, para a Fazenda Monte Alegre, situada no distrito da Agrovila Bom Tempo - Pedro Afonso -TO."}, {"id": 1433, "ano": 2025, "numero": 19, "tipo__sigla": "REQ", "tipo__descricao": "Requerimentos - Ver. Sebasti\u00e3o Fabr\u00edcio", "autoria__autor__nome": "SEBASTI\u00c3O FABRICIO", "texto_original": "http://64.23.167.191/sapl/public/materialegislativa/2025/1433/req_na19-2025_requer_a_instalacao_de_placa_de_proibido_estacionar_na_av_mestre_bento.pdf", "ementa": "Requer ao Poder Executivo Municipal, por interm\u00e9dio da Secretaria competente, instala\u00e7\u00e3o de placa de proibido estacionar na Av. Mestre Bento, no per\u00edmetro que corresponde a localiza\u00e7\u00e3o da Loja Coapa na cidade de Pedro Afonso -TO."}, {"id": 1435, "ano": 2025, "numero": 20, "tipo__sigla": "REQ", "tipo__descricao": "Requerimentos - Ver. Sebasti\u00e3o Fabr\u00edcio", "autoria__autor__nome": "SEBASTI\u00c3O FABRICIO", "texto_original": "http://64.23.167.191/sapl/public/materialegislativa/2025/1435/req_na_20-2025_requer_o_alargamento_do_retorno_localizado_na_av_mestre_bento.pdf", "ementa": "Requer ao Poder Executivo Municipal, por interm\u00e9dio da Secretaria competente, o alargamento do retorno localizado na Avenida Mestre Bento, pr\u00f3ximo ao Hotel Benfica, com o objetivo de melhorar a fluidez do tr\u00e1fego e aumentar a seguran\u00e7a dos motoristas e pedestres que utilizam essa vida na cidade de Pedro Afonso -TO."}, {"id": 837, "ano": 2025, "numero": 1, "tipo__sigla": "PDL", "tipo__descricao": "Projeto de Decreto Legislativo", "autoria__autor__nome": "CCJR - Comiss\u00e3o de Constitui\u00e7\u00e3o, Justi\u00e7a e Reda\u00e7\u00e3o", "texto_original": "http://64.23.167.191/sapl/public/materialegislativa/2025/837/projeto_de_decreto_legislativo_no_001-2025_-_julgamneto_contas_consolidadas_poder_executivo_2021.pdf", "ementa": "DISP\u00d5E SOBRE O JULGAMENTO DAS CONTAS CONSOLIDADAS DO MUNIC\u00cdPIO DE PEDRO AFONSO, RELATIVAS AO EXERC\u00cdCIO DE 2021, E D\u00c1 OUTRAS PROVID\u00caNCIAS."}, {"id": 838, "ano": 2025, "numero": 2, "tipo__sigla": "PDL", "tipo__descricao": "Projeto de Decreto Legislativo", "autoria__autor__nome": "CCJR - Comiss\u00e3o de Constitui\u00e7\u00e3o, Justi\u00e7a e Reda\u00e7\u00e3o", "texto_original": "http://64.23.167.191/sapl/public/materialegislativa/2025/838/projeto_de_decreto_legislativo_no_002-2025_-_julgamneto_contas_consolidadas_poder_executivo_2022.pdf", "ementa": "DISP\u00d5E SOBRE O JULGAMENTO DAS CONTAS CONSOLIDADAS DO MUNIC\u00cdPIO DE PEDRO AFONSO, RELATIVAS AO EXERC\u00cdCIO DE 2022, E D\u00c1 OUTRAS PROVID\u00caNCIAS."}, {"id": 822, "ano": 2025, "numero": 1, "tipo__sigla": "PLC", "tipo__descricao": "Projeto de Lei Complementar", "autoria__autor__nome": "Joaquim Martins Pinheiro Filho", "texto_original": "http://64.23.167.191/sapl/public/materialegislativa/2025/822/projeto_de_lei_complementar_no001-2025.pdf", "ementa": "\"INSTITUI PROGRAMA DE RECUPERA\u00c7\u00c3O FISCAL - REFIS PEDRO AFONSO/2025 - DO MUNIC\u00cdPIO DE PEDRO AFONSO, ESTADO DO TOCANTINS, E D\u00c1 OUTRAS PROVID\u00caNCIAS\""}, {"id": 770, "ano": 2025, "numero": 1, "tipo__sigla": "PRE", "tipo__descricao": "Projeto de Resolu\u00e7\u00e3o", "autoria__autor__nome": "MARQUIM CATABRIGA", "texto_original": "http://64.23.167.191/sapl/public/materialegislativa/2025/770/projeto_de_resolucao_no_001-2025.pdf", "ementa": "PROJETO DE RESOLU\u00c7\u00c3O N\u00ba 001, DE 31 DE JANEIRO DE 2025: \"AUTORIZA O PODER LEGISLATIVO MUNICIPAL A FIRMAR CONV\u00caNIO COM\r\nINSTITUI\u00c7\u00d5ES FINANCEIRAS E D\u00c1 OUTRAS PROVID\u00caNCIAS\""}, {"id": 771, "ano": 2025, "numero": 2, "tipo__sigla": "PRE", "tipo__descricao": "Projeto de Resolu\u00e7\u00e3o", "autoria__autor__nome": "MARQUIM CATABRIGA", "texto_original": "http://64.23.167.191/sapl/public/materialegislativa/2025/771/projeto_de_resolucao_no_002-2025.pdf", "ementa": "PROJETO DE RESOLU\u00c7\u00c3O N\u00ba 002, DE 31 DE JANEIRO DE 2025: \"DISP\u00d5E SOBRE A CONTRATA\u00c7\u00c3O POR TEMPO DETERMINADO PARA ATENDER \u00c0\r\nNECESSIDADE TEMPOR\u00c1RIA DE EXCEPCIONAL INTERESSE P\u00daBLICO C\u00c2MARA DE PEDRO AfONSO, NOS TERMOS DO ART. 37, IX, DA CONSTITUI\u00c7\u00c3O FEDERAL E D\u00c1 OUTRAS PROVID\u00caNCIAS.\""}, {"id": 790, "ano": 2025, "numero": 3, "tipo__sigla": "PRE", "tipo__descricao": "Projeto de Resolu\u00e7\u00e3o", "autoria__autor__nome": "AGNALDO LIMA\r\nANTONIO NETO\r\nMARQUIM CATABRIGA\r\nMIRNEUTON SOARES\r\nSEBASTI\u00c3O FABRICIO", "texto_original": "http://64.23.167.191/sapl/public/materialegislativa/2025/790/projeto_de_resolucao_no_003-2025_-_dispoe_sobre_a_reestruturacao_do_quadro_comissionado_da_camara_municipal_de_pedro_afonso_e_da_outras_providencias..pdf", "ementa": "DISP\u00d5E SOBRE A REESTRUTURA\u00c7\u00c3O DO QUADRO COMISSIONADO DA C\u00c2MARA MUNICIPAL DE PEDRO AFONSO E D\u00c1 OUTRAS PROVID\u00caNCIAS."}, {"id": 817, "ano": 2025, "numero": 4, "tipo__sigla": "PRE", "tipo__descricao": "Projeto de Resolu\u00e7\u00e3o", "autoria__autor__nome": "PEDRO BELARMINO", "texto_original": "http://64.23.167.191/sapl/public/materialegislativa/2025/817/projeto_de_resolucao_n001-2025.pdf", "ementa": "Projeto de Resolu\u00e7\u00e3o n\u00b0 001/2025, Ver. Pedro Belarmino: Autoriza a Mesa Diretora da C\u00e2mara Municipal de Pedro Afonso - TO, a conceder o T\u00edtulo de Cidad\u00e3o Pedroafonsino ao senhor Olyntho Garcia de Oliveira Neto."}, {"id": 821, "ano": 2025, "numero": 5, "tipo__sigla": "PRE", "tipo__descricao": "Projeto de Resolu\u00e7\u00e3o", "autoria__autor__nome": "MARQUIM CATABRIGA", "texto_original": "http://64.23.167.191/sapl/public/materialegislativa/2025/821/projeto_de_resolucao_no_004_de_17_marco_de_2025.pdf", "ementa": "Projeto de Resolu\u00e7\u00e3o n\u00b0 004/2025, Ver. Marquim Catabriga: DISP\u00d5E SOBRE A INSTITUI\u00c7\u00c3O DAS SESS\u00d5ES ITINERANTES DA C\u00c2MARA\r\nMUNICIPAL DE PEDRO AFONSO E D\u00c1 OUTRAS PROVID\u00caNCIAS."}, {"id": 1031, "ano": 2025, "numero": 6, "tipo__sigla": "PRE", "tipo__descricao": "Projeto de Resolu\u00e7\u00e3o", "autoria__autor__nome": "SEBASTI\u00c3O FABRICIO", "texto_original": "http://64.23.167.191/sapl/public/materialegislativa/2025/1031/projeto_de_resolucoaao_n01-2025_autoriza_a_mesa_diretora_da_camara_mun._de_pedro_afonso_-to_conceder_o_titulo_cidadaa_pedroafosina.pdf", "ementa": "Projeto de Resolu\u00e7\u00e3o n\u00b0 001/2025, Ver. Sebasti\u00e3o Fabr\u00edcio: Autoriza a Mesa Diretora da C\u00e2mara Municipal de Pedro Afonso - TO, a conceder o T\u00edtulo de Cidad\u00e3 Pedroafonsino a senhora Renata Maynne Neres Lompa."}, {"id": 1037, "ano": 2025, "numero": 7, "tipo__sigla": "PRE", "tipo__descricao": "Projeto de Resolu\u00e7\u00e3o", "autoria__autor__nome": "AGNALDO LIMA", "texto_original": "http://64.23.167.191/sapl/public/materialegislativa/2025/1037/projeto_de_resolucoaao_n_001-2025.pdf", "ementa": "Projeto de Resolu\u00e7\u00e3o n\u00b0 001/2025, Ver. Aguinaldo Lima: Autoriza a Mesa Diretora da C\u00e2mara Municipal de Pedro Afonso, a conceder t\u00edtulo de cidad\u00e3 Pedroafonsina \u00e0 senhora Maria Auxiliadora Seabra Rezende - Professora Dorinha - pelos relevantes servi\u00e7os prestados ao munic\u00edpio de Pedro Afonso - TO, nas \u00e1reas da educa\u00e7\u00e3o, infraestrutura, agricultura, sa\u00fade, assist\u00eancia social e desenvolvimento regional."}, {"id": 1075, "ano": 2025, "numero": 8, "tipo__sigla": "PRE", "tipo__descricao": "Projeto de Resolu\u00e7\u00e3o", "autoria__autor__nome": "MARQUIM CATABRIGA", "texto_original": "http://64.23.167.191/sapl/public/materialegislativa/2025/1075/projeto_de_resolucao_no_005-2025_-_regimento_interno_pedro_afonso_-_final.pdf", "ementa": "PROJETO DE RESOLU\u00c7\u00c3O N\u00ba 5: DISP\u00d5E SOBRE A REFORMA DO REGIMENTO INTERNO DA C\u00c2MARA MUNICIPAL DE PEDRO AFONSO/TO E D\u00c1 OUTRAS PROVID\u00caNCIAS."}, {"id": 1326, "ano": 2025, "numero": 9, "tipo__sigla": "PRE", "tipo__descricao": "Projeto de Resolu\u00e7\u00e3o", "autoria__autor__nome": "PEDRO BELARMINO", "texto_original": "http://64.23.167.191/sapl/public/materialegislativa/2025/1326/projeto_de_resolucao_no_003-2025_-_concede_titulo_de_cidadao_ao_depu._alexandre_guimaraes.pdf", "ementa": "Projeto de Resolu\u00e7\u00e3o n\u00b0 003/2025, Ver. Pedro Belarmino: \"Concede Titulo de Cidad\u00e3o Pedroafonsino ao Deputado Federal Alexandre Guimar\u00e3es, em reconhecimento aos relevantes servi\u00e7os prestados ao Estado do Tocantins e, em especial, ao Munic\u00edpio de Pedro Afonso.\""}, {"id": 1334, "ano": 2025, "numero": 10, "tipo__sigla": "PRE", "tipo__descricao": "Projeto de Resolu\u00e7\u00e3o", "autoria__autor__nome": "AGNALDO LIMA", "texto_original": "http://64.23.167.191/sapl/public/materialegislativa/2025/1334/projeto_de_resolucao_no003-2025_titulo_cidadao_maria_benedita_moraes.pdf", "ementa": "Projeto de Resolu\u00e7\u00e3o n\u00b0 003/2025, Ver. Agnaldo Lima: \"Concede Titulo de Cidad\u00e3 Pedroafonsina a senhora Maria Benedita Moares\"."}, {"id": 1345, "ano": 2025, "numero": 11, "tipo__sigla": "PRE", "tipo__descricao": "Projeto de Resolu\u00e7\u00e3o", "autoria__autor__nome": "AGNALDO LIMA", "texto_original": "http://64.23.167.191/sapl/public/materialegislativa/2025/1345/projeto_de_resolucao_no002-2025__tiulo_cidadao_jorge_pires.pdf", "ementa": "Projeto de Resolu\u00e7\u00e3o n\u00b0 002/2025, Ver. Agnaldo Lima: \"Concede Titulo de Cidad\u00e3o Pedroafonsino ao senhor Jorge Pires de Moraes\"."}, {"id": 1376, "ano": 2025, "numero": 12, "tipo__sigla": "PRE", "tipo__descricao": "Projeto de Resolu\u00e7\u00e3o", "autoria__autor__nome": "ROMULO SOARES", "texto_original": "http://64.23.167.191/sapl/public/materialegislativa/2025/1376/projeto_de_resolucao_na001-2025_concede_o_titulo_de_cidada_pedroafonsino_ao_senhor_edson_shultz_da_outras_providencias.pdf", "ementa": "Projeto de Resolu\u00e7\u00e3o n\u00b0 001/2025, Ver. R\u00f4mulo Soares: \"Concede Titulo de Cidad\u00e3o Pedroafonsino ao senhor Edson Shultz e d\u00e1 outras provid\u00eancias\"."}, {"id": 1377, "ano": 2025, "numero": 13, "tipo__sigla": "PRE", "tipo__descricao": "Projeto de Resolu\u00e7\u00e3o", "autoria__autor__nome": "ANTONIO NETO", "texto_original": "http://64.23.167.191/sapl/public/materialegislativa/2025/1377/projeto_de_resolucao_na0001-2025_concede_titulo_de_cidada_pedroafonsino_ao_senhor_francisco_alberto_alves_barros.pdf", "ementa": "Projeto de Resolu\u00e7\u00e3o n\u00b0 001/2025, Ver. Antonio Neto: \"Concede Titulo de Cidad\u00e3o Pedroafonsino ao senhor Francisco Alberto Alves de Barros e d\u00e1 outras provid\u00eancias\"."}, {"id": 1378, "ano": 2025, "numero": 14, "tipo__sigla": "PRE", "tipo__descricao": "Projeto de Resolu\u00e7\u00e3o", "autoria__autor__nome": "LILI BEN\u00cdCIO", "texto_original": "http://64.23.167.191/sapl/public/materialegislativa/2025/1378/projeto_de_resolucao_na001-2025_concede_titulo_de_cidada_pedroafonsina_maria_de_fatima_camara.pdf", "ementa": "Projeto de Resolu\u00e7\u00e3o n\u00b0 001/2025, Ver. Lili Ben\u00edcio: \"Concede Titulo de Cidad\u00e3 Pedro-afonsina a senhora Maria de F\u00e1tima Camara\"."}, {"id": 1379, "ano": 2025, "numero": 15, "tipo__sigla": "PRE", "tipo__descricao": "Projeto de Resolu\u00e7\u00e3o", "autoria__autor__nome": "LILI BEN\u00cdCIO", "texto_original": "http://64.23.167.191/sapl/public/materialegislativa/2025/1379/projeto_de_resolucao_na_002-2025_cria_no_ambito_da_camara_mun._de_pedro_afonso_a_procuradoria_da_mulher.pdf", "ementa": "Projeto de Resolu\u00e7\u00e3o n\u00b0 002/2025, Ver. Lili Ben\u00edcio: \"Cria, no \u00e2mbito da C\u00e2mara Municipal de Pedro Afonso, a Procuradoria da Mulher, e d\u00e1 outras provid\u00eancias\"."}, {"id": 1384, "ano": 2025, "numero": 16, "tipo__sigla": "PRE", "tipo__descricao": "Projeto de Resolu\u00e7\u00e3o", "autoria__autor__nome": "LILI BEN\u00cdCIO", "texto_original": "http://64.23.167.191/sapl/public/materialegislativa/2025/1384/resolucao_na016-2025_concede_titulo_cidadao_prdroafonsinoao_senhor_antonio_marcos_camara_catabriga.pdf", "ementa": "Projeto de Resolu\u00e7\u00e3o n\u00b0 003/2025, Ver. Lili Ben\u00edcio: \"Concede t\u00edtulo de Cidad\u00e3o Pedro-Afonsino ao Senhor Antonio Marcos Camara Catabriga, Vereador deste Munic\u00edpio, mais conhecido como Marquim Catabriga, em reconhecimento \u00e0 sua destacada trajet\u00f3ria pol\u00edtica, social e comunit\u00e1ria, marcada pelo compromisso com o povo de Pedro Afonso\"."}, {"id": 1400, "ano": 2025, "numero": 17, "tipo__sigla": "PRE", "tipo__descricao": "Projeto de Resolu\u00e7\u00e3o", "autoria__autor__nome": "AGNALDO LIMA", "texto_original": "http://64.23.167.191/sapl/public/materialegislativa/2025/1400/projeto_de_resolucao_na004-2025_dispoe_sobre_a_concessao_do_titulo_de_cidadao_pedroafonsino_antonio_ferreira_almeida_neto.pdf", "ementa": "Projeto de Resolu\u00e7\u00e3o n\u00b0 004/2025, Ver. Agnaldo Lima: \"Disp\u00f5e sobre a concess\u00e3o do T\u00edtulo de Cidad\u00e3o Pedro-afonsino ao Senhor Antonio Ferreira de Almeida Neto, Vereador deste Munic\u00edpio, e d\u00e1 outras provid\u00eancias\"."}, {"id": 1411, "ano": 2025, "numero": 18, "tipo__sigla": "PRE", "tipo__descricao": "Projeto de Resolu\u00e7\u00e3o", "autoria__autor__nome": "LILI BEN\u00cdCIO", "texto_original": "http://64.23.167.191/sapl/public/materialegislativa/2025/1411/projeto_de_resolucao_na004-2025__concede_o_titulo_de_cidada_pedro_afonsina_a_senhora_juma_marques_cardoso.pdf", "ementa": "Projeto de Resolu\u00e7\u00e3o n\u00b0 004/2025, Ver. Lili Ben\u00edcio: \"Concede t\u00edtulo de Cidad\u00e3o Pedro-Afonsino a Senhora Juma Marques Cardoso, em reconhecimento aos relevantes servi\u00e7os prestados \u00e0 comunidade e pelo compromisso com o desenvolvimento social, cultural e jur\u00eddico do Munic\u00edpio de Pedro Afonso\"."}, {"id": 1430, "ano": 2025, "numero": 19, "tipo__sigla": "PRE", "tipo__descricao": "Projeto de Resolu\u00e7\u00e3o", "autoria__autor__nome": "LILI BEN\u00cdCIO", "texto_original": "http://64.23.167.191/sapl/public/materialegislativa/2025/1430/projeto_de_resolucao_na005-2025_concede_titulo_de_cidada_pedroafonsina_a_sra_kelma_de_souza_franca.pdf", "ementa": "Projeto de Resolu\u00e7\u00e3o n\u00b0 005/2025, Ver. Lili Ben\u00edcio: \"Concede t\u00edtulo de cidad\u00e3 pedro-afonsina \u00e0 senhora Kelma de Souza Fran\u00e7a, em reconhecimento aos relevantes servi\u00e7os prestados ao Munic\u00edpio de Pedro Afonso, especialmente na \u00e1rea da sa\u00fade p\u00fablica, onde vem atuando com dedica\u00e7\u00e3o, compet\u00eancia e compromisso social\"."}, {"id": 1431, "ano": 2025, "numero": 20, "tipo__sigla": "PRE", "tipo__descricao": "Projeto de Resolu\u00e7\u00e3o", "autoria__autor__nome": "LILI BEN\u00cdCIO", "texto_original": "http://64.23.167.191/sapl/public/materialegislativa/2025/1431/projeto_de_resolucao_na006-2025_concede_o_titulo_de_cidadao_pedroafonsino_ao_sr._luan_natanael_nunes_silva.pdf", "ementa": "Projeto de Resolu\u00e7\u00e3o n\u00b0 006/2025, Ver. Lili Ben\u00edcio: \"Concede t\u00edtulo de cidad\u00e3o pedro-afonsino ao senhor Luan Natanael Nunes Silva, em reconhecimento aos relevantes servi\u00e7os prestados ao Munic\u00edpio de Pedro Afonso, especialmente na \u00e1rea da sa\u00fade p\u00fablica, onde vem atuando com dedica\u00e7\u00e3o, compet\u00eancia e compromisso social\"."}, {"id": 1432, "ano": 2025, "numero": 21, "tipo__sigla": "PRE", "tipo__descricao": "Projeto de Resolu\u00e7\u00e3o", "autoria__autor__nome": "LILI BEN\u00cdCIO", "texto_original": "http://64.23.167.191/sapl/public/materialegislativa/2025/1432/projeto_de_resolucao_na007-2025_concede_titulo_de_cidada_pedroafonsina_a_sra_josirene_maria_a._de_araujo.pdf", "ementa": "Projeto de Resolu\u00e7\u00e3o n\u00b0 007/2025, Ver. Lili Ben\u00edcio: \"Concede t\u00edtulo de cidad\u00e3 pedro-afonsina \u00e0 senhora Josirene Maria Alves de Ara\u00fajo, em reconhecimento aos relevantes servi\u00e7os prestados ao Munic\u00edpio de Pedro Afonso, especialmente na \u00e1rea da sa\u00fade, por meio de seu trabalho dedicado, \u00e9tico e humanizado como fisioterapeuta\"."}, {"id": 1463, "ano": 2025, "numero": 22, "tipo__sigla": "PRE", "tipo__descricao": "Projeto de Resolu\u00e7\u00e3o", "autoria__autor__nome": "MARQUIM CATABRIGA", "texto_original": "http://64.23.167.191/sapl/public/materialegislativa/2025/1463/projeto_de_resolucao_no_006-2025_-_atualizacao_auxilio_alimentacao_camara_municipal.pdf", "ementa": "Projeto de Resolu\u00e7\u00e3o n\u00b0 006/2025, Ver. Marquim Catabriga: Disp\u00f5e sobre a atualiza\u00e7\u00e3o dos valores do aux\u00edlio - alimenta\u00e7\u00e3o concedido no \u00e2mbito da C\u00e2mara Municipal de Pedro Afonso, revoga a Resolu\u00e7\u00e3o n\u00b0 014/2022 e d\u00e1 outras provid\u00eancias."}, {"id": 1472, "ano": 2025, "numero": 23, "tipo__sigla": "PRE", "tipo__descricao": "Projeto de Resolu\u00e7\u00e3o", "autoria__autor__nome": "PEDRO BELARMINO", "texto_original": "http://64.23.167.191/sapl/public/materialegislativa/2025/1472/projeto_de_resolucao_no_004-2025_titulo_de_cidadao_hiromi.pdf", "ementa": "Projeto de Resolu\u00e7\u00e3o n\u00b0 004/2025, Ver. Pedro Belarmino: \"Concede Titulo de Cidad\u00e3o Pedroafonsino ao M\u00e1rio Hiromi Okuyama e d\u00e1 outras provid\u00eancias.\""}, {"id": 1473, "ano": 2025, "numero": 24, "tipo__sigla": "PRE", "tipo__descricao": "Projeto de Resolu\u00e7\u00e3o", "autoria__autor__nome": "ANTONIO NETO\r\nLILI BEN\u00cdCIO\r\nMARQUIM CATABRIGA\r\nSEBASTI\u00c3O FABRICIO", "texto_original": "http://64.23.167.191/sapl/public/materialegislativa/2025/1473/projeto_de_resolucao_no_002-2025_titulo_de_cidadao_vilmar_de_oliveira.pdf", "ementa": "Projeto de Resolu\u00e7\u00e3o n\u00b0 002/2025, Ver. Marquim Catabriga, Lili Ben\u00edcio, Ant\u00f4nio Neto e Sebasti\u00e3o Fabr\u00edcio: \"Concede Titulo de Cidad\u00e3o Pedroafonsino ao Deputado Estadual Vilmar do Detran, em reconhecimento aos relevantes servi\u00e7os prestados e \u00e0 contribui\u00e7\u00e3o significativa ao desenvolvimento do munic\u00edpio de Pedro Afonso - TO.\""}, {"id": 1489, "ano": 2025, "numero": 25, "tipo__sigla": "PRE", "tipo__descricao": "Projeto de Resolu\u00e7\u00e3o", "autoria__autor__nome": "MARQUIM CATABRIGA", "texto_original": "http://64.23.167.191/sapl/public/materialegislativa/2025/1489/projeto_de_resolucao_na06_de_12_de_dezembro_de_2025_dispoe_sobre_a_atualizacao_dos_valores_do_auxilio_alimentacao.pdf", "ementa": "Disp\u00f5e sobre a atualiza\u00e7\u00e3o dos valores do aux\u00edlio-alimenta\u00e7\u00e3o concedido no \u00e2mbito da C\u00e2mara Municipal de Pedro Afonso, revoga a Resolu\u00e7\u00e3o n\u00b0 014/2022 e d\u00e1 outras provid\u00eancias."}, {"id": 732, "ano": 2025, "numero": 1, "tipo__sigla": "AUTL", "tipo__descricao": "Aut\u00f3grafo de Lei", "autoria__autor__nome": "MARQUIM CATABRIGA", "texto_original": "http://64.23.167.191/sapl/public/materialegislativa/2025/732/autografo_de_lei_no_001-2025_-_dispoe_sobre_valor_de_salario_minimo_a_vigorar_a_partir_de_1o_de_janeiro_de_2025._2.pdf", "ementa": "\"DISP\u00d5E SOBRE VALOR DE SAL\u00c1RIO M\u00cdNIMO A VIGORAR A PARTIR DE 1\u00ba DE JANEIRO DE 2025.\""}, {"id": 733, "ano": 2025, "numero": 2, "tipo__sigla": "AUTL", "tipo__descricao": "Aut\u00f3grafo de Lei", "autoria__autor__nome": "MARQUIM CATABRIGA", "texto_original": "http://64.23.167.191/sapl/public/materialegislativa/2025/733/autografo_de_lei_no_002-2025_-_autoriza_o_pagamento_por_desempenho_das_equipes_de_saude_bucal_na_atencao_primaria_a_saude_-_aps_previsto_na_portaria_no_960-2023.pdf", "ementa": "\"AUTORIZA O PAGAMENTO POR DESEMPENHO DAS EQUIPES DE SA\u00daDE BUCAL NA ATEN\u00c7\u00c3O PRIM\u00c1RIA \u00c0 SA\u00daDE - APS, PREVISTO NA PORTARIA N \u00ba 960, DE 17 DE JULHO DE 2023 DO MINIST\u00c9RIO DA SA\u00daDE E, D\u00c1 OUTRAS PROVID\u00caNCIAS.\""}, {"id": 734, "ano": 2025, "numero": 3, "tipo__sigla": "AUTL", "tipo__descricao": "Aut\u00f3grafo de Lei", "autoria__autor__nome": "MARQUIM CATABRIGA", "texto_original": "http://64.23.167.191/sapl/public/materialegislativa/2025/734/autografo_de_lei_no_003-2025_-_dispoes_sobre_a_modificacao_da_estrutura_organicacional_do_muncipio_de_pedro_afonso._2.pdf", "ementa": "\"DISP\u00d5E SOBRE A MODIFICA\u00c7\u00c3O DA ESTRUTURA ORGANIZACIONAL DO MUNIC\u00cdPIO DE PEDRO DE PEDRO AFONSO- TO, COM O DESMEMBRAMENTO DE PASTAS E CRIA\u00c7\u00c3O DE NOVAS SECRETARIAS, AL\u00c9M DA MODIFICA\u00c7\u00c3O E CRIA\u00c7\u00c3O DE NOVOS CARGOS, EM\r\nATENDIMENTO AO QUE DISCIPLINA A LEGISLA\u00c7\u00c3O E D\u00c1 OUTRAS PROVID\u00caNCIAS\"."}, {"id": 735, "ano": 2025, "numero": 4, "tipo__sigla": "AUTL", "tipo__descricao": "Aut\u00f3grafo de Lei", "autoria__autor__nome": "MARQUIM CATABRIGA", "texto_original": "http://64.23.167.191/sapl/public/materialegislativa/2025/735/autografo_de_lei_no_004-2205_-_altera_as_nomenclaturas_de_unidades_orcamentarias_da_lei_orcamentaria_anul_loa..pdf", "ementa": "\"ALTERA AS NOMENCLATURAS DE UNIDADES OR\u00c7AMENT\u00c1RIAS DA LEI OR\u00c7AMENT\u00c1RIA ANUAL (LOA) DO EXERC\u00cdCIO DE 2025 E D\u00c1 OUTRAS\r\nPROVID\u00caNCIAS\""}, {"id": 736, "ano": 2025, "numero": 5, "tipo__sigla": "AUTL", "tipo__descricao": "Aut\u00f3grafo de Lei", "autoria__autor__nome": "MARQUIM CATABRIGA", "texto_original": "http://64.23.167.191/sapl/public/materialegislativa/2025/736/autografo_de_lei_no_005-2025_-_dispoe_sobre_projeto_escola_destaque_anos_iniciais._do_ensino_fundamental.pdf", "ementa": "\"DISP\u00d5E SOBRE PROJETO \"ESCOLA DESTAQUE ANOS INICIAIS DO ENSINO FUNDAMENTAL\", DO MUNIC\u00cdPIO DE PEDRO AFONSO - TO, E D\u00c1 OUTRAS PROVID\u00caNCIAS\""}, {"id": 737, "ano": 2025, "numero": 6, "tipo__sigla": "AUTL", "tipo__descricao": "Aut\u00f3grafo de Lei", "autoria__autor__nome": "MARQUIM CATABRIGA", "texto_original": "http://64.23.167.191/sapl/public/materialegislativa/2025/737/autografo_de_lei_no_006-2025_-_dispoe_sobre_projeto_escola_destaque_educacao_infantil..pdf", "ementa": "\"DISP\u00d5E SOBRE PROJETO \"ESCOLA DESTAQUE EDUCA\u00c7\u00c3O INFANTIL\", DO MUNIC\u00cdPIO DE PEDRO AFONSO-TO, E D\u00c1 OUTRAS PROVID\u00caNCIAS\""}, {"id": 738, "ano": 2025, "numero": 7, "tipo__sigla": "AUTL", "tipo__descricao": "Aut\u00f3grafo de Lei", "autoria__autor__nome": "MARQUIM CATABRIGA", "texto_original": "http://64.23.167.191/sapl/public/materialegislativa/2025/738/autografo_de_lei_no_007-2025_-_dispoe_sobre_autorizacao_legislaiva_a_continuidade_da_denominada_secretaria_extraordinaria_para_resolucoes_de_problematicas_pluviais..pdf", "ementa": "\"DISP\u00d5E SOBRE AUTORIZA\u00c7\u00c3O LEGISLATIVA \u00c0 CONTINUIDADE DA DENOMINADA \"SECRETARIA EXTRAORDIN\u00c1RIA PARA RESOLU\u00c7\u00d5ES DE PROBLEM\u00c1TICAS PLUVIAIS\" - SOB PERIODO R\u00cdGIDO E DETERMINADO -, CONSOANTE \u00c0 LEI N\u00ba 074/2022 (LEI QUE DISP\u00d5E SOBRE\r\nDIRETRIZES OR\u00c7AMENT\u00c1RIAS 2023), E D\u00c1 OUTRAS PROVID\u00caNCIAS\""}, {"id": 784, "ano": 2025, "numero": 8, "tipo__sigla": "AUTL", "tipo__descricao": "Aut\u00f3grafo de Lei", "autoria__autor__nome": "MARQUIM CATABRIGA", "texto_original": "http://64.23.167.191/sapl/public/materialegislativa/2025/784/autografo_de_lei_no_008-2025_institui_no_municipio_de_pedro_afonso-to_a_semana_da_cultura_catolica..pdf", "ementa": "Institu\u00ed no Munic\u00edpio PEDRO AFONSO, estado de Tocantins, A SEMANA DA CULTURA CAT\u00d3LICA \"LOUVOR E ADORA\u00c7\u00c3O\", a ser realizada anualmente, preferencialmente na primeira semana do m\u00eas de maio, considerado este m\u00eas mariano."}, {"id": 785, "ano": 2025, "numero": 9, "tipo__sigla": "AUTL", "tipo__descricao": "Aut\u00f3grafo de Lei", "autoria__autor__nome": "MARQUIM CATABRIGA", "texto_original": "http://64.23.167.191/sapl/public/materialegislativa/2025/785/autografo_de_lei_no_009-2025_-_pccr_educacao.pdf", "ementa": "\u201cDISP\u00d5E SOBRE A MODIFICA\u00c7\u00c3O DA ESTRUTURA ORGANIZACIONAL DO PCCR\r\nDA SECRET\u00c1RIA MUNICIPAL DE EDUCA\u00c7\u00c3O, COM A CRIA\u00c7\u00c3O DE NOVOS CARGOS, EM ATENDIMENTO AO QUE DISCIPLINA A LEGISLA\u00c7\u00c3O E D\u00c1 OUTRAS PROVID\u00caNCIAS\u201d."}, {"id": 786, "ano": 2025, "numero": 10, "tipo__sigla": "AUTL", "tipo__descricao": "Aut\u00f3grafo de Lei", "autoria__autor__nome": null, "texto_original": "http://64.23.167.191/sapl/public/materialegislativa/2025/786/autografo_de_lei_no_010-2025_-_pccr_educacao.pdf", "ementa": "\u201cDISP\u00d5E SOBRE A MODIFICA\u00c7\u00c3O DA ESTRUTURA ORGANIZACIONAL DO PCCR\r\nDA SECRET\u00c1RIA MUNICIPAL DE EDUCA\u00c7\u00c3O, COM O DESMEMBRAMENTO DE FUN\u00c7\u00d5ES COMISSIONADAS E DE DIRETORIAS, EM ATENDIMENTO AO QUE DISCIPLINA A LEGISLA\u00c7\u00c3O E D\u00c1 OUTRAS PROVID\u00caNCIAS\u201d."}, {"id": 798, "ano": 2025, "numero": 11, "tipo__sigla": "AUTL", "tipo__descricao": "Aut\u00f3grafo de Lei", "autoria__autor__nome": "MARQUIM CATABRIGA", "texto_original": "http://64.23.167.191/sapl/public/materialegislativa/2025/798/autografo_de_lei_n011-2025_denominacao_da_praca_anajanopolis.pdf", "ementa": "\u201cDISP\u00d5E SOBRE A DENOMINA\u00c7\u00c3O DA PRA\u00c7A LOCALIZADA NO DISTRITO DE ANAJAN\u00d3POLIS COMO: PRA\u00c7A ANT\u00d4NIO CASIMIRO DE SOUZA\u201d."}, {"id": 799, "ano": 2025, "numero": 12, "tipo__sigla": "AUTL", "tipo__descricao": "Aut\u00f3grafo de Lei", "autoria__autor__nome": "MARQUIM CATABRIGA", "texto_original": "http://64.23.167.191/sapl/public/materialegislativa/2025/799/autografo_de_lei_n012-2025_instalacao_de_cameras_de_vigilancias.pdf", "ementa": "\u201cDISP\u00d5E SOBRE A INSTALA\u00c7\u00c3O DE C\u00c2MERAS DE VIGIL\u00c2NCIA EM CASAS NOTURNAS DE DIVERS\u00c3O E LAZER NO MUNIC\u00cdPIO E D\u00c1 OUTRAS PROVID\u00caNCIAS.\u201d"}, {"id": 801, "ano": 2025, "numero": 13, "tipo__sigla": "AUTL", "tipo__descricao": "Aut\u00f3grafo de Lei", "autoria__autor__nome": "MARQUIM CATABRIGA", "texto_original": "http://64.23.167.191/sapl/public/materialegislativa/2025/801/autografo_de_lei__no013-2025.pdf", "ementa": "\u201cDISP\u00d5E SOBRE ALTERA\u00c7\u00c3O DO NOME DA RUA 09, SITUADA NO SETOR HABITAT, NOS FUNDOS DA ANTIGA COED, PARA O NOME DE ARY RODRIGUES AMORIM."}, {"id": 802, "ano": 2025, "numero": 14, "tipo__sigla": "AUTL", "tipo__descricao": "Aut\u00f3grafo de Lei", "autoria__autor__nome": "MARQUIM CATABRIGA", "texto_original": "http://64.23.167.191/sapl/public/materialegislativa/2025/802/autografo_de_lei_no014-2025.pdf", "ementa": "\u201cDISP\u00d5E SOBRE A IMPLANTA\u00c7\u00c3O DO PROGRAMA INTEGRADO DE SA\u00daDE E HIGIENE NAS ESCOLAS E CRECHES MUNICIPAIS E RURAIS DO MUNIC\u00cdPIO DE PEDRO AFONSO -TO E DA OUTRAS PROVID\u00caNCIAS.\u201d"}, {"id": 820, "ano": 2025, "numero": 15, "tipo__sigla": "AUTL", "tipo__descricao": "Aut\u00f3grafo de Lei", "autoria__autor__nome": "MARQUIM CATABRIGA", "texto_original": "http://64.23.167.191/sapl/public/materialegislativa/2025/820/autografo_de_lei__no015-2025_institui_programa_de_recuperacao_fiscal-refis_pedro_afonso.pdf", "ementa": "\u201cINSTITUI PROGRAMA DE RECUPERA\u00c7\u00c3O FISCAL \u2013 REFIS PEDRO AFONSO/2025 \u2013 DO MUNIC\u00cdPIO DE PEDRO AFONSO, ESTADO DO TOCANTINS, E D\u00c1 OUTRAS PROVID\u00caNCIAS\u201d"}, {"id": 839, "ano": 2025, "numero": 16, "tipo__sigla": "AUTL", "tipo__descricao": "Aut\u00f3grafo de Lei", "autoria__autor__nome": "MARQUIM CATABRIGA", "texto_original": "http://64.23.167.191/sapl/public/materialegislativa/2025/839/autografo_de_lei_no016-2025__semana_da_cidadania_nas_escolas.pdf", "ementa": "Institui no Munic\u00edpio PEDRO AFONSO, Estado de Tocantins, Semana da Cidadania nas Escolas, a ser realizado por 05 dias no m\u00eas de abril, anualmente, por interm\u00e9dio da Secretaria de Educa\u00e7\u00e3o e secretarias competentes."}, {"id": 848, "ano": 2025, "numero": 17, "tipo__sigla": "AUTL", "tipo__descricao": "Aut\u00f3grafo de Lei", "autoria__autor__nome": "MARQUIM CATABRIGA", "texto_original": "http://64.23.167.191/sapl/public/materialegislativa/2025/848/autografo_de_lei_no017-2025_dia_mundial_de_concientizacao_sobre_a_neuromielite_optica.pdf", "ementa": "\"Institui o \"Dia Municipal de Conscientiza\u00e7\u00e3o sobre a Neuromielite \u00d3ptica\" no calend\u00e1rio oficial do munic\u00edpio e d\u00e1 outras provid\u00eancias."}, {"id": 849, "ano": 2025, "numero": 18, "tipo__sigla": "AUTL", "tipo__descricao": "Aut\u00f3grafo de Lei", "autoria__autor__nome": "MARQUIM CATABRIGA", "texto_original": "http://64.23.167.191/sapl/public/materialegislativa/2025/849/autografo_de_lei_no018-2025_altera_a_redacao_do_art._1o_da_lei_no0512017_de_17_de_novembro_do_ano_de_2017.pdf", "ementa": "\"ALTERA A REDA\u00c7\u00c3O DO ART. 1\u00b0 DA LEI N\u00ba 051/2017 DE 17 DE NOVEMBRO DO ANO DE 2017 E D\u00c1 OUTRAS PROVID\u00caNCIAS\""}, {"id": 850, "ano": 2025, "numero": 19, "tipo__sigla": "AUTL", "tipo__descricao": "Aut\u00f3grafo de Lei", "autoria__autor__nome": "MARQUIM CATABRIGA", "texto_original": "http://64.23.167.191/sapl/public/materialegislativa/2025/850/autografo_de_lei_no019-2025__revoga_o_2o_do_art._2o_da_lei_complementar_001-2025_refis.pdf", "ementa": "\"REVOGA O \u00a72\u00b0 DO ART. 2\u00b0, DA LEI COMPLEMENTAR 001/2025 - REFIS, E D\u00c1 OUTRAS PROVID\u00caNCIAS.\""}, {"id": 851, "ano": 2025, "numero": 20, "tipo__sigla": "AUTL", "tipo__descricao": "Aut\u00f3grafo de Lei", "autoria__autor__nome": "MARQUIM CATABRIGA", "texto_original": "http://64.23.167.191/sapl/public/materialegislativa/2025/851/autografo_de_lei_no020-2025__dispoe_sobre_a_obrigatoriedade_do_poder_executivo_mun_adotar_provid._p_o_cumpr._das_normas_federais.pdf", "ementa": "\"DISP\u00d5E SOBRE A OBRIGATORIEDADE DO PODER EXECUTIVO MUNICIPAL ADOTAR PROVID\u00caNCIAS PARA O CUMPRIMENTO DAS NORMAS FEDERAIS DE ACESSIBILIDADE NO \u00c2MBITO DO MUNIC\u00cdPIO DE PEDRO AFONSO-TO E D\u00c1 OUTRAS PROVID\u00caNCIAS\""}, {"id": 857, "ano": 2025, "numero": 21, "tipo__sigla": "AUTL", "tipo__descricao": "Aut\u00f3grafo de Lei", "autoria__autor__nome": "MARQUIM CATABRIGA", "texto_original": "http://64.23.167.191/sapl/public/materialegislativa/2025/857/autografo_de_lei_no_021-2025.pdf", "ementa": "\"DISP\u00d5E SOBRE O PROGRAMA SERVIDOR AMIGO DO AUTISTA, QUE TRATA DA CAPACITA\u00c7\u00c3O T\u00c9CNICA DE TODOS OS RVIDORES DO MUNIC\u00cdPIO DE PEDRO AFONSO NO ATENDIMENTO \u00c0S PESSOAS COM O TRANSTORNO DO ESPECTO AUTISTA\"."}, {"id": 858, "ano": 2025, "numero": 22, "tipo__sigla": "AUTL", "tipo__descricao": "Aut\u00f3grafo de Lei", "autoria__autor__nome": "MARQUIM CATABRIGA", "texto_original": "http://64.23.167.191/sapl/public/materialegislativa/2025/858/autografo_de_lei_no_022-2025.pdf", "ementa": "\"INSTITUI O SELO ESCOLA AMIGA DO AUTISTA NO \u00c2MBITO MUNICIPAL, E D\u00c1 OUTRAS PROVID\u00caNCIAS.\""}, {"id": 868, "ano": 2025, "numero": 23, "tipo__sigla": "AUTL", "tipo__descricao": "Aut\u00f3grafo de Lei", "autoria__autor__nome": "MARQUIM CATABRIGA", "texto_original": "http://64.23.167.191/sapl/public/materialegislativa/2025/868/autografo_de_lei_no_023-2025.pdf", "ementa": "\"INSTITUI O PAGAMENTO DO INCENTIVO FINANCEIRO POR DESEMPENHO \u00c0S EQUIPES DA ATEN\u00c7\u00c3O PRIM\u00c1RIA \u00c0 SA\u00daDE - APS NO MUNIC\u00cdPIO DE PEDRO AFONSO - TO, COM FUNDAMENTO NA PORTARIA GM/MS N\u00ba 3.493, DE 10 DE ABRIL DE 2024, E D\u00c1 OUTRAS PROVID\u00caNCIAS\"."}, {"id": 869, "ano": 2025, "numero": 24, "tipo__sigla": "AUTL", "tipo__descricao": "Aut\u00f3grafo de Lei", "autoria__autor__nome": "MARQUIM CATABRIGA", "texto_original": "http://64.23.167.191/sapl/public/materialegislativa/2025/869/autografo_de_lei_no_024-2025.pdf", "ementa": "\"DISP\u00d5E SOBRE REAJUSTE POR DATA-BASE AOS PROFISSIONAIS DO QUADRO GERAL PERMANENTE DO MUNIC\u00cdPIO DE PEDRO AFONSO, ESTADO DO TOCANTINS, E D\u00c1 OUTRAS PROVID\u00caNCIAS.\""}, {"id": 870, "ano": 2025, "numero": 25, "tipo__sigla": "AUTL", "tipo__descricao": "Aut\u00f3grafo de Lei", "autoria__autor__nome": "C\u00e2mara Municipal de Pedro Afonso - CMPA", "texto_original": "http://64.23.167.191/sapl/public/materialegislativa/2025/870/autografo_de_lei_no025-2025..pdf", "ementa": "Disp\u00f5e sobre reajuste por data-base aos profissionais do quadro permanente da sa\u00fade do munic\u00edpio de Pedro Afonso, Estado do Tocantins, e d\u00e1 outras provid\u00eancias."}, {"id": 871, "ano": 2025, "numero": 26, "tipo__sigla": "AUTL", "tipo__descricao": "Aut\u00f3grafo de Lei", "autoria__autor__nome": "MARQUIM CATABRIGA", "texto_original": "http://64.23.167.191/sapl/public/materialegislativa/2025/871/autografo_de_lei_n_026-2025.pdf", "ementa": "Concede t\u00edtulo de utilidade p\u00fablica municipal \u00e0 associa\u00e7\u00e3o UPB - Unidos Pelo Bem e d\u00e1 outras provid\u00eancias."}, {"id": 872, "ano": 2025, "numero": 27, "tipo__sigla": "AUTL", "tipo__descricao": "Aut\u00f3grafo de Lei", "autoria__autor__nome": "MARQUIM CATABRIGA", "texto_original": "http://64.23.167.191/sapl/public/materialegislativa/2025/872/autografo_de_lei_n_027-2025.pdf", "ementa": "Altera denomina\u00e7\u00e3o de rua."}, {"id": 873, "ano": 2025, "numero": 28, "tipo__sigla": "AUTL", "tipo__descricao": "Aut\u00f3grafo de Lei", "autoria__autor__nome": "MARQUIM CATABRIGA", "texto_original": "http://64.23.167.191/sapl/public/materialegislativa/2025/873/autografo_de_lei_n_028-2025.pdf", "ementa": "Altera denomina\u00e7\u00e3o de rua."}, {"id": 905, "ano": 2025, "numero": 29, "tipo__sigla": "AUTL", "tipo__descricao": "Aut\u00f3grafo de Lei", "autoria__autor__nome": "MARQUIM CATABRIGA", "texto_original": "http://64.23.167.191/sapl/public/materialegislativa/2025/905/autografo_de_lei_n_029-2025.pdf", "ementa": "Autoriza o Poder Executivo a celebrar conv\u00eanio com a federa\u00e7\u00e3o tocantinense de futebol de sal\u00e3o (F.T.F.S) e d\u00e1 outras provid\u00eancias."}, {"id": 938, "ano": 2025, "numero": 30, "tipo__sigla": "AUTL", "tipo__descricao": "Aut\u00f3grafo de Lei", "autoria__autor__nome": "MARQUIM CATABRIGA", "texto_original": "http://64.23.167.191/sapl/public/materialegislativa/2025/938/autografo_de_lei_n_030-2025.pdf", "ementa": "Disp\u00f5e sobre denomina\u00e7\u00e3o de obra p\u00fablica no \u00e2mbito do munic\u00edpio de Pedro Afonso - TO, e d\u00e1 outras provid\u00eancias."}, {"id": 939, "ano": 2025, "numero": 31, "tipo__sigla": "AUTL", "tipo__descricao": "Aut\u00f3grafo de Lei", "autoria__autor__nome": "MARQUIM CATABRIGA", "texto_original": "http://64.23.167.191/sapl/public/materialegislativa/2025/939/autografo_de_lei_n031-2025_institui_o_prejeto.pdf", "ementa": "Institui o projeto \"Esporte e Cidadania\" no \u00e2mbito do munic\u00edpio de Pedro Afonso, e d\u00e1 outras provid\u00eancias."}, {"id": 1032, "ano": 2025, "numero": 32, "tipo__sigla": "AUTL", "tipo__descricao": "Aut\u00f3grafo de Lei", "autoria__autor__nome": "MARQUIM CATABRIGA", "texto_original": "http://64.23.167.191/sapl/public/materialegislativa/2025/1032/autougrafo_de_lei_n_032-2025.pdf", "ementa": "Altera o artigo 3\u00b0 da Lei 65 de 24 de janeiro de 2022, que revoga a lei n\u00b0 25/2021 e disp\u00f5e sobre autoriza\u00e7\u00e3o ao poder executivo municipal, pro que tange a celebra\u00e7\u00e3o de conv\u00eanio com a associa\u00e7\u00e3o de radiodifus\u00e3o comunit\u00e1ria de Pedro Afonso - TO (Vale do Tocantins FM), e d\u00e1 outras provid\u00eancias."}, {"id": 1310, "ano": 2025, "numero": 33, "tipo__sigla": "AUTL", "tipo__descricao": "Aut\u00f3grafo de Lei", "autoria__autor__nome": "MARQUIM CATABRIGA", "texto_original": "http://64.23.167.191/sapl/public/materialegislativa/2025/1310/autografo_de_lei_na_033-2025_dispoe_sobre_denominacao_da_escola_mun._de_anajanopolis_porto_real.pdf", "ementa": "DISP\u00d5E SOBRE DENOMINA\u00c7\u00c3O DA ESCOLA MUNICIPAL DE ANAJAN\u00d3POLIS (PORTO REAL) NO \u00c2MBITO DO MUNIC\u00cdPIO DE PEDRO AFONSO - TO, E D\u00c1 OUTRAS PROVID\u00caNCIAS."}, {"id": 1311, "ano": 2025, "numero": 34, "tipo__sigla": "AUTL", "tipo__descricao": "Aut\u00f3grafo de Lei", "autoria__autor__nome": "MARQUIM CATABRIGA", "texto_original": "http://64.23.167.191/sapl/public/materialegislativa/2025/1311/autografo_de_lei_na_034-2025_autorizo_o_executivo_mun._a_receber_em_cessao_gratuita_de_uso_da_diocese_de_miracema.pdf", "ementa": "\"Autorizo o Executivo Municipal a receber em cess\u00e3o gratuita de uso, da Diocese de Miracema do Tocantins, da outras provid\u00eancias.\""}, {"id": 1322, "ano": 2025, "numero": 35, "tipo__sigla": "AUTL", "tipo__descricao": "Aut\u00f3grafo de Lei", "autoria__autor__nome": "MARQUIM CATABRIGA", "texto_original": "http://64.23.167.191/sapl/public/materialegislativa/2025/1322/autografo_de_lei_na035-2025.pdf", "ementa": "\"Disp\u00f5e sobre a obrigatoriedade do fornecimento de Equipamentos de Prote\u00e7\u00e3o Individual (EPls) aos Servidores P\u00fablicos Municipais que exer\u00e7am atividades expostos ao sol e d\u00e1 outras provid\u00eancias.\""}, {"id": 1333, "ano": 2025, "numero": 36, "tipo__sigla": "AUTL", "tipo__descricao": "Aut\u00f3grafo de Lei", "autoria__autor__nome": "MARQUIM CATABRIGA", "texto_original": "http://64.23.167.191/sapl/public/materialegislativa/2025/1333/autografo_de_lei_na_036-2025_prorroga_ate_31_de_dezembro_de_2026_a_vigencia_do_plano_nacional_de_educacao.pdf", "ementa": "Prorroga, at\u00e9 dia 31 de dezembro de 2026, a vig\u00eancia do Plano Nacional de Educa\u00e7\u00e3o aprovado por meio da Lei n\u00b0 001, de 27 de maio de 2015."}, {"id": 1371, "ano": 2025, "numero": 37, "tipo__sigla": "AUTL", "tipo__descricao": "Aut\u00f3grafo de Lei", "autoria__autor__nome": null, "texto_original": "http://64.23.167.191/sapl/public/materialegislativa/2025/1371/autografo_de_lei_na_037-2025_dispoe_sobre_alteracao_do_nome_da_rua_ribeirao.pdf", "ementa": "Disp\u00f5e sobre a altera\u00e7\u00e3o do nome da Rua Ribeir\u00e3o, compreendida entre as imedia\u00e7\u00f5es da empresa COAPA e o Po\u00e7\u00e3o do Ribeir\u00e3o, passando a denominar-se Rua Nilo Neto Brito."}, {"id": 1390, "ano": 2025, "numero": 38, "tipo__sigla": "AUTL", "tipo__descricao": "Aut\u00f3grafo de Lei", "autoria__autor__nome": "MARQUIM CATABRIGA", "texto_original": "http://64.23.167.191/sapl/public/materialegislativa/2025/1390/autografo_de_lei_no038-2025_institui_o_programa_mun._de_transporte_solidario_de_saude_no_mun._pedro_afonso.pdf", "ementa": "Institui o Programa Municipal de Transporte Solid\u00e1rio de Sa\u00fade no munic\u00edpio de Pedro Afonso - TO e d\u00e1 outras provid\u00eancias."}, {"id": 1388, "ano": 2025, "numero": 39, "tipo__sigla": "AUTL", "tipo__descricao": "Aut\u00f3grafo de Lei", "autoria__autor__nome": "MARQUIM CATABRIGA", "texto_original": "http://64.23.167.191/sapl/public/materialegislativa/2025/1388/autografo_de_lei_na_039-2025_dispoe_sobre_autorizacao_para_doacao_de_area_publica_ao_senai..pdf", "ementa": "Disp\u00f5e sobre autoriza\u00e7\u00e3o para doa\u00e7\u00e3o de \u00e1rea p\u00fablica ao SENAI Tocantins e d\u00e1 outras provid\u00eancias."}, {"id": 1389, "ano": 2025, "numero": 40, "tipo__sigla": "AUTL", "tipo__descricao": "Aut\u00f3grafo de Lei", "autoria__autor__nome": "MARQUIM CATABRIGA", "texto_original": "http://64.23.167.191/sapl/public/materialegislativa/2025/1389/autografo_de_lei_na_040-2025_autoriza_o_mun._de_pedro_afonso_estado_toc._a_permitir_a_servidao.pdf", "ementa": "Autoriza o munic\u00edpio de Pedro Afonso - Estado do Tocantins a permitir a servid\u00e3o administrativa para fins de passagem e instala\u00e7\u00e3o de infraestrutura de rede el\u00e9trica no povoado mata verde, em favor da BP Bioenergy, e d\u00e1 outras provid\u00eancias."}, {"id": 1414, "ano": 2025, "numero": 41, "tipo__sigla": "AUTL", "tipo__descricao": "Aut\u00f3grafo de Lei", "autoria__autor__nome": "MARQUIM CATABRIGA", "texto_original": "http://64.23.167.191/sapl/public/materialegislativa/2025/1414/autografo_de_lei_no041-2025_dispoe_sobre_a_denominacao_da_praca_a_ser_construida_em_torno_do_posto_de_saude__no_distrito_de_agrovila_bom_tempo.pdf", "ementa": "Disp\u00f5e sobre a denomina\u00e7\u00e3o da pra\u00e7a a ser constru\u00edda em torno do posto de sa\u00fade no Distrito de Agrovila Bom Tempo, neste Munic\u00edpio de Pedro Afonso - TO, e d\u00e1 outras provid\u00eancias."}, {"id": 1415, "ano": 2025, "numero": 42, "tipo__sigla": "AUTL", "tipo__descricao": "Aut\u00f3grafo de Lei", "autoria__autor__nome": "MARQUIM CATABRIGA", "texto_original": "http://64.23.167.191/sapl/public/materialegislativa/2025/1415/autografo_de_lei_na042-2025_dispoe_a_denominacao_de_via_publica_localizada_no_distrito_de_agrovila_bom_tempo.pdf", "ementa": "Disp\u00f5e sobre a denomina\u00e7\u00e3o de via p\u00fablica localizada no Distrito de Agrovila Bom Tempo, neste Munic\u00edpio de Pedro Afonso - TO, e d\u00e1 outras provid\u00eancias."}, {"id": 1416, "ano": 2025, "numero": 43, "tipo__sigla": "AUTL", "tipo__descricao": "Aut\u00f3grafo de Lei", "autoria__autor__nome": "MARQUIM CATABRIGA", "texto_original": "http://64.23.167.191/sapl/public/materialegislativa/2025/1416/autografo_de_lei_na043-2025_altera_a_denominacao_da_rua_2_localizada_no_distrito_de_anajanopolis-porto_real.pdf", "ementa": "Altera a denomina\u00e7\u00e3o da Rua 2, localizada no Distrito de Anajan\u00f3polis - Porto Real, neste Munic\u00edpio de Pedro Afonso - TO, que passa a denominar-se Rua Erval Barreira de Abreu, e d\u00e1 outras provid\u00eancias."}, {"id": 1417, "ano": 2025, "numero": 44, "tipo__sigla": "AUTL", "tipo__descricao": "Aut\u00f3grafo de Lei", "autoria__autor__nome": "MARQUIM CATABRIGA", "texto_original": "http://64.23.167.191/sapl/public/materialegislativa/2025/1417/autografo_de_lei_na044-2025_dispoe_sobre_a_denominacao_de_via_publica_localizada_no_distrito_de_anajanopolis_-_porto_real.pdf", "ementa": "Disp\u00f5e sobre a denomina\u00e7\u00e3o de via p\u00fablica localizada no Distrito de Anajan\u00f3polis - Porto Real, neste Munic\u00edpio de Pedro Afonso - TO, e d\u00e1 outras provid\u00eancias."}, {"id": 1418, "ano": 2025, "numero": 45, "tipo__sigla": "AUTL", "tipo__descricao": "Aut\u00f3grafo de Lei", "autoria__autor__nome": "MARQUIM CATABRIGA", "texto_original": "http://64.23.167.191/sapl/public/materialegislativa/2025/1418/autografo_de_lei_na045-2025_dispoe_sobre_as_diretrizes_gerais_para_a_elaboracao_da_lei_orcamentaria_de_2026.pdf", "ementa": "Disp\u00f5e sobre as diretrizes gerais para a elabora\u00e7\u00e3o da Lei Or\u00e7ament\u00e1ria de 2026 e d\u00e1 outras provid\u00eancias."}, {"id": 1419, "ano": 2025, "numero": 46, "tipo__sigla": "AUTL", "tipo__descricao": "Aut\u00f3grafo de Lei", "autoria__autor__nome": "MARQUIM CATABRIGA", "texto_original": "http://64.23.167.191/sapl/public/materialegislativa/2025/1419/autografo_de_lei_na046-2025_ementa__dispoe_sobre_estimativa_do_plano_plurianual_do_mun._de_pedro_afonso.pdf", "ementa": "Disp\u00f5e sobre Estimativa do Plano Plurianual do Munic\u00edpio de Pedro Afonso - TO para o per\u00edodo de 2026 a 2029 e d\u00e1 outras provid\u00eancias."}, {"id": 1420, "ano": 2025, "numero": 47, "tipo__sigla": "AUTL", "tipo__descricao": "Aut\u00f3grafo de Lei", "autoria__autor__nome": "MARQUIM CATABRIGA", "texto_original": "http://64.23.167.191/sapl/public/materialegislativa/2025/1420/autografo_de_lei_na047-2025_estima_a_receita_e_fixa_a_despesa_da_loa__-_lei_do_orcamento_anual_do_mun._de_pedro_afonso..pdf", "ementa": "Estima a Receita e fixa a Despesa da LOA - Lei do Or\u00e7amento Anual do Munic\u00edpio de Pedro Afonso - TO, para o exerc\u00edcio financeiro de 2026."}, {"id": 1421, "ano": 2025, "numero": 48, "tipo__sigla": "AUTL", "tipo__descricao": "Aut\u00f3grafo de Lei", "autoria__autor__nome": "MARQUIM CATABRIGA", "texto_original": "http://64.23.167.191/sapl/public/materialegislativa/2025/1421/autografo_de_lei_na048-2025_dispoe_sobre_a_regularizacao_dominial_de_imoveis_ocupados_por_municipes.pdf", "ementa": "Disp\u00f5e sobre a regulariza\u00e7\u00e3o dominial de im\u00f3veis ocupados por mun\u00edcipes localizados em \u00e1reas devidamente matriculadas, e d\u00e1 outras provid\u00eancias."}, {"id": 1422, "ano": 2025, "numero": 49, "tipo__sigla": "AUTL", "tipo__descricao": "Aut\u00f3grafo de Lei", "autoria__autor__nome": "MARQUIM CATABRIGA", "texto_original": "http://64.23.167.191/sapl/public/materialegislativa/2025/1422/autografo_de_lei_na049-2025_institui_o_programa_municipal_cidade_verde.pdf", "ementa": "Institui o Programa Municipal \"Cidade Verde\", destinado ao incentivo do plantio de \u00e1rvores nativas no Munic\u00edpio de Pedro Afonso - TO, com participa\u00e7\u00e3o das escolas e da comunidade."}, {"id": 1458, "ano": 2025, "numero": 50, "tipo__sigla": "AUTL", "tipo__descricao": "Aut\u00f3grafo de Lei", "autoria__autor__nome": null, "texto_original": "http://64.23.167.191/sapl/public/materialegislativa/2025/1458/autografo_de_lei_na050-2025_altera_a_lei_mun._na026-2019_pro_que_tange_a_inclusao_e_reajuste_salarial_da_classe_profissional..pdf", "ementa": "Altera a Lei Municipal n\u00b0 026/2019, pro que tange a inclus\u00e3o e reajuste salarial da classe profissional e d\u00e1 outras provid\u00eancias."}, {"id": 1459, "ano": 2025, "numero": 51, "tipo__sigla": "AUTL", "tipo__descricao": "Aut\u00f3grafo de Lei", "autoria__autor__nome": "MARQUIM CATABRIGA", "texto_original": "http://64.23.167.191/sapl/public/materialegislativa/2025/1459/autografo_de_lei_na051-2025_dispoe_sobre_autorizacao_legisl_da_continuidade_da_denominada_secret_extraord_para_resolucoes_de_probl_pluviais.pdf", "ementa": "Disp\u00f5e sobre autoriza\u00e7\u00e3o legislativa a continuidade da denominada \"Secretaria Extraordin\u00e1ria para Resolu\u00e7\u00f5es de Problem\u00e1ticas Fluviais\"  sob per\u00edodo r\u00edgido e determinado, consoante \u00e0 Lei n\u00b0 074/2022 (Lei que disp\u00f5e sobre diretrizes or\u00e7ament\u00e1rias 2023), e d\u00e1 outras provid\u00eancias."}, {"id": 1460, "ano": 2025, "numero": 52, "tipo__sigla": "AUTL", "tipo__descricao": "Aut\u00f3grafo de Lei", "autoria__autor__nome": "MARQUIM CATABRIGA", "texto_original": "http://64.23.167.191/sapl/public/materialegislativa/2025/1460/autografo_de_lei_na052-2025_ementa_altera_a_lei_na36-2025_para_inclui_os_arts._5a_-_a_5a_-_b_5a_-_c_e_5a_-_d.pdf", "ementa": "Altera a Lei n\u00b0 36/2025 para incluir os arts. 5\u00b0-A, 5\u00b0-B, 5\u00b0-C e 5\u00b0-D, que trata sobre a exce\u00e7\u00e3o de Pol\u00edticas P\u00fablicas voltadas para crian\u00e7as por meio de Agenda Transversal."}, {"id": 1461, "ano": 2025, "numero": 53, "tipo__sigla": "AUTL", "tipo__descricao": "Aut\u00f3grafo de Lei", "autoria__autor__nome": "MARQUIM CATABRIGA", "texto_original": "http://64.23.167.191/sapl/public/materialegislativa/2025/1461/autografo_de_lei_na053-2025_inclui_dispositivo_no_codigo_tributario_mun.para_prever__o_imposto_sobre_bens_e_servicos__-_ibs.pdf", "ementa": "Inclui dispositivo no C\u00f3digo Tribut\u00e1rio Municipal para prever o Imposto sobre Bnes e Servi\u00e7os - IBS."}, {"id": 1462, "ano": 2025, "numero": 54, "tipo__sigla": "AUTL", "tipo__descricao": "Aut\u00f3grafo de Lei", "autoria__autor__nome": "MARQUIM CATABRIGA", "texto_original": "http://64.23.167.191/sapl/public/materialegislativa/2025/1462/autografo_de_lei_na054-2025_dispoe_sobre_reajuste_na_estrutura_tarifaria_do_sistema_de_saneamento_e_aguas_pedro_afonso.pdf", "ementa": "Disp\u00f5e sobre reajuste na estrutura tarif\u00e1ria do Sistema de Saneamento e \u00c1guas de Pedro Afonso / SISAPA, e d\u00e1 outras provid\u00eancias."}, {"id": 725, "ano": 2025, "numero": 1, "tipo__sigla": "PLE", "tipo__descricao": "Projeto de Lei do Executivo", "autoria__autor__nome": "Joaquim Martins Pinheiro Filho", "texto_original": "http://64.23.167.191/sapl/public/materialegislativa/2025/725/projeto_de_lei_no_001-2025_-_dispoe_sobre_valor_de_salario_minimo_a_vigorar_a_partir_de_1o_de_janeiro_de_2025..pdf", "ementa": "\"DISP\u00d5E SOBRE VALOR DE SAL\u00c1RIO M\u00cdNIMO A VIGORAR A PARTIR DE 1 \u00ba DE JANEIRO DE 2025.\""}, {"id": 726, "ano": 2025, "numero": 2, "tipo__sigla": "PLE", "tipo__descricao": "Projeto de Lei do Executivo", "autoria__autor__nome": "Joaquim Martins Pinheiro Filho", "texto_original": "http://64.23.167.191/sapl/public/materialegislativa/2025/726/projeto_de_lei_no_002-2025_-_autoriza_o_pagamento_por_desempenho_das_equipes_de_saude_bucal_na_atencao_primaria_a_saude_-_aps_previsto_na_portaria_no_960-2023..pdf", "ementa": "\"AUTORIZA o PAGAMENTO POR DESEMPENHO DAS EQUIPES DE SA\u00daDE BUCAL NA ATEN\u00c7\u00c3O PRIM\u00c1RIA \u00c0 SA\u00daDE-APS, PREVISTO NA PORTARIA N\u00ba 960, DE 17 DE JULHO DE 2023 DO MINIST\u00c9RIO DA SA\u00daDE E, D\u00c1 OUTRAS PROVID\u00caNCIAS.\""}, {"id": 727, "ano": 2025, "numero": 3, "tipo__sigla": "PLE", "tipo__descricao": "Projeto de Lei do Executivo", "autoria__autor__nome": "Joaquim Martins Pinheiro Filho", "texto_original": "http://64.23.167.191/sapl/public/materialegislativa/2025/727/projeto_de_lei_no_003-2025_-_dispoes_sobre_a_modificacao_da_estrutura_organicacional_do_muncipio_de_pedro_afonso..pdf", "ementa": "\"DISP\u00d5E SOBRE A MODIFICA\u00c7\u00c3O DA ESTRUTURA ORGANIZACIONAL DO MUNIC\u00cdPIO DE PEDRO DE PEDRO AFONSO - TO, COM O DESMEMBRAMENTO DE PASTAS E CRIA\u00c7\u00c3O DE NOVAS SECRETARIAS, AL\u00c9M DA MODIFICA\u00c7\u00c3O E CRIA\u00c7\u00c3O DE NOVOS CARGOS, EM\r\nATENDIMENTO AO QUE DISCIPLINA A LEGISLA\u00c7\u00c3O E D\u00c1 OUTRAS PROVID\u00caNCIAS\"."}, {"id": 728, "ano": 2025, "numero": 4, "tipo__sigla": "PLE", "tipo__descricao": "Projeto de Lei do Executivo", "autoria__autor__nome": "Joaquim Martins Pinheiro Filho", "texto_original": "http://64.23.167.191/sapl/public/materialegislativa/2025/728/projeto_de_lei_no_004-2025_-_altera_as_nomenclaturas_de_unidades_orcamentarias_da_lei_orcamentaria_anul_loa..pdf", "ementa": "\"ALTERA AS NOMENCLATURAS DE UNIDADES OR\u00c7AMENT\u00c1RIAS DA LEI OR\u00c7AMENT\u00c1RIA ANUAL (LOA) DO EXERC\u00cdCIO DE 2025 E D\u00c1 OUTRAS\r\nPROVID\u00caNCIAS\"."}, {"id": 729, "ano": 2025, "numero": 5, "tipo__sigla": "PLE", "tipo__descricao": "Projeto de Lei do Executivo", "autoria__autor__nome": "Joaquim Martins Pinheiro Filho", "texto_original": "http://64.23.167.191/sapl/public/materialegislativa/2025/729/projeto_de_lei_no_005-2024_-_dispoe_sobre_projeto_escola_destaque_anos_iniciais._do_ensino_fundamental.pdf", "ementa": "\"DISP\u00d5E SOBRE PROJETO \"ESCOLA DESTAQUE ANOS INICIAIS DO ENSINO FUNDAMENTAL\", DO MUNIC\u00cdPIO DE PEDRO AFONSO - TO, E D\u00c1 OUTRAS PROVID\u00caNCIAS\"."}, {"id": 730, "ano": 2025, "numero": 6, "tipo__sigla": "PLE", "tipo__descricao": "Projeto de Lei do Executivo", "autoria__autor__nome": "Joaquim Martins Pinheiro Filho", "texto_original": "http://64.23.167.191/sapl/public/materialegislativa/2025/730/projeto_de_lei_no_006-2024_-_dispoe_sobre_projeto_escola_destaque_educacao_infantil..pdf", "ementa": "\"DISP\u00d5E SOBRE PROJETO \"ESCOLA DESTAQUE EDUCA\u00c7\u00c3O INFANTIL\", DO MUNIC\u00cdPIO DE PEDRO AFONSO - TO, E D\u00c1 OUTRAS PROVID\u00caNCIAS\"."}, {"id": 731, "ano": 2025, "numero": 7, "tipo__sigla": "PLE", "tipo__descricao": "Projeto de Lei do Executivo", "autoria__autor__nome": "Joaquim Martins Pinheiro Filho", "texto_original": "http://64.23.167.191/sapl/public/materialegislativa/2025/731/projeto_de_lei_no_007-2025__dispoe_sobre_autorizacao_legislaiva_a_continuidade_da_denominada_secretaria_extraordinaria_para_resolucoes_de_problematicas_pluviais..pdf", "ementa": "\"DISP\u00d5E SOBRE AUTORIZA\u00c7\u00c3O LEGISLATIVA \u00c0 CONTINUIDADE DA DENOMINADA \"SECRETARIA EXTRAORDIN\u00c1RIA PARA RESOLU\u00c7\u00d5ES DE\r\nPROBLEM\u00c1TICAS PLUVIAIS\" - SOB PERIODO R\u00cdGIDO E DETERMINADO-, CONSOANTE \u00c0 LEI N\u00ba 074/2022 (LEI QUE DISP\u00d5E SOBRE DIRETRIZES OR\u00c7AMENT\u00c1RIAS 2023), E D\u00c1 OUTRAS PROVID\u00caNCIAS\""}, {"id": 788, "ano": 2025, "numero": 8, "tipo__sigla": "PLE", "tipo__descricao": "Projeto de Lei do Executivo", "autoria__autor__nome": "Joaquim Martins Pinheiro Filho", "texto_original": "http://64.23.167.191/sapl/public/materialegislativa/2025/788/projeto_de_lei_no_008-2025_dispoe_sobre_a_modificacao_da_estrutura_orgacional_do_pccr_da_secretaria_municipal_de_educacao..pdf", "ementa": "\"DISP\u00d5E SOBRE A MODIFICA\u00c7\u00c3O DA ESTRUTURA ORGANIZACIONAL DO PCCR DA SECRETARIA MUNICIPAL DE EDUCA\u00c7\u00c3O, COM A CRIA\u00c7\u00c3O DE NOVOS CARGOS, EM ATENDIMENTO AO QUE DISCIPLINA A LEGISLA\u00c7\u00c3O E D\u00c1 OUTRAS PROVID\u00caNCIAS\"."}, {"id": 789, "ano": 2025, "numero": 9, "tipo__sigla": "PLE", "tipo__descricao": "Projeto de Lei do Executivo", "autoria__autor__nome": "Joaquim Martins Pinheiro Filho", "texto_original": "http://64.23.167.191/sapl/public/materialegislativa/2025/789/projeto_de_lei_no_009-2025_-_projeto__de_lei_-_dispoe_sobre_a_modificacao_da_estrutura_orgacional_do_pccr_da_secretaria_municipal_de_educacao..pdf", "ementa": "\"DISP\u00d5E SOBRE A MODIFICA\u00c7\u00c3O DA ESTRUTURA ORGANIZACIONAL DO PCCR DA SECRET\u00c1RIA MUNICIPAL DE EDUCA\u00c7\u00c3O, COM O DESMEMBRAMENTO DE FUN\u00c7\u00d5ES COMISSIONADAS E DE DIRETORIAS, EM ATENDIMENTO AO QUE DISCIPLINA A LEGISLA\u00c7\u00c3O E D\u00c1 OUTRAS\r\nPROVID\u00caNCIAS\"."}, {"id": 955, "ano": 2025, "numero": 11, "tipo__sigla": "PLE", "tipo__descricao": "Projeto de Lei do Executivo", "autoria__autor__nome": "Joaquim Martins Pinheiro Filho", "texto_original": "http://64.23.167.191/sapl/public/materialegislativa/2025/955/projeto_de_lei_n_011-2025_altera_a_denominacoaao_de_rua.pdf", "ementa": "Altera denomina\u00e7\u00e3o de rua."}, {"id": 950, "ano": 2025, "numero": 12, "tipo__sigla": "PLE", "tipo__descricao": "Projeto de Lei do Executivo", "autoria__autor__nome": "Joaquim Martins Pinheiro Filho", "texto_original": "http://64.23.167.191/sapl/public/materialegislativa/2025/950/projeto_de_lei_n_012-2025_altera_a_denominacoaao_de_rua.pdf", "ementa": "Altera denomina\u00e7\u00e3o de rua."}, {"id": 951, "ano": 2025, "numero": 14, "tipo__sigla": "PLE", "tipo__descricao": "Projeto de Lei do Executivo", "autoria__autor__nome": "Joaquim Martins Pinheiro Filho", "texto_original": "http://64.23.167.191/sapl/public/materialegislativa/2025/951/projeto_de_lei_n_014-2025_autoriza_o_poder_executivo_a_celebrar_convenio_com_federacoaao.pdf", "ementa": "Autoriza o Poder Executivo a celebrar conv\u00eanio com a Federa\u00e7\u00e3o Tocantinense de Futebol de Sal\u00e3o (F.T.F.S), e d\u00e1 outras provid\u00eancias."}, {"id": 956, "ano": 2025, "numero": 15, "tipo__sigla": "PLE", "tipo__descricao": "Projeto de Lei do Executivo", "autoria__autor__nome": "Joaquim Martins Pinheiro Filho", "texto_original": "http://64.23.167.191/sapl/public/materialegislativa/2025/956/projeto_de_lei_n_015-2025_dispoe_sobre_denominacoaao_de_obra_puublica.pdf", "ementa": "Disp\u00f5e sobre denomina\u00e7\u00e3o de obra p\u00fablica no \u00e2mbito do munic\u00edpio de Pedro Afonso - TO, e d\u00e1 outras provid\u00eancias."}, {"id": 1036, "ano": 2025, "numero": 16, "tipo__sigla": "PLE", "tipo__descricao": "Projeto de Lei do Executivo", "autoria__autor__nome": "Joaquim Martins Pinheiro Filho", "texto_original": "http://64.23.167.191/sapl/public/materialegislativa/2025/1036/projeto_de_lei_n_016-2025_institui_o_projeto_cidadania_no_aembito_do_municipio_de_pedro_afonso..pdf", "ementa": "Institui o Projeto \"Esporte e Cidadania\" no \u00e2mbito do Munic\u00edpio de Pedro Afonso, e d\u00e1 outras provid\u00eancias."}, {"id": 952, "ano": 2025, "numero": 17, "tipo__sigla": "PLE", "tipo__descricao": "Projeto de Lei do Executivo", "autoria__autor__nome": "Joaquim Martins Pinheiro Filho", "texto_original": "http://64.23.167.191/sapl/public/materialegislativa/2025/952/projeto_de_lei_n_017-2025_institui_o_pagamento_do_incentivo_financeiro_por_desempenho_as_equipes_da_atencoaao_primaria_a_saude.pdf", "ementa": "Institui o pagamento do incentivo financeiro por desempenho financeiro por desempenho \u00e0s equipes da aten\u00e7\u00e3o prim\u00e1ria \u00e0 sa\u00fade - APS no munic\u00edpio de Pedro Afonso - TO, com fundamento na portaria GM/MS n\u00b0 3.493, de 10 de abril de 2024, e d\u00e1 outras provid\u00eancias."}, {"id": 953, "ano": 2025, "numero": 18, "tipo__sigla": "PLE", "tipo__descricao": "Projeto de Lei do Executivo", "autoria__autor__nome": "Joaquim Martins Pinheiro Filho", "texto_original": "http://64.23.167.191/sapl/public/materialegislativa/2025/953/projeto_de_lei_n_018-2025_dispoae_sobre_reajuste_por_data-base_aos_profissionais_do_quadro_geral_permante.pdf", "ementa": "Disp\u00f5e sobre reajuste por data-base aos profissionais do quadro geral permanente do munic\u00edpio de Pedro Afonso, Estado do Tocantins, e d\u00e1 outras provid\u00eancias."}, {"id": 954, "ano": 2025, "numero": 19, "tipo__sigla": "PLE", "tipo__descricao": "Projeto de Lei do Executivo", "autoria__autor__nome": "Joaquim Martins Pinheiro Filho", "texto_original": "http://64.23.167.191/sapl/public/materialegislativa/2025/954/projeto_de_lei_n_019-2025_dispoae_sobre_reajuste_por_data-base_aos_profissionais_do_quadro_permanente_da_saude.pdf", "ementa": "Disp\u00f5e sobre reajuste por data-base aos profissionais do quadro permanente da sa\u00fade do munic\u00edpio de Pedro Afonso, Estado do Tocantins, e d\u00e1 outras provid\u00eancias."}, {"id": 1042, "ano": 2025, "numero": 20, "tipo__sigla": "PLE", "tipo__descricao": "Projeto de Lei do Executivo", "autoria__autor__nome": "Joaquim Martins Pinheiro Filho", "texto_original": "http://64.23.167.191/sapl/public/materialegislativa/2025/1042/projeto_de_lei_no_020-2025_-_dispoe_sobre_autorizacao_ao_poder_executivo_a_celebracao_de_convenio_com_a_associacao_de_radiodifusao_vale_do_to_-_fm.pdf", "ementa": "\"ALTERA O ARTIGO 3\u00ba DA LEI 65 DE 24 DE JANEIRO DE 2022, QUE REVOGA A LEI N.\u00ba 25/2021 E DISP\u00d5E SOBRE AUTORIZA\u00c7\u00c3O AO PODER EXECUTIVO MUNICIPAL, PRO QUE TANGE A CELEBRA\u00c7\u00c3O DE CONV\u00caNIO COM A ASSOCIA\u00c7\u00c3O DE RADIODIFUS\u00c3O COMUNIT\u00c1RIA DE PEDRO AFONSO - TO (\"VALE DO TOCANTINS FM\"), E D\u00c1 OUTRAS PROVID\u00caNCIAS.\""}, {"id": 1346, "ano": 2025, "numero": 23, "tipo__sigla": "PLE", "tipo__descricao": "Projeto de Lei do Executivo", "autoria__autor__nome": "Joaquim Martins Pinheiro Filho", "texto_original": "http://64.23.167.191/sapl/public/materialegislativa/2025/1346/projeto_de_lei_na023-2025_prorroga_ate_31_de_zembro_de_2026_a_vigencia_do_plano_nac._educacao.pdf", "ementa": "Prorroga, at\u00e9 31 de dezembro de 2026, a vig\u00eancia do Plano Nacional de Educa\u00e7\u00e3o aprovado por meio da Lei n\u00b0 001, de 27 de maio de 2015."}, {"id": 1352, "ano": 2025, "numero": 24, "tipo__sigla": "PLE", "tipo__descricao": "Projeto de Lei do Executivo", "autoria__autor__nome": "Joaquim Martins Pinheiro Filho", "texto_original": "http://64.23.167.191/sapl/public/materialegislativa/2025/1352/projeto_de_lei_no_024-2025_-_lei_ldo.pdf", "ementa": "Disp\u00f5e sobre as Diretrizes Gerais para a elabora\u00e7\u00e3o da Lei Or\u00e7ament\u00e1ria de 2026 e d\u00e1 outras provid\u00eancias."}, {"id": 1428, "ano": 2025, "numero": 25, "tipo__sigla": "PLE", "tipo__descricao": "Projeto de Lei do Executivo", "autoria__autor__nome": "Joaquim Martins Pinheiro Filho", "texto_original": "http://64.23.167.191/sapl/public/materialegislativa/2025/1428/projeto_de_lei_no_25-2025_-_ementa._dispoe_sobre_estimativa_do_plano_plurianal_do_municipio_de_pedro_afonso-to..pdf", "ementa": "Disp\u00f5e sobre Estimativa do Plano Plurianual do Munic\u00edpio de Pedro Afonso - TO para o per\u00edodo de 2026 a 2029 e d\u00e1 outras provid\u00eancias."}, {"id": 1429, "ano": 2025, "numero": 26, "tipo__sigla": "PLE", "tipo__descricao": "Projeto de Lei do Executivo", "autoria__autor__nome": "Joaquim Martins Pinheiro Filho", "texto_original": "http://64.23.167.191/sapl/public/materialegislativa/2025/1429/projeto_de_lei_no_026-2025_-_estima_a_receita_e_fixa_a_despesa_da_loa_-_lei_do_orcamento_anual_do_municipio.pdf", "ementa": "Estima a Receita e fixa a Despesa da LOA - Lei do Or\u00e7amento Anual do Munic\u00edpio de Pedro Afonso - TO, para o exerc\u00edcio financeiro de 2026."}, {"id": 1401, "ano": 2025, "numero": 27, "tipo__sigla": "PLE", "tipo__descricao": "Projeto de Lei do Executivo", "autoria__autor__nome": "Joaquim Martins Pinheiro Filho", "texto_original": "http://64.23.167.191/sapl/public/materialegislativa/2025/1401/projeto_de_lei_na027-2025_dispoe_sobre_autorizacao_para_doacao_de_area_publica_ao_senai.pdf", "ementa": "Disp\u00f5e sobre autoriza\u00e7\u00e3o para doa\u00e7\u00e3o de \u00e1rea p\u00fablica ao SENAI Tocantins e d\u00e1 outras provid\u00eancias."}, {"id": 1408, "ano": 2025, "numero": 28, "tipo__sigla": "PLE", "tipo__descricao": "Projeto de Lei do Executivo", "autoria__autor__nome": "Joaquim Martins Pinheiro Filho", "texto_original": "http://64.23.167.191/sapl/public/materialegislativa/2025/1408/projeto_de_lei_na028-2025_autoriza_o_municipio_de_pedro_afonso_-_estado_tocantins_a_permitir_a_servidao.pdf", "ementa": "Autoriza o munic\u00edpio de Pedro Afonso - Estado do Tocantins a permitir a servid\u00e3o administrativa para fins de passagem e instala\u00e7\u00e3o de infraestrutura de rede el\u00e9trica no povoado Mata Verde, em favor da BP Bioenergy, e d\u00e1 outras provid\u00eancias."}, {"id": 1474, "ano": 2025, "numero": 29, "tipo__sigla": "PLE", "tipo__descricao": "Projeto de Lei do Executivo", "autoria__autor__nome": "Joaquim Martins Pinheiro Filho", "texto_original": "http://64.23.167.191/sapl/public/materialegislativa/2025/1474/projeto_de_lei_no_029-2025_regularizacao_dominal_de_imoveis.pdf", "ementa": "Disp\u00f5e sobre a regulariza\u00e7\u00e3o dominial de im\u00f3veis ocupados por mun\u00edcipes localizados em \u00e1reas devidamente matriculadas, e d\u00e1 outras provid\u00eancias."}, {"id": 1484, "ano": 2025, "numero": 30, "tipo__sigla": "PLE", "tipo__descricao": "Projeto de Lei do Executivo", "autoria__autor__nome": "Joaquim Martins Pinheiro Filho", "texto_original": "http://64.23.167.191/sapl/public/materialegislativa/2025/1484/projeto_de_lei_na030-2025_altera_a_lei_mun._na026-2019pro_que_tange_a_inclusao_e_reajuste_salarial_da_classe_profissional..pdf", "ementa": "Altera a Lei Municipal n\u00b0 026/2019, pro que tange a inclus\u00e3o e reajuste salarial da classe profissional e d\u00e1 outras provid\u00eancias."}, {"id": 1485, "ano": 2025, "numero": 31, "tipo__sigla": "PLE", "tipo__descricao": "Projeto de Lei do Executivo", "autoria__autor__nome": "Joaquim Martins Pinheiro Filho", "texto_original": "http://64.23.167.191/sapl/public/materialegislativa/2025/1485/projeto_de_lei_na031-2025_dispoe_sobre_autorizacao_legisl_da_continuidade_da_denominada_secret_extraord_para_resolucoes_de_probl_pluviais.pdf", "ementa": "Disp\u00f5e sobre autoriza\u00e7\u00e3o legislativa \u00e0 continuidade da denominada \"Secretaria Extraordin\u00e1ria para Resolu\u00e7\u00f5es de Problem\u00e1ticas Pluviais\" - sob per\u00edodo r\u00edgido e determinado -, consoante \u00e0 Lei n\u00b0 074/2022 (Lei que disp\u00f5e sobre diretrizes or\u00e7ament\u00e1rias 2023), e d\u00e1 outras provid\u00eancias."}, {"id": 1486, "ano": 2025, "numero": 32, "tipo__sigla": "PLE", "tipo__descricao": "Projeto de Lei do Executivo", "autoria__autor__nome": "Joaquim Martins Pinheiro Filho", "texto_original": "http://64.23.167.191/sapl/public/materialegislativa/2025/1486/projeto_de_lei_na032-2025_ementa_altera_a_lei_na36-2025_para_inclui_os_arts._5a_-_a_5a_-_b_5a_-_c_e_5a_-_d.pdf", "ementa": "Altera a Lei n\u00b0 36/2025 para incluir os arts. 5\u00b0-A, 5\u00b0-B, 5\u00b0-C e 5\u00b0-D, que trata sobre a execu\u00e7\u00e3o de Pol\u00edticas P\u00fablicas voltadas para crian\u00e7as e adolescentes por meio de Agenda Transversal."}, {"id": 1487, "ano": 2025, "numero": 33, "tipo__sigla": "PLE", "tipo__descricao": "Projeto de Lei do Executivo", "autoria__autor__nome": "Joaquim Martins Pinheiro Filho", "texto_original": "http://64.23.167.191/sapl/public/materialegislativa/2025/1487/projeto_de_lei_na33-2025_inclui_dispositivo_no_codigo_tributario_mun.para_prever__o_imposto_sobre_bens_e_servicos__-_ibs.pdf", "ementa": "Inclui dispositivo no C\u00f3digo Tribut\u00e1rio Municipal para prever o Imposto sobre Bens e Servi\u00e7os - IBS."}, {"id": 1488, "ano": 2025, "numero": 34, "tipo__sigla": "PLE", "tipo__descricao": "Projeto de Lei do Executivo", "autoria__autor__nome": "Joaquim Martins Pinheiro Filho", "texto_original": "http://64.23.167.191/sapl/public/materialegislativa/2025/1488/projeto_de_lei_no_34-2025_-_dispoe_sobre_reajuste_na_estrutura_tarifaria_do_sistema_de_sanemento_e_aguas_de_pedro_afonso-to..pdf", "ementa": "Disp\u00f5e sobre reajuste na estrutura tarif\u00e1ria do Sistema de Saneamento e \u00c1guas de Pedro Afonso / SISAPA, e d\u00e1 outras provid\u00eancias."}, {"id": 772, "ano": 2025, "numero": 1, "tipo__sigla": "ECONV", "tipo__descricao": "Edital de Convoca\u00e7\u00e3o", "autoria__autor__nome": "MARQUIM CATABRIGA", "texto_original": "http://64.23.167.191/sapl/public/materialegislativa/2025/772/edital_de_convocacao_no_001-2025_-_21-01-2025.pdf", "ementa": "CONVOCA Sess\u00e3o Extraordin\u00e1ria, para o dia 22/01/2025, \u00e0s 09h:00min, a realizar-se no Edif\u00edcio Sede do Poder Legislativo."}, {"id": 775, "ano": 2025, "numero": 2, "tipo__sigla": "ECONV", "tipo__descricao": "Edital de Convoca\u00e7\u00e3o", "autoria__autor__nome": "MARQUIM CATABRIGA", "texto_original": "http://64.23.167.191/sapl/public/materialegislativa/2025/775/errata_-_edital_de_convocacao_-_extraordinaria1_-_21-01-2025.pdf", "ementa": "ERRATA no Edital de Convoca\u00e7\u00e3o \u2013 Sess\u00e3o Extraordin\u00e1ria n.\u00ba 1/2025."}, {"id": 773, "ano": 2025, "numero": 3, "tipo__sigla": "ECONV", "tipo__descricao": "Edital de Convoca\u00e7\u00e3o", "autoria__autor__nome": "MARQUIM CATABRIGA", "texto_original": "http://64.23.167.191/sapl/public/materialegislativa/2025/773/edital_de_convocacao_no_002-2025_-_22-01-2025.pdf", "ementa": "CONVOCA Sess\u00e3o Extraordin\u00e1ria, para o dia 27/01/2025, \u00e0s 09h:30min, a realizar-se no Edif\u00edcio Sede do Poder Legislativo."}, {"id": 774, "ano": 2025, "numero": 4, "tipo__sigla": "ECONV", "tipo__descricao": "Edital de Convoca\u00e7\u00e3o", "autoria__autor__nome": "MARQUIM CATABRIGA", "texto_original": "http://64.23.167.191/sapl/public/materialegislativa/2025/774/edita_de_convocacao_sessao_extra_002-2025_-_29-01-2025.pdf", "ementa": "CONVOCA Sess\u00e3o Extraordin\u00e1ria, para o dia 31/01/2025, \u00e0s 09h:00min, a realizar-se no Edif\u00edcio Sede do Poder Legislativo."}, {"id": 787, "ano": 2025, "numero": 5, "tipo__sigla": "ECONV", "tipo__descricao": "Edital de Convoca\u00e7\u00e3o", "autoria__autor__nome": "MARQUIM CATABRIGA", "texto_original": "http://64.23.167.191/sapl/public/materialegislativa/2025/787/edital_de_convoacao_-_sessao_extraordinaria_003-2025.pdf", "ementa": "CONVOCA Sess\u00e3o Extraordin\u00e1ria, para o dia 06/03/2025, \u00e0s 10h:00min, a realizar-se no Edif\u00edcio Sede do Poder Legislativo."}, {"id": 948, "ano": 2025, "numero": 6, "tipo__sigla": "ECONV", "tipo__descricao": "Edital de Convoca\u00e7\u00e3o", "autoria__autor__nome": "MARQUIM CATABRIGA", "texto_original": "http://64.23.167.191/sapl/public/materialegislativa/2025/948/edital_de_convocacao_sessao_extraordinaria__na_004-2025.pdf", "ementa": "Edital de convoca\u00e7\u00e3o Sess\u00e3o Extraordin\u00e1ria n\u00b0 004/2025: RESOLVE Convocar Sess\u00e3o Extraordin\u00e1ria, para o dia 27/05/2025, \u00e0s 10:00h, a realizar-se no Edif\u00edcio Sede do Poder Legislativo."}, {"id": 1033, "ano": 2025, "numero": 7, "tipo__sigla": "ECONV", "tipo__descricao": "Edital de Convoca\u00e7\u00e3o", "autoria__autor__nome": "MARQUIM CATABRIGA", "texto_original": "http://64.23.167.191/sapl/public/materialegislativa/2025/1033/edital_de_convocacoaao_-_assinado.pdf", "ementa": "Edital de convoca\u00e7\u00e3o Sess\u00e3o Extraordin\u00e1ria n\u00b0 005/2025: RESOLVE Convocar Sess\u00e3o Extraordin\u00e1ria, para o dia 27/06/2025, \u00e0s 09:00h, em aten\u00e7\u00e3o ao of\u00edcio n\u00b0 463/2025, a realizar-se no Edif\u00edcio Sede do Poder Legislativo."}, {"id": 1391, "ano": 2025, "numero": 8, "tipo__sigla": "ECONV", "tipo__descricao": "Edital de Convoca\u00e7\u00e3o", "autoria__autor__nome": "MARQUIM CATABRIGA", "texto_original": "http://64.23.167.191/sapl/public/materialegislativa/2025/1391/edital_de_convocacao_sessao_extraordinaria_na07-2025.pdf", "ementa": "Edital de convoca\u00e7\u00e3o Sess\u00e3o Extraordin\u00e1ria n\u00b0 07/2025: Convoca os Senhores para Sess\u00e3o Extraordin\u00e1ria a realizar-se no dia 04/11/2025, ter\u00e7a-feira, \u00e0s 09:00h, nas depend\u00eancias da C\u00e2mara Municipal, destinada exclusivamente \u00e0 aprecia\u00e7\u00e3o das mat\u00e9rias constantes da Ordem do Dia, conforme solicita\u00e7\u00e3o do Chefe do Poder Executivo, constante do Of\u00edcio Gab. n\u00b0 585/2025."}, {"id": 1457, "ano": 2025, "numero": 9, "tipo__sigla": "ECONV", "tipo__descricao": "Edital de Convoca\u00e7\u00e3o", "autoria__autor__nome": "MARQUIM CATABRIGA", "texto_original": "http://64.23.167.191/sapl/public/materialegislativa/2025/1457/convocacao_extraordinaria_assinado.pdf", "ementa": "Edital de convoca\u00e7\u00e3o Sess\u00e3o Extraordin\u00e1ria n\u00b0 08/2025: CONVOCA os Senhores Vereadores para a sess\u00e3o extraordin\u00e1ria, a realizar-se no dia 18 (dezoito) de dezembro de 2025, quinta-feira, \u00e0s 09h, nas depend\u00eancias da C\u00e2mara Municipal."}, {"id": 1481, "ano": 2025, "numero": 10, "tipo__sigla": "ECONV", "tipo__descricao": "Edital de Convoca\u00e7\u00e3o", "autoria__autor__nome": "MARQUIM CATABRIGA", "texto_original": "http://64.23.167.191/sapl/public/materialegislativa/2025/1481/edital_de_convocacao_sessao_extraordinaria_na08-2025.pdf", "ementa": "Edital de convoca\u00e7\u00e3o Sess\u00e3o Extraordin\u00e1ria n\u00b0 08/2025: Convoca os Senhores para Sess\u00e3o Extraordin\u00e1ria a realizar-se no dia 18/12/2025, quinta-feira, \u00e0s 09:00h, nas depend\u00eancias da C\u00e2mara Municipal, destinada exclusivamente \u00e0 aprecia\u00e7\u00e3o das mat\u00e9rias constantes da Ordem do Dia, conforme solicita\u00e7\u00e3o do Chefe do Poder Executivo, constante do Of\u00edcio Gab. n\u00b0 680/2025."}, {"id": 815, "ano": 2025, "numero": 1, "tipo__sigla": "PLL", "tipo__descricao": "Projeto de Lei do Legislativo", "autoria__autor__nome": "PEDRO BELARMINO", "texto_original": "http://64.23.167.191/sapl/public/materialegislativa/2025/815/projeto_de_lei_n001-2025.pdf", "ementa": "Disp\u00f5e sobre a denomina\u00e7\u00e3o da pra\u00e7a localizada no distrito de Anajan\u00f3polis como: pra\u00e7a Ant\u00f4nio Casimiro de Souza."}, {"id": 818, "ano": 2025, "numero": 2, "tipo__sigla": "PLL", "tipo__descricao": "Projeto de Lei do Legislativo", "autoria__autor__nome": "MIRNEUTON SOARES", "texto_original": "http://64.23.167.191/sapl/public/materialegislativa/2025/818/projeto_lei_n001-2025.pdf", "ementa": "Projeto de Lei n\u00b0 001/2025, Ver. Neutin Soares: Disp\u00f5e sobre a instala\u00e7\u00e3o de c\u00e2maras de vigil\u00e2ncia em casas noturnas de divers\u00e3o e lazer no munic\u00edpio e d\u00e1 outras provid\u00eancias."}, {"id": 819, "ano": 2025, "numero": 3, "tipo__sigla": "PLL", "tipo__descricao": "Projeto de Lei do Legislativo", "autoria__autor__nome": "SEBASTI\u00c3O FABRICIO", "texto_original": "http://64.23.167.191/sapl/public/materialegislativa/2025/819/projeto_lei_n01-2025.pdf", "ementa": "Projeto de Lei n\u00b0 01/2025, Ver. Sebasti\u00e3o Fabr\u00edcio: Institui no Munic\u00edpio PEDRO AFONSO, estado de Tocantins, A SEMANA DA CULTURA CAT\u00d3LICA \"LOUVOR E ADORA\u00c7\u00c3O\", a ser realizada anualmente, preferencialmente na primeira semana do m\u00eas de maio, considerado este m\u00eas mariano."}, {"id": 860, "ano": 2025, "numero": 4, "tipo__sigla": "PLL", "tipo__descricao": "Projeto de Lei do Legislativo", "autoria__autor__nome": "MIRNEUTON SOARES", "texto_original": "http://64.23.167.191/sapl/public/materialegislativa/2025/860/projeto_de_lei_no_003-2025_dispoe_sobre_o_programa_servidor_amigo_do_autista.pdf", "ementa": "Projeto de Lei n\u00b0 003/2025, Ver. Mirneuton Soares: \"DISP\u00d5E SOBRE O PROGRAMA SERVIDOR AMIGO DO AUTISTA QUE TRATA DA CAPACITA\u00c7\u00c3O T\u00c9CNICA DE TODOS OS SERVIDORES DO MUNIC\u00cdPIO DE PEDRO AFONSO NO ATENDIMENTO \u00c0S PESSOAS COM O TRANSTORNO DO ESPECTO AUTISTA.\""}, {"id": 861, "ano": 2025, "numero": 5, "tipo__sigla": "PLL", "tipo__descricao": "Projeto de Lei do Legislativo", "autoria__autor__nome": "MIRNEUTON SOARES", "texto_original": "http://64.23.167.191/sapl/public/materialegislativa/2025/861/projeto_de_lei_no_004-2025__institui_o_selo_escola_amiga_do_autista.pdf", "ementa": "Projeto de Lei n\u00b0 004/2025, Ver. Mirneuton Soares: \"INSTITUI O SELO ESCOLA AMIGA DO AUTISTA NO \u00c2MBITO MUNICIPAL, E D\u00c1 OUTRAS PROVID\u00caNCIAS.\""}, {"id": 949, "ano": 2025, "numero": 6, "tipo__sigla": "PLL", "tipo__descricao": "Projeto de Lei do Legislativo", "autoria__autor__nome": "ANTONIO NETO", "texto_original": "http://64.23.167.191/sapl/public/materialegislativa/2025/949/projeto_de_lei_n_001-2025_concede_o_titulo_de_utilidade_publica_mun._a_associacoaao_ipb.pdf", "ementa": "Projeto de Lei n\u00b0 001/2025, Ver. Ant\u00f4nio Neto: \"Concede t\u00edtulo de utilidade p\u00fablica municipal \u00e0 associa\u00e7\u00e3o UPB - Unidos Pelo Bem e d\u00e1 outras provid\u00eancias.\""}, {"id": 1324, "ano": 2025, "numero": 7, "tipo__sigla": "PLL", "tipo__descricao": "Projeto de Lei do Legislativo", "autoria__autor__nome": "ROMULO SOARES", "texto_original": "http://64.23.167.191/sapl/public/materialegislativa/2025/1324/projeto_de_lei_na001-2025.pdf", "ementa": "Projeto de Lei n\u00b0 001/2025, Ver. R\u00f4mulo Soares: \"Disp\u00f5e sobre a obrigatoriedade do fornecimento de Equipamentos de Prote\u00e7\u00e3o Individual (EPls) aos\r\nServidores P\u00fablicos Municipais que exer\u00e7am atividades expostos ao sol e d\u00e1 outras provid\u00eancias.\""}, {"id": 1380, "ano": 2025, "numero": 8, "tipo__sigla": "PLL", "tipo__descricao": "Projeto de Lei do Legislativo", "autoria__autor__nome": "PEDRO BELARMINO", "texto_original": "http://64.23.167.191/sapl/public/materialegislativa/2025/1380/projeto_de_lei_na004-2025_dispoe_sobre_a_alteracao_do_nome_da_rua_ribeirao.pdf", "ementa": "Projeto de Lei n\u00b0 004/2025, Ver. Pedro Berlamino: \"Disp\u00f5e sobre a altera\u00e7\u00e3o do nome da Rua Ribeir\u00e3o, compreendido entre as imedia\u00e7\u00f5es da empresa COAPA e o Po\u00e7\u00e3o do Ribeir\u00e3o, passando a denominar-se Rua Nilo Neto Brito.\""}, {"id": 1402, "ano": 2025, "numero": 9, "tipo__sigla": "PLL", "tipo__descricao": "Projeto de Lei do Legislativo", "autoria__autor__nome": "MARQUIM CATABRIGA", "texto_original": "http://64.23.167.191/sapl/public/materialegislativa/2025/1402/projeto_de_lei_na_002-2025_institui_o_programa_mun._de_transporte_solidario_de_saude.pdf", "ementa": "Projeto de Lei n\u00b0 002/2025, Ver. Marquim Catabriga: \"Institui o Programa Municipal de Transporte Solid\u00e1rio de Sa\u00fade no munic\u00edpio de Pedro Afonso - TO e d\u00e1 outras provid\u00eancias.\""}, {"id": 1424, "ano": 2025, "numero": 10, "tipo__sigla": "PLL", "tipo__descricao": "Projeto de Lei do Legislativo", "autoria__autor__nome": "AGNALDO LIMA", "texto_original": "http://64.23.167.191/sapl/public/materialegislativa/2025/1424/projeto_de_lei_na003-2025_dispoe_sobre_a_denominacao_da_praca_a_ser_construida_em_torno_do_posto_saude_distrito_agrovila.pdf", "ementa": "Projeto de Lei n\u00b0 003/2025, Ver. Aguinaldo Lima: \"Disp\u00f5e sobre a denomina\u00e7\u00e3o da pra\u00e7a a ser constru\u00edda em torno do posto de sa\u00fade no Distrito de Agrovila Bom Tempo, neste munic\u00edpio de Pedro Afonso - TO e d\u00e1 outras provid\u00eancias.\""}, {"id": 1425, "ano": 2025, "numero": 11, "tipo__sigla": "PLL", "tipo__descricao": "Projeto de Lei do Legislativo", "autoria__autor__nome": "PEDRO BELARMINO", "texto_original": "http://64.23.167.191/sapl/public/materialegislativa/2025/1425/projeto_de_lei_na005-2025_altera_a_denominacao_da_rua_2localizada_no_distrito_de_anajanopolis__porto_real.pdf", "ementa": "Projeto de Lei n\u00b0 005/2025, Ver. Pedro Berlamino: \"Altera a denomina\u00e7\u00e3o da Rua 2, localizada no Distrito de Anajan\u00f3polis - Porto Real, neste Munic\u00edpio de Pedro Afonso - TO, que passa a denominar-se Rua Erval Barreira de Abreu, e d\u00e1 outras provid\u00eancias.\""}, {"id": 1426, "ano": 2025, "numero": 12, "tipo__sigla": "PLL", "tipo__descricao": "Projeto de Lei do Legislativo", "autoria__autor__nome": "AGNALDO LIMA", "texto_original": "http://64.23.167.191/sapl/public/materialegislativa/2025/1426/projeto_de_resolucao_na005-2025_concede_titulo_de_cidada_pedroafonsina_a_sra_kelma_de_souza_franca.pdf", "ementa": "Projeto de Lei n\u00b0 005/2025, Ver. Aguinaldo Lima: \"Disp\u00f5e sobre a denomina\u00e7\u00e3o de via p\u00fablica localizada no Distrito de Agrovila Bom Tempo, neste Munic\u00edpio de Pedro Afonso - TO, e d\u00e1 outras provid\u00eancias.\""}, {"id": 1427, "ano": 2025, "numero": 13, "tipo__sigla": "PLL", "tipo__descricao": "Projeto de Lei do Legislativo", "autoria__autor__nome": "PEDRO BELARMINO", "texto_original": "http://64.23.167.191/sapl/public/materialegislativa/2025/1427/projeto_de_lei_na006-2025_dispoe_sobre_a_denominacao_de_via_publica_localizada_no_distrito_de_anajanopolis_-_porto_real.pdf", "ementa": "Projeto de Lei n\u00b0 006/2025, Ver. Pedro Berlamino: \"Disp\u00f5e sobre a denomina\u00e7\u00e3o de via p\u00fablica localizada no Distrito de Anajan\u00f3polis - Porto Real, neste Munic\u00edpio de Pedro Afonso - TO, e d\u00e1 outras provid\u00eancias.\""}, {"id": 1482, "ano": 2025, "numero": 14, "tipo__sigla": "PLL", "tipo__descricao": "Projeto de Lei do Legislativo", "autoria__autor__nome": "MARQUIM CATABRIGA", "texto_original": "http://64.23.167.191/sapl/public/materialegislativa/2025/1482/projeto_de_lei_na_004-2025_institui_o_programa_mun._cidade_verde.pdf", "ementa": "Projeto de Lei n\u00b0 004/2025, Ver. Marquim Catabriga: Institui o Programa Municipal \"Cidade Verde\", destinado ao incentivo do plantio de \u00e1rvores nativas no munic\u00edpio de Pedro Afonso - TO, com participa\u00e7\u00e3o das escolas e da comunidade."}, {"id": 1471, "ano": 2025, "numero": 1, "tipo__sigla": "EMOD", "tipo__descricao": "Emenda Modificativa", "autoria__autor__nome": "MARQUIM CATABRIGA", "texto_original": "http://64.23.167.191/sapl/public/materialegislativa/2025/1471/proposta_de_emenda_modifciativa_-_regimento_interno_compressed.pdf", "ementa": "Altera dispositivos do Regimento Interno da C\u00e2mara Municipal de Pedro Afonso, e d\u00e1 outras provid\u00eancias."}, {"id": 827, "ano": 2025, "numero": 1, "tipo__sigla": "MOAPL", "tipo__descricao": "Mo\u00e7\u00e3o de Aplausos", "autoria__autor__nome": "MARQUIM CATABRIGA", "texto_original": "http://64.23.167.191/sapl/public/materialegislativa/2025/827/mocao_de_aplausos_no_001-2025.pdf", "ementa": "Concede Mo\u00e7\u00e3o de Aplausos ao Defensor P\u00fablico-Geral do Estado do Tocantins, Senhor Pedro Alexandre Concei\u00e7\u00e3o Aires Gon\u00e7alves."}, {"id": 1331, "ano": 2025, "numero": 2, "tipo__sigla": "MOAPL", "tipo__descricao": "Mo\u00e7\u00e3o de Aplausos", "autoria__autor__nome": "AGNALDO LIMA", "texto_original": "http://64.23.167.191/sapl/public/materialegislativa/2025/1331/mocao_de_aplausos_na002-2025.pdf", "ementa": "Concede Mo\u00e7\u00e3o de Aplausos aos policiais militares SD Temoteo Costa Santos, SD Rikelven Custodio da Silva e SD Jairo Leonel Vieira Neto, em reconhecimento ao ato de bravura e \u00e0 relevante atua\u00e7\u00e3o na preserva\u00e7\u00e3o da vida e na defesa da seguran\u00e7a p\u00fablica."}, {"id": 859, "ano": 2025, "numero": 3, "tipo__sigla": "MOAPL", "tipo__descricao": "Mo\u00e7\u00e3o de Aplausos", "autoria__autor__nome": "MARQUIM CATABRIGA", "texto_original": "http://64.23.167.191/sapl/public/materialegislativa/2025/859/mocao_de_aplausos_no003-2025_ao_jovem_atleta_joao_vitor__fortuna_basso.pdf", "ementa": "Concede Mo\u00e7\u00e3o de Aplausos ao jovem atleta Jo\u00e3o Vitor Fortuna Basso, pelo brilhante desempenho no jiu-jitsus, esporte no qual vem colecionando conquistas e elevando o nome de Pedro Afonso em competi\u00e7\u00f5es regionais estaduais e internacionais."}, {"id": 998, "ano": 2025, "numero": 4, "tipo__sigla": "MOAPL", "tipo__descricao": "Mo\u00e7\u00e3o de Aplausos", "autoria__autor__nome": "JOSE DE RIBAMAR COELHO", "texto_original": "http://64.23.167.191/sapl/public/materialegislativa/2025/998/mocoaao_de_aplausos_n_001-2025_-_concede_mocoaao_de_aplausos_ao_senhor_martinho_lino..pdf", "ementa": "Mo\u00e7\u00e3o de aplausos n\u00b0 001/2025 Ver. Jos\u00e9 de Ribamar: \"Concede Mo\u00e7\u00e3o de Aplausos ao senhor Martinho Lino da Silva, cidad\u00e3o exemplar, cuja trajet\u00f3ria \u00e9 s\u00edmbolo de dedica\u00e7\u00e3o, supera\u00e7\u00e3o e amor incondicional pela educa\u00e7\u00e3o e pelo desenvolvimento comunit\u00e1rio."}, {"id": 1332, "ano": 2025, "numero": 5, "tipo__sigla": "MOAPL", "tipo__descricao": "Mo\u00e7\u00e3o de Aplausos", "autoria__autor__nome": "AGNALDO LIMA", "texto_original": "http://64.23.167.191/sapl/public/materialegislativa/2025/1332/mocao_de_aplausos_na001-2025.pdf", "ementa": "Mo\u00e7\u00e3o de aplausos n\u00b0 001/2025 Ver. Agnaldo Lima: \"Concede Mo\u00e7\u00e3o de Aplausos ao Comando e Subcomando do 3\u00b0 Batalh\u00e3o da Pol\u00edcia Militar do Estado do Tocantins, bem como \u00e0 tropa que o integra, em reconhecimento \u00e0 gest\u00e3o, lideran\u00e7a e resultados."}, {"id": 1387, "ano": 2025, "numero": 6, "tipo__sigla": "MOAPL", "tipo__descricao": "Mo\u00e7\u00e3o de Aplausos", "autoria__autor__nome": "PEDRO BELARMINO", "texto_original": "http://64.23.167.191/sapl/public/materialegislativa/2025/1387/mocao_n_004-2025.pdf", "ementa": "Mo\u00e7\u00e3o de Aplausos n\u00b0 004/2025 - Ver. Pedro Belarmino - \"Concede Mo\u00e7\u00e3o de Aplausos ao senhor Mark Frank Lemos Cavalcante, fundador do Supermercado Lemos, e ao pr\u00f3prio estabelecimento, em reconhecimento \u00e0 sua destacada trajet\u00f3ria empreendedora e \u00e0 relevante contribui\u00e7\u00e3o para o desenvolvimento econ\u00f4mico e social de Pedro Afonso.\""}, {"id": 1412, "ano": 2025, "numero": 7, "tipo__sigla": "MOAPL", "tipo__descricao": "Mo\u00e7\u00e3o de Aplausos", "autoria__autor__nome": "AGNALDO LIMA\r\nANTONIO NETO\r\nJOSE DE RIBAMAR COELHO\r\nLILI BEN\u00cdCIO\r\nMARQUIM CATABRIGA\r\nMIRNEUTON SOARES\r\nPEDRO BELARMINO\r\nROMULO SOARES\r\nSEBASTI\u00c3O FABRICIO", "texto_original": "http://64.23.167.191/sapl/public/materialegislativa/2025/1412/mocao_aplausos_na004-2025_concede_mocao_de_aplausos_ao_conselheiro_dr._andre_matos.pdf", "ementa": "Mo\u00e7\u00e3o de Aplausos n\u00b0 004/2025: Concede Mo\u00e7\u00e3o de Aplausos ao Conselheiro Dr. Andr\u00e9 Matos, Presidente da 6\u00b0 Relatoria do Tribunal de Contas do Estado do Tocantins, e a toda sua equipe, em reconhecimento ao relevante trabalho prestado \u00e0 administra\u00e7\u00e3o p\u00fablica municipal tocantinense."}, {"id": 1413, "ano": 2025, "numero": 8, "tipo__sigla": "MOAPL", "tipo__descricao": "Mo\u00e7\u00e3o de Aplausos", "autoria__autor__nome": "MARQUIM CATABRIGA", "texto_original": "http://64.23.167.191/sapl/public/materialegislativa/2025/1413/mocao_de_aplausos_na005-2025_concede_mocao_de_aplausos_ao_dr._vinicius_pires__cardiologista.pdf", "ementa": "Mo\u00e7\u00e3o de aplausos n\u00b0 005/2025 Ver. Marquim Catabriga: \"Concede Mo\u00e7\u00e3o de Aplausos ao Dr. Vin\u00edcius Pires, Cardiologista, pelo excelente trabalho e dedica\u00e7\u00e3o \u00e0 sa\u00fade da comunidade de Pedro Afonso, com atendimento especializado e humanizado que contribui para a melhoria da qualidade de vida dos cidad\u00e3os.\""}, {"id": 739, "ano": 2025, "numero": 1, "tipo__sigla": "PAR", "tipo__descricao": "Parecer das Comiss\u00f5es", "autoria__autor__nome": "CPR - Comiss\u00e3o Provis\u00f3ria Reunida", "texto_original": "http://64.23.167.191/sapl/public/materialegislativa/2025/739/parecer_da_comissao_provisaria_reunida_no_001-2025_-_dispoe_sobre_valor_de_salario_minimo_a_vigorar_a_partir_de_1o_de_janeiro_de_2025..pdf", "ementa": "Projeto de Lei n\u00ba 001/2025 - Proponente: Executivo Municipal - Ementa: Disp\u00f5e sobre o valor do sal\u00e1rio m\u00ednimo a vigorar a partir de 1\u00ba de janeiro de\r\n2025."}, {"id": 740, "ano": 2025, "numero": 2, "tipo__sigla": "PAR", "tipo__descricao": "Parecer das Comiss\u00f5es", "autoria__autor__nome": "CPR - Comiss\u00e3o Provis\u00f3ria Reunida", "texto_original": "http://64.23.167.191/sapl/public/materialegislativa/2025/740/parecer_da_comissao_provisaria_reunida_no_002-2025.pdf", "ementa": "Projeto de Lei n\u00ba 002/2025 - Proponente: Executivo Municipal - Ementa: Autoriza o pagamento por desempenho das equipes de sa\u00fade bucal na\r\naten\u00e7\u00e3o prim\u00e1ria \u00e0 sa\u00fade -APS, previsto na Portaria n\u00ba 960, de 17 de junho de 2023, do Minist\u00e9rio da Sa\u00fade, e d\u00e1 outras provid\u00eancias."}, {"id": 741, "ano": 2025, "numero": 3, "tipo__sigla": "PAR", "tipo__descricao": "Parecer das Comiss\u00f5es", "autoria__autor__nome": "CPR - Comiss\u00e3o Provis\u00f3ria Reunida", "texto_original": "http://64.23.167.191/sapl/public/materialegislativa/2025/741/parecer_da_comissao_provisoria_reunida_no_003-2025_-_dispoes_sobre_a_modificacao_da_estrutura_organicacional_do_muncipio_de_pedro_afonso._2.pdf", "ementa": "Projeto de Lei n\u00ba: 003/2025 - Proponente: Executivo Municipal - Ementa: Disp\u00f5e sobre a modifica\u00e7\u00e3o da estrutura organizacional do Munic\u00edpio de Pedro Afonso - TO, com o desmembramento de pastas e cria\u00e7\u00e3o de novas secretarias, al\u00e9m da modifica\u00e7\u00e3o e cria\u00e7\u00e3o de novos cargos, em atendimento \u00e0 legisla\u00e7\u00e3o e d\u00e1 outras provid\u00eancias."}, {"id": 742, "ano": 2025, "numero": 4, "tipo__sigla": "PAR", "tipo__descricao": "Parecer das Comiss\u00f5es", "autoria__autor__nome": "CPR - Comiss\u00e3o Provis\u00f3ria Reunida", "texto_original": "http://64.23.167.191/sapl/public/materialegislativa/2025/742/parecer_da_comissao_provisoria_reunida_no_004-2205_-_altera_as_nomenclaturas_de_unidades_orcamentarias_da_lei_orcamentaria_anul_loa..pdf", "ementa": "Projeto de Lei n\u00ba: 004/2025 - Proponente: Executivo Municipal - Ementa: Altera as nomenclaturas de unidades or\u00e7ament\u00e1rias da Lei Or\u00e7ament\u00e1ria\r\nAnual (LOA) do exerc\u00edcio de 2025 e d\u00e1 outras provid\u00eancias."}, {"id": 743, "ano": 2025, "numero": 5, "tipo__sigla": "PAR", "tipo__descricao": "Parecer das Comiss\u00f5es", "autoria__autor__nome": "CPR - Comiss\u00e3o Provis\u00f3ria Reunida", "texto_original": "http://64.23.167.191/sapl/public/materialegislativa/2025/743/parecer_da_comissao_provisoria_reunida_no_005-2025_-_dispoe_sobre_projeto_escola_destaque_anos_iniciais._do_ensino_fundamental.pdf", "ementa": "Projeto de Lei n\u00ba: 005/2025 - Proponente: Executivo Municipal - Ementa: Disp\u00f5e sobre o projeto \"Escola Destaque Anos Iniciais do Ensino\r\nFundamental\", do Munic\u00edpio de Pedro Afonso -TO, e d\u00e1 outras provid\u00eancias."}, {"id": 744, "ano": 2025, "numero": 6, "tipo__sigla": "PAR", "tipo__descricao": "Parecer das Comiss\u00f5es", "autoria__autor__nome": "CPR - Comiss\u00e3o Provis\u00f3ria Reunida", "texto_original": "http://64.23.167.191/sapl/public/materialegislativa/2025/744/parecer_da_comissao_provisoria_reunida_no_006-2025_-_dispoe_sobre_projeto_escola_destaque_educacao_infantil..pdf", "ementa": "Projeto de Lei n\u00ba: 006/2025 - Proponente: Executivo Municipal - Ementa: Disp\u00f5e sobre o projeto \"Escola Destaque Educa\u00e7\u00e3o Infantil\", do Munic\u00edpio de Pedro Afonso -TO, e d\u00e1 outras provid\u00eancias."}, {"id": 745, "ano": 2025, "numero": 7, "tipo__sigla": "PAR", "tipo__descricao": "Parecer das Comiss\u00f5es", "autoria__autor__nome": "CPR - Comiss\u00e3o Provis\u00f3ria Reunida", "texto_original": "http://64.23.167.191/sapl/public/materialegislativa/2025/745/parecer_da_comissao_provisaria_reunida_no_007-2025.pdf", "ementa": "Projeto de Lei n\u00b0: 007 /2025 - Proponente: Executivo Municipal - Ementa: Disp\u00f5e sobre autoriza\u00e7\u00e3o legislativa \u00e0 continuidade da denominada \"Secretaria Extraordin\u00e1ria para Resolu\u00e7\u00f5es de Problem\u00e1ticas Pluviais\" - sob per\u00edodo r\u00edgido e determinado -, em conformidade com a Lei n\u00ba 074/2022 (Lei que disp\u00f5e sobre as diretrizes or\u00e7ament\u00e1rias de 2023) e d\u00e1 outras provid\u00eancias."}, {"id": 1328, "ano": 2025, "numero": 36, "tipo__sigla": "PAR", "tipo__descricao": "Parecer das Comiss\u00f5es", "autoria__autor__nome": "CCJR - Comiss\u00e3o de Constitui\u00e7\u00e3o, Justi\u00e7a e Reda\u00e7\u00e3o", "texto_original": "http://64.23.167.191/sapl/public/materialegislativa/2025/1328/parecer_comissao_sobre_projeto_de_lei_021-2025_-_dispoe_sobre_a_denominacao_de_da_escola_mun._de_anajanopolis.pdf", "ementa": "Projeto de Lei n\u00b0: 021 /2025 - Proponente: Poder Executivo - Ementa: Disp\u00f5e sobre a denomina\u00e7\u00e3o da Escola Municipal de Anajan\u00f3polis (Porto Real) como Escola Municipal Lilian L\u00f4bo da Gosta (Dona Lili), no \u00e2mbito do Munic\u00edpio de Pedro Afonso/TO, e d\u00e1 outras provid\u00eancias.\""}, {"id": 1329, "ano": 2025, "numero": 37, "tipo__sigla": "PAR", "tipo__descricao": "Parecer das Comiss\u00f5es", "autoria__autor__nome": "CCJR - Comiss\u00e3o de Constitui\u00e7\u00e3o, Justi\u00e7a e Reda\u00e7\u00e3o", "texto_original": "http://64.23.167.191/sapl/public/materialegislativa/2025/1329/parecer_comissao_sobre_projeto_de_lei_no_022-2025_autorizo_o_executivo_mun._a_receber_em_cessao_gratuita_de_uso..pdf", "ementa": "Projeto de Lei n\u00b0: 022 /2025 - Proponente: Poder Executivo - Ementa: \"Autoriza o Poder Executivo Municipal de Pedro Afonso/TO a receber em cess\u00e3o gratuita de uso im\u00f3vel pertencente \u00e0 Diocese de Miracema do Tocantins, e d\u00e1 outras provid\u00eancias.\""}, {"id": 1330, "ano": 2025, "numero": 38, "tipo__sigla": "PAR", "tipo__descricao": "Parecer das Comiss\u00f5es", "autoria__autor__nome": "CCJR - Comiss\u00e3o de Constitui\u00e7\u00e3o, Justi\u00e7a e Reda\u00e7\u00e3o", "texto_original": "http://64.23.167.191/sapl/public/materialegislativa/2025/1330/parecer_da_comissao_sobre_proje._resolucao_no_001-2025_-_titulo_de_cidadao_pedroafonsino_albino_mazzola.pdf", "ementa": "Projeto de Resolu\u00e7\u00e3o n\u00b0: 001 /2025 - Proponente: Vereador Antonio Marcos C\u00e2mara Catabriga - Ementa: \"Concede o T\u00edtulo de Cidad\u00e3o Pedroafonsino ao Senhor Albino Mazzola, em reconhecimento aos relevantes servi\u00e7os prestados ao Munic\u00edpio de Pedro Afonso/TO.\""}, {"id": 1327, "ano": 2025, "numero": 39, "tipo__sigla": "PAR", "tipo__descricao": "Parecer das Comiss\u00f5es", "autoria__autor__nome": "CCJR - Comiss\u00e3o de Constitui\u00e7\u00e3o, Justi\u00e7a e Reda\u00e7\u00e3o", "texto_original": "http://64.23.167.191/sapl/public/materialegislativa/2025/1327/parecer_comissao_sobre_mocao_de_aplausos_no_003-2025_concede_mocao_de_aplausos_ao_jornalista_fred_alves_de_oliveira.pdf", "ementa": "Mo\u00e7\u00e3o de Aplausos n\u00b0: 003 /2025 - Proponente: Vereador Pedro Vinicius Martins Belarmino - Ementa: Conceder homenagem ao jornalista Fred Alves de Oliveira pelo lan\u00e7amento de sua obra liter\u00e1ria \"Mem\u00f3ria Viva: Nossa Gente Nossa Hist\u00f3ria\", ocorrido em 22 de agosto de 2025, no Instituto Cultural Messias Tavares, em Pedro Afonso/TO."}, {"id": 1348, "ano": 2025, "numero": 42, "tipo__sigla": "PAR", "tipo__descricao": "Parecer das Comiss\u00f5es", "autoria__autor__nome": "CCJR - Comiss\u00e3o de Constitui\u00e7\u00e3o, Justi\u00e7a e Reda\u00e7\u00e3o", "texto_original": "http://64.23.167.191/sapl/public/materialegislativa/2025/1348/parecer_de_comissao__parecer_na042-2025_projeto_de_resolucao_002-2025_concede_titulo_cidadao_pedroafonsino_a_srjorge_pires_de_moraes.pdf", "ementa": "Projeto de Resolu\u00e7\u00e3o n\u00b0: 002 /2025 -  Ementa: Conceder o t\u00edtulo de Cidad\u00e3o de Pedroafonsino ao senhor Jorge Pires de Moraes, em reconhecimento aos relevantes servi\u00e7os prestados ao Munic\u00edpio de Pedro Afonso/TO."}, {"id": 1347, "ano": 2025, "numero": 43, "tipo__sigla": "PAR", "tipo__descricao": "Parecer das Comiss\u00f5es", "autoria__autor__nome": "CCJR - Comiss\u00e3o de Constitui\u00e7\u00e3o, Justi\u00e7a e Reda\u00e7\u00e3o", "texto_original": "http://64.23.167.191/sapl/public/materialegislativa/2025/1347/parecer_de_comissao__parecer_na043-2025_projeto_de_resolucao_003-2025_concede_titulo_cidada_pedroafonsina_a_sr_maria_benedita_morais.pdf", "ementa": "Projeto de Resolu\u00e7\u00e3o n\u00b0: 003 /2025 - Ementa: Conceder o t\u00edtulo de Cidad\u00e3 Pedroafonsina \u00e0 senhora Maria Benedita Moares, em reconhecimento aos relevantes servi\u00e7os prestados ao Munic\u00edpio de Pedro Afonso/TO."}, {"id": 1349, "ano": 2025, "numero": 44, "tipo__sigla": "PAR", "tipo__descricao": "Parecer das Comiss\u00f5es", "autoria__autor__nome": "CCJR - Comiss\u00e3o de Constitui\u00e7\u00e3o, Justi\u00e7a e Reda\u00e7\u00e3o", "texto_original": "http://64.23.167.191/sapl/public/materialegislativa/2025/1349/parecer_da_comissao_de_constituicao_justica_e_redacao_sobre_projeto_de_resolucao_na003-2025_parecer_na044-2025.pdf", "ementa": "Projeto de Resolu\u00e7\u00e3o n\u00b0: 003 /2025 -  Ementa: Conceder o t\u00edtulo de Cidad\u00e3o Pedroafonsino ao Deputado Federal Alexandre Guimar\u00e3es, em reconhecimento aos relevantes servi\u00e7os prestados ao Munic\u00edpio de Pedro Afonso/TO."}, {"id": 1360, "ano": 2025, "numero": 45, "tipo__sigla": "PAR", "tipo__descricao": "Parecer das Comiss\u00f5es", "autoria__autor__nome": "CCJR - Comiss\u00e3o de Constitui\u00e7\u00e3o, Justi\u00e7a e Reda\u00e7\u00e3o", "texto_original": "http://64.23.167.191/sapl/public/materialegislativa/2025/1360/parecer_de_comissao__parecer_na045-2025_projeto_de_resolucao_na_003-2025_.pdf", "ementa": "Projeto de Resolu\u00e7\u00e3o n\u00b0: 003 /2025 - Proponente: Ver. Lili Ben\u00edcio - Ementa: Concede T\u00edtulo de Cidad\u00e3 Pedroafonsina a Senhora Maria de F\u00e1tima Camara."}, {"id": 1351, "ano": 2025, "numero": 46, "tipo__sigla": "PAR", "tipo__descricao": "Parecer das Comiss\u00f5es", "autoria__autor__nome": "CCJR - Comiss\u00e3o de Constitui\u00e7\u00e3o, Justi\u00e7a e Reda\u00e7\u00e3o", "texto_original": "http://64.23.167.191/sapl/public/materialegislativa/2025/1351/parecer_da_comissao__na046-2025_mocao_de_aplausos_001-2025.pdf", "ementa": "Mo\u00e7\u00e3o de Aplausos n\u00b0: 001 /2025 - Proponente: Ver. Agnaldo Lima -  Ementa: Reconhecer publicamente o Comando e Subcomando do 3\u00b0 Batalh\u00e3o da Pol\u00edcia Militar do Estado do Tocantins, bem como a tropa que o integra, pelo desempenho institucional durante o primeiro semestre de 2025."}, {"id": 1350, "ano": 2025, "numero": 47, "tipo__sigla": "PAR", "tipo__descricao": "Parecer das Comiss\u00f5es", "autoria__autor__nome": "CCJR - Comiss\u00e3o de Constitui\u00e7\u00e3o, Justi\u00e7a e Reda\u00e7\u00e3o", "texto_original": "http://64.23.167.191/sapl/public/materialegislativa/2025/1350/parecer_da_comissao_de_constituicao_justica_e_redacao_sobre_mocao_aplausos_na002-2025_parecer_na047-2025.pdf", "ementa": "Mo\u00e7\u00e3o de Aplausos n\u00b0: 002 /2025 - Proponente: Ver. Agnaldo Lima -  Ementa: Conceder reconhecimento p\u00fablico aos policiais militares SD Temoteo Costa Santos, SD Rikelven Custodio da Silva e SD Jairo Leonel Vieira Neto, pela atua\u00e7\u00e3o destacada em situa\u00e7\u00e3o de emerg\u00eancia."}, {"id": 1362, "ano": 2025, "numero": 49, "tipo__sigla": "PAR", "tipo__descricao": "Parecer das Comiss\u00f5es", "autoria__autor__nome": "CCJR - Comiss\u00e3o de Constitui\u00e7\u00e3o, Justi\u00e7a e Reda\u00e7\u00e3o", "texto_original": "http://64.23.167.191/sapl/public/materialegislativa/2025/1362/parecer_de_comissao__parecer_na_049-2025_mensagem_de_veto_na003-2025.pdf", "ementa": "Mensagem de Veto n\u00b0: 003 /2025 - Proponente: Poder Executivo - Ementa: Vetar integralmente o Projeto de Lei n\u00b0 001/2025, de autoria do Vereador R\u00f4mulo Soares, que \"disp\u00f5e sobre a obrigatoriedade do fornecimento gratuito de Equipamento de Prote\u00e7\u00e3o Individual (EPIs) aos servidores p\u00fablicos municipais que desempenham atividades externas sob exposi\u00e7\u00e3o ao sol."}, {"id": 1361, "ano": 2025, "numero": 50, "tipo__sigla": "PAR", "tipo__descricao": "Parecer das Comiss\u00f5es", "autoria__autor__nome": "CCJR - Comiss\u00e3o de Constitui\u00e7\u00e3o, Justi\u00e7a e Reda\u00e7\u00e3o", "texto_original": "http://64.23.167.191/sapl/public/materialegislativa/2025/1361/parecer_de_comissao__parecer_na_050-2025_projeto_de_resolucao_na_002-2025_.pdf", "ementa": "Projeto de Resolu\u00e7\u00e3o n\u00b0: 002 /2025 - Proponente: Ver. Lili Ben\u00edcio - Ementa: Cria, no \u00e2mbito da C\u00e2mara Municipal de Pedro Afonso, a Procuradoria da Mulher, e d\u00e1 outras provid\u00eancias."}, {"id": 1359, "ano": 2025, "numero": 51, "tipo__sigla": "PAR", "tipo__descricao": "Parecer das Comiss\u00f5es", "autoria__autor__nome": "CCJR - Comiss\u00e3o de Constitui\u00e7\u00e3o, Justi\u00e7a e Reda\u00e7\u00e3o", "texto_original": "http://64.23.167.191/sapl/public/materialegislativa/2025/1359/parecer_de_comissao__parecer_na051-2025_projeto_de_resolucao_na_003-2025_.pdf", "ementa": "Projeto de Resolu\u00e7\u00e3o n\u00b0: 003 /2025 - Proponente: Ver. Lili Ben\u00edcio - Ementa: Concede T\u00edtulo de Cidad\u00e3o Pedroafonsino ao Senhor Antonio Marcos Camara Catabriga."}, {"id": 1372, "ano": 2025, "numero": 52, "tipo__sigla": "PAR", "tipo__descricao": "Parecer das Comiss\u00f5es", "autoria__autor__nome": "CCJR - Comiss\u00e3o de Constitui\u00e7\u00e3o, Justi\u00e7a e Reda\u00e7\u00e3o", "texto_original": "http://64.23.167.191/sapl/public/materialegislativa/2025/1372/parecer_de_comissao__parecer_na052-2025_mocao_aplausos_na004-2025.pdf", "ementa": "Mo\u00e7\u00e3o de Aplausos n\u00b0: 004 /2025 - Proponente: Ver. Pedro Vin\u00edcius Martins Belarmino - Ementa: Concede Mo\u00e7\u00e3o de Aplausos ao senhor Mark Frank Lemos Cavalcante."}, {"id": 1373, "ano": 2025, "numero": 54, "tipo__sigla": "PAR", "tipo__descricao": "Parecer das Comiss\u00f5es", "autoria__autor__nome": "CCJR - Comiss\u00e3o de Constitui\u00e7\u00e3o, Justi\u00e7a e Reda\u00e7\u00e3o", "texto_original": "http://64.23.167.191/sapl/public/materialegislativa/2025/1373/parecer_de_comissao__parecer_na054-2025_projeto_de_lei_na004-2025.pdf", "ementa": "Projeto de Lei n\u00b0: 004 /2025 - Proponente: Ver. Pedro Belarmino - Ementa: Disp\u00f5e sobre a altera\u00e7\u00e3o do nome da Rua Ribeir\u00e3o , compreendida entre as imedia\u00e7\u00f5es da empresa COAPA e o Po\u00e7\u00e3o do Ribeir\u00e3o, passando a denominar-se Rua Nilo Neto Brito."}, {"id": 1374, "ano": 2025, "numero": 55, "tipo__sigla": "PAR", "tipo__descricao": "Parecer das Comiss\u00f5es", "autoria__autor__nome": "CCJR - Comiss\u00e3o de Constitui\u00e7\u00e3o, Justi\u00e7a e Reda\u00e7\u00e3o", "texto_original": "http://64.23.167.191/sapl/public/materialegislativa/2025/1374/parecer_de_comissao__parecer_na055-2025_projeto_de_lei_na001-2025.pdf", "ementa": "Projeto de Resolu\u00e7\u00e3o n\u00b0: 001 /2025 - Proponente: Ver. Antonio Neto - Ementa: Concede T\u00edtulo de Cidad\u00e3o Pedroafonsino ao Senhor Francisco Alberto Alves de Barros e d\u00e1 outras provid\u00eancias."}, {"id": 1375, "ano": 2025, "numero": 56, "tipo__sigla": "PAR", "tipo__descricao": "Parecer das Comiss\u00f5es", "autoria__autor__nome": "CCJR - Comiss\u00e3o de Constitui\u00e7\u00e3o, Justi\u00e7a e Reda\u00e7\u00e3o", "texto_original": "http://64.23.167.191/sapl/public/materialegislativa/2025/1375/parecer_de_comissao__parecer_na056-2025_projeto_resolucao_na001-2025.pdf", "ementa": "Projeto de Resolu\u00e7\u00e3o n\u00b0: 001 /2025 - Proponente: Ver. R\u00f4mulo Soares - Ementa: Concede T\u00edtulo de Cidad\u00e3o Pedroafonsino ao Senhor Edson Shultz e d\u00e1 outras provid\u00eancias."}, {"id": 1403, "ano": 2025, "numero": 57, "tipo__sigla": "PAR", "tipo__descricao": "Parecer das Comiss\u00f5es", "autoria__autor__nome": "CCJR - Comiss\u00e3o de Constitui\u00e7\u00e3o, Justi\u00e7a e Reda\u00e7\u00e3o", "texto_original": "http://64.23.167.191/sapl/public/materialegislativa/2025/1403/parecer_da_comissao_ref_projeto_de_lei_na002-2025_parecer_057-2025.pdf", "ementa": "Projeto de Lei n\u00b0: 002 /2025 - Proponente: Ver. Marquim Catabriga - Ementa: Institui o Programa Municipal de Transporte Solid\u00e1rio de Sa\u00fade no munic\u00edpio de Pedro Afonso - TO e d\u00e1 outras provid\u00eancias."}, {"id": 1404, "ano": 2025, "numero": 58, "tipo__sigla": "PAR", "tipo__descricao": "Parecer das Comiss\u00f5es", "autoria__autor__nome": "CCJR - Comiss\u00e3o de Constitui\u00e7\u00e3o, Justi\u00e7a e Reda\u00e7\u00e3o", "texto_original": "http://64.23.167.191/sapl/public/materialegislativa/2025/1404/parecer_da_comissao_ref_projeto_de_lei_na001-2025_parecer_058-2025.pdf", "ementa": "Projeto de Lei n\u00b0: 001 /2025 - Proponente: Ver. Aguinaldo Lima - Ementa: Disp\u00f5e sobre o Programa Primeiro Emprego com finalidade de forma\u00e7\u00e3o profissional e destina\u00e7\u00e3o de incentivos fiscais no munic\u00edpio de Pedro Afonso - TO, e d\u00e1 outras provid\u00eancias."}, {"id": 1405, "ano": 2025, "numero": 59, "tipo__sigla": "PAR", "tipo__descricao": "Parecer das Comiss\u00f5es", "autoria__autor__nome": "CCJR - Comiss\u00e3o de Constitui\u00e7\u00e3o, Justi\u00e7a e Reda\u00e7\u00e3o", "texto_original": "http://64.23.167.191/sapl/public/materialegislativa/2025/1405/parecer_da_comissao_ref_projeto_de_resolucao_na004-2025_parecer_059-2025.pdf", "ementa": "Projeto de Resolu\u00e7\u00e3o n\u00b0: 001 /2025 - Proponente: Ver. Aguinaldo Lima - Ementa: Disp\u00f5e sobre a concess\u00e3o do T\u00edtulo de Cidad\u00e3o Pedro-afonsino ao Senhor Antonio Ferreira de Almeida Neto, Vereador deste Munic\u00edpio, e d\u00e1 outras provid\u00eancias."}, {"id": 1406, "ano": 2025, "numero": 60, "tipo__sigla": "PAR", "tipo__descricao": "Parecer das Comiss\u00f5es", "autoria__autor__nome": "CCJR - Comiss\u00e3o de Constitui\u00e7\u00e3o, Justi\u00e7a e Reda\u00e7\u00e3o", "texto_original": "http://64.23.167.191/sapl/public/materialegislativa/2025/1406/parecer_da_comissao_ref_projeto_de_lei_na027-2025_parecer_060-2025.pdf", "ementa": "Projeto de Lei n\u00b0: 027 /2025 -  Ementa: Disp\u00f5e sobre autoriza\u00e7\u00e3o para doa\u00e7\u00e3o de \u00e1rea p\u00fablica ao SENAI Tocantins e d\u00e1 outras provid\u00eancias."}, {"id": 1407, "ano": 2025, "numero": 61, "tipo__sigla": "PAR", "tipo__descricao": "Parecer das Comiss\u00f5es", "autoria__autor__nome": "CCJR - Comiss\u00e3o de Constitui\u00e7\u00e3o, Justi\u00e7a e Reda\u00e7\u00e3o", "texto_original": "http://64.23.167.191/sapl/public/materialegislativa/2025/1407/parecer_da_comissao_ref_projeto_de_lei_na028-2025_parecer_061-2025.pdf", "ementa": "Projeto de Lei n\u00b0: 028 /2025 -  Ementa: Autoriza o munic\u00edpio de Pedro Afonso - Estado do Tocantins permitir a servid\u00e3o administrativa para fins de passagem e instala\u00e7\u00e3o de infraestrutura de rede el\u00e9trica no povoado mata verde, em favor da BP Bioenergy."}, {"id": 1423, "ano": 2025, "numero": 62, "tipo__sigla": "PAR", "tipo__descricao": "Parecer das Comiss\u00f5es", "autoria__autor__nome": "CCJR - Comiss\u00e3o de Constitui\u00e7\u00e3o, Justi\u00e7a e Reda\u00e7\u00e3o", "texto_original": "http://64.23.167.191/sapl/public/materialegislativa/2025/1423/parecer_da_comissao_de_constituicaojustica_e_redacao_sobre_projeto_de_lei_na003-2025__parecer_na064-2025.pdf", "ementa": "Projeto de Lei n\u00b0: 003 /2025 - Proponente: Ver. Aguinaldo Lima - Ementa: Disp\u00f5e sobre a denomina\u00e7\u00e3o da pra\u00e7a a ser constru\u00edda em torno do posto de sa\u00fade no Distrito de Agrovila Bom Tempo, neste munic\u00edpio de Pedro Afonso - TO e d\u00e1 outras provid\u00eancias."}, {"id": 1444, "ano": 2025, "numero": 63, "tipo__sigla": "PAR", "tipo__descricao": "Parecer das Comiss\u00f5es", "autoria__autor__nome": "CCJR - Comiss\u00e3o de Constitui\u00e7\u00e3o, Justi\u00e7a e Reda\u00e7\u00e3o", "texto_original": "http://64.23.167.191/sapl/public/materialegislativa/2025/1444/parecer_da_comissao_sobre_projeto_de_resolucao_na004-2025_parecer_na068-2025.pdf", "ementa": "Projeto de Resolu\u00e7\u00e3o n\u00b0: 002 /2025 - Proponente: Ver. Sebasti\u00e3o Fabr\u00edcio- Ementa: Concede t\u00edtulo de cidad\u00e3 pedro-afonsina \u00e0 senhora Juma Marques Cardoso, em reconhecimento aos relevantes servi\u00e7os prestados \u00e0 comunidade e pelo compromisso com o desenvolvimento social, cultural e jur\u00eddico do Munic\u00edpio de Pedro Afonso."}, {"id": 1445, "ano": 2025, "numero": 64, "tipo__sigla": "PAR", "tipo__descricao": "Parecer das Comiss\u00f5es", "autoria__autor__nome": "CCJR - Comiss\u00e3o de Constitui\u00e7\u00e3o, Justi\u00e7a e Reda\u00e7\u00e3o", "texto_original": "http://64.23.167.191/sapl/public/materialegislativa/2025/1445/parecer_da_comissao_sobre_mocao_aplausos_na005-2025_parecer_na070-2025.pdf", "ementa": "Mo\u00e7\u00e3o de Aplausos n\u00b0: 005 /2025 - Proponente: Ver. Marquim Catabriga- Ementa: Concede mo\u00e7\u00e3o de aplausos ao Dr. Vin\u00edcius Pires, Cardiologista, pelo excelente trabalho e dedica\u00e7\u00e3o \u00e0 sa\u00fade da comunidade de Pedro Afonso, com atendimento especializado e humanizado que contribui para a melhoria da qualidade de vida dos cidad\u00e3os."}, {"id": 1446, "ano": 2025, "numero": 65, "tipo__sigla": "PAR", "tipo__descricao": "Parecer das Comiss\u00f5es", "autoria__autor__nome": "CCJR - Comiss\u00e3o de Constitui\u00e7\u00e3o, Justi\u00e7a e Reda\u00e7\u00e3o", "texto_original": "http://64.23.167.191/sapl/public/materialegislativa/2025/1446/parecer_da_comissao_sobre_mocao_aplausos_na004-2025_parecer_na069-2025.pdf", "ementa": "Mo\u00e7\u00e3o de Aplausos n\u00b0: 002 /2025 - Proponente: Todos os Vereadores- Ementa: Concede mo\u00e7\u00e3o de aplausos ao Conselheiro Dr. Andr\u00e9 Matos, Presidente da 6\u00b0 Relatoria do Tribunal de Contas do Estado do Tocantins, e a toda sua equipe, em reconhecimento ao relevante trabalho prestado \u00e0 administra\u00e7\u00e3o p\u00fablica municipal tocantinense."}, {"id": 1447, "ano": 2025, "numero": 66, "tipo__sigla": "PAR", "tipo__descricao": "Parecer das Comiss\u00f5es", "autoria__autor__nome": "CCJR - Comiss\u00e3o de Constitui\u00e7\u00e3o, Justi\u00e7a e Reda\u00e7\u00e3o", "texto_original": "http://64.23.167.191/sapl/public/materialegislativa/2025/1447/parecer_da_comissao_de_constituicaojustica_e_redacao_sobre_projeto_de_lei_na005-2025__parecer_na066-2025.pdf", "ementa": "Projeto de Lei n\u00b0: 005 /2025 - Proponente: Ver. Aguinaldo Lima- Ementa: Disp\u00f5e sobre a denomina\u00e7\u00e3o da avenida principal do Distrito de Agrovila Bom Tempo, neste Munic\u00edpio de Pedro Afonso - TO, e d\u00e1 outras provid\u00eancias."}, {"id": 1448, "ano": 2025, "numero": 67, "tipo__sigla": "PAR", "tipo__descricao": "Parecer das Comiss\u00f5es", "autoria__autor__nome": "CCJR - Comiss\u00e3o de Constitui\u00e7\u00e3o, Justi\u00e7a e Reda\u00e7\u00e3o", "texto_original": "http://64.23.167.191/sapl/public/materialegislativa/2025/1448/parecer_da_comissao_de_constituicaojustica_e_redacao_sobre_projeto_de_lei_na006-2025__parecer_na072-2025.pdf", "ementa": "Projeto de Lei n\u00b0: 006 /2025 - Proponente: Ver. Pedro Berlamino- Ementa: Disp\u00f5e sobre a denomina\u00e7\u00e3o de via p\u00fablica localizada no Distrito de Anajan\u00f3polis - Porto Real, neste Munic\u00edpio de Pedro Afonso - TO, e d\u00e1 outras provid\u00eancias."}, {"id": 1449, "ano": 2025, "numero": 68, "tipo__sigla": "PAR", "tipo__descricao": "Parecer das Comiss\u00f5es", "autoria__autor__nome": "CCJR - Comiss\u00e3o de Constitui\u00e7\u00e3o, Justi\u00e7a e Reda\u00e7\u00e3o", "texto_original": "http://64.23.167.191/sapl/public/materialegislativa/2025/1449/parecer_da_comissao_de_constituicaojustica_e_redacao_sobre_projeto_de_lei_na024-2025__parecer_na073-2025.pdf", "ementa": "Projeto de Lei n\u00b0: 024 /2025 - Proponente: Poder Executivo- Ementa: Disp\u00f5e sobre as Diretrizes Gerais para a elabora\u00e7\u00e3o da Lei Or\u00e7ament\u00e1ria de 2026 e d\u00e1 outras provid\u00eancias."}, {"id": 1450, "ano": 2025, "numero": 69, "tipo__sigla": "PAR", "tipo__descricao": "Parecer das Comiss\u00f5es", "autoria__autor__nome": "CCJR - Comiss\u00e3o de Constitui\u00e7\u00e3o, Justi\u00e7a e Reda\u00e7\u00e3o", "texto_original": "http://64.23.167.191/sapl/public/materialegislativa/2025/1450/parecer_da_comissao_de_constituicaojustica_e_redacao_sobre_projeto_de_lei_na025-2025__parecer_na074-2025.pdf", "ementa": "Projeto de Lei n\u00b0: 025 /2025 - Proponente: Poder Executivo- Ementa: Disp\u00f5e sobre Estimativa do Plano Plurianual do Munic\u00edpio de Pedro Afonso - TO para o per\u00edodo de 2026 a 2029 e d\u00e1 outras provid\u00eancias."}, {"id": 1451, "ano": 2025, "numero": 70, "tipo__sigla": "PAR", "tipo__descricao": "Parecer das Comiss\u00f5es", "autoria__autor__nome": "CCJR - Comiss\u00e3o de Constitui\u00e7\u00e3o, Justi\u00e7a e Reda\u00e7\u00e3o", "texto_original": "http://64.23.167.191/sapl/public/materialegislativa/2025/1451/parecer_da_comissao_de_constituicaojustica_e_redacao_sobre_resolucao_na005-2025__parecer_na076-2025.pdf", "ementa": "Projeto de Resolu\u00e7\u00e3o n\u00b0: 005 /2025 - Proponente: Ver. Lili Ben\u00edcio- Ementa: Concede t\u00edtulo de cidad\u00e3 pedro-afonsina \u00e0 senhora Kelma de Souza Fran\u00e7a, em reconhecimento aos relevantes servi\u00e7os prestados ao Munic\u00edpio de Pedro Afonso, especialmente na \u00e1rea da sa\u00fade p\u00fablica, onde vem atuando com dedica\u00e7\u00e3o, compet\u00eancia e compromisso social."}, {"id": 1452, "ano": 2025, "numero": 71, "tipo__sigla": "PAR", "tipo__descricao": "Parecer das Comiss\u00f5es", "autoria__autor__nome": "CCJR - Comiss\u00e3o de Constitui\u00e7\u00e3o, Justi\u00e7a e Reda\u00e7\u00e3o", "texto_original": "http://64.23.167.191/sapl/public/materialegislativa/2025/1452/parecer_da_comissao_de_constituicaojustica_e_redacao_sobre_resolucao_na006-2025__parecer_na077-2025.pdf", "ementa": "Projeto de Resolu\u00e7\u00e3o n\u00b0: 006 /2025 - Proponente: Ver. Lili Ben\u00edcio- Ementa: Concede t\u00edtulo de cidad\u00e3o pedro-afonsino ao senhor Luan Natanael Nunes Silva, em reconhecimento aos relevantes servi\u00e7os prestados ao Munic\u00edpio de Pedro Afonso, especialmente na \u00e1rea da sa\u00fade p\u00fablica, onde vem atuando com dedica\u00e7\u00e3o, compet\u00eancia e compromisso social."}, {"id": 1453, "ano": 2025, "numero": 72, "tipo__sigla": "PAR", "tipo__descricao": "Parecer das Comiss\u00f5es", "autoria__autor__nome": "CCJR - Comiss\u00e3o de Constitui\u00e7\u00e3o, Justi\u00e7a e Reda\u00e7\u00e3o", "texto_original": "http://64.23.167.191/sapl/public/materialegislativa/2025/1453/parecer_da_comissao_de_constituicaojustica_e_redacao_sobre_resolucao_na007-2025__parecer_na078-2025.pdf", "ementa": "Projeto de Resolu\u00e7\u00e3o n\u00b0: 007 /2025 - Proponente: Ver. Lili Ben\u00edcio- Ementa: Concede t\u00edtulo de cidad\u00e3 pedro-afonsina \u00e0 senhora Josirene Maria Alves de Ara\u00fajo, em reconhecimento aos relevantes servi\u00e7os prestados ao Munic\u00edpio de Pedro Afonso, especialmente na \u00e1rea da sa\u00fade, por meio de seu trabalho dedicado, \u00e9tico e humanizado como fisioterapeuta."}, {"id": 1454, "ano": 2025, "numero": 73, "tipo__sigla": "PAR", "tipo__descricao": "Parecer das Comiss\u00f5es", "autoria__autor__nome": "CCJR - Comiss\u00e3o de Constitui\u00e7\u00e3o, Justi\u00e7a e Reda\u00e7\u00e3o", "texto_original": "http://64.23.167.191/sapl/public/materialegislativa/2025/1454/parecer_da_comissao_sobre_projeto_de_lei_na026-2025_parecer_075-2025.pdf", "ementa": "Projeto de Lei n\u00b0: 026 /2025 - Proponente: Poder Executivo - Ementa: Estima a Receita e fixa a Despesa da LOA - Lei do Or\u00e7amento Anual do Munic\u00edpio de Pedro Afonso - TO, para o exerc\u00edcio financeiro de 2026."}, {"id": 1455, "ano": 2025, "numero": 74, "tipo__sigla": "PAR", "tipo__descricao": "Parecer das Comiss\u00f5es", "autoria__autor__nome": "CCJR - Comiss\u00e3o de Constitui\u00e7\u00e3o, Justi\u00e7a e Reda\u00e7\u00e3o", "texto_original": "http://64.23.167.191/sapl/public/materialegislativa/2025/1455/parecer_da_comissao_sobre_projeto_de_lei_na005-2025_parecer_na071-2025.pdf", "ementa": "Projeto de Lei n\u00b0: 005 /2025 - Proponente: Ver. Pedro Berlamino- Ementa: Altera a denomina\u00e7\u00e3o da Rua 2, localizada do Distrito de Anajan\u00f3polis - Porto Real, neste Munic\u00edpio de Pedro Afonso - TO, que passa a denominar-se Rua Erval Barreira de Abreu, e d\u00e1 outras provid\u00eancias."}, {"id": 1475, "ano": 2025, "numero": 75, "tipo__sigla": "PAR", "tipo__descricao": "Parecer das Comiss\u00f5es", "autoria__autor__nome": "CCJR - Comiss\u00e3o de Constitui\u00e7\u00e3o, Justi\u00e7a e Reda\u00e7\u00e3o", "texto_original": "http://64.23.167.191/sapl/public/materialegislativa/2025/1475/parecer_no_057-2025_projeto_de_lei_no_002-2025_programa_municipal_transporte_solidario_-_ver._marquim.pdf", "ementa": "Projeto de Lei n\u00b0: 002 /2025 - Proponente: Ver. Marquim Catabriga- Ementa: Institui o Programa Municipal de Transporte Solid\u00e1rio de Sa\u00fade no munic\u00edpio de Pedro Afonso - TO e d\u00e1 outras provid\u00eancias."}, {"id": 1476, "ano": 2025, "numero": 76, "tipo__sigla": "PAR", "tipo__descricao": "Parecer das Comiss\u00f5es", "autoria__autor__nome": "CCJR - Comiss\u00e3o de Constitui\u00e7\u00e3o, Justi\u00e7a e Reda\u00e7\u00e3o", "texto_original": "http://64.23.167.191/sapl/public/materialegislativa/2025/1476/parecer_comissao_regimento_interno.pdf", "ementa": "Proposta de Emenda Modificativa \u00e0 Resolu\u00e7\u00e3o n\u00b0 009 /2025 (Regimento Interno) - Proponente: Poder Legislativo - Mesa Diretora - Ementa: Altera dispositivos do Regimento Interno da C\u00e2mara Municipal de Pedro Afonso, e d\u00e1 outras provid\u00eancias."}, {"id": 1477, "ano": 2025, "numero": 77, "tipo__sigla": "PAR", "tipo__descricao": "Parecer das Comiss\u00f5es", "autoria__autor__nome": "CCJR - Comiss\u00e3o de Constitui\u00e7\u00e3o, Justi\u00e7a e Reda\u00e7\u00e3o", "texto_original": "http://64.23.167.191/sapl/public/materialegislativa/2025/1477/parecer_comissao_n_067-2025_titulo_de_cidadao_vilmar_de_oliveira.pdf", "ementa": "Projeto de Resolu\u00e7\u00e3o n\u00b0: 002 /2025 - Proponente: Ver. Marquim Catabriga, Lili Ben\u00edcio, Ant\u00f4nio Neto e Sebasti\u00e3o Fabr\u00edcio - Ementa: Concede Titulo de Cidad\u00e3o Pedroafonsino ao Deputado Estadual Vilmar do Detran, em reconhecimento aos relevantes servi\u00e7os prestados e \u00e0 contribui\u00e7\u00e3o significativa ao desenvolvimento do munic\u00edpio de Pedro Afonso - TO."}, {"id": 1478, "ano": 2025, "numero": 78, "tipo__sigla": "PAR", "tipo__descricao": "Parecer das Comiss\u00f5es", "autoria__autor__nome": "CCJR - Comiss\u00e3o de Constitui\u00e7\u00e3o, Justi\u00e7a e Reda\u00e7\u00e3o", "texto_original": "http://64.23.167.191/sapl/public/materialegislativa/2025/1478/parecer_comissao_n_079-2025_mensagem_de_veto_no_004-2025_programa_transporte_solidario.pdf", "ementa": "Mensagem de Veto n\u00b0: 004 /2025 - Proponente: Poder Executivo - Ementa: Comunicar o veto integral do Projeto de Lei n\u00b0 002/2025."}, {"id": 1479, "ano": 2025, "numero": 79, "tipo__sigla": "PAR", "tipo__descricao": "Parecer das Comiss\u00f5es", "autoria__autor__nome": "CCJR - Comiss\u00e3o de Constitui\u00e7\u00e3o, Justi\u00e7a e Reda\u00e7\u00e3o", "texto_original": "http://64.23.167.191/sapl/public/materialegislativa/2025/1479/parecer_comissao_no_80-2025_ref._projeto_de_lei_no_029-2025_regularizacao_dominal_de_imoveis.pdf", "ementa": "Projeto de Lei n\u00b0: 029 /2025 - Proponente: Poder Executivo - Ementa: Disp\u00f5e sobre a regulariza\u00e7\u00e3o dominial de im\u00f3veis ocupados por mun\u00edcipes localizados em \u00e1reas devidamente matriculadas, e d\u00e1 outras provid\u00eancias."}, {"id": 1480, "ano": 2025, "numero": 80, "tipo__sigla": "PAR", "tipo__descricao": "Parecer das Comiss\u00f5es", "autoria__autor__nome": "CCJR - Comiss\u00e3o de Constitui\u00e7\u00e3o, Justi\u00e7a e Reda\u00e7\u00e3o", "texto_original": "http://64.23.167.191/sapl/public/materialegislativa/2025/1480/parecer_comissao_n_084-2025_-_titulo_de_cidadao_hiromi.pdf", "ementa": "Projeto de Resolu\u00e7\u00e3o n\u00b0: 004 /2025 - Proponente: Ver. Pedro Belarmino - Ementa: Concede Titulo de Cidad\u00e3o Pedroafonsino ao M\u00e1rio Hiromi Okuyama e d\u00e1 outras provid\u00eancias."}, {"id": 1483, "ano": 2025, "numero": 81, "tipo__sigla": "PAR", "tipo__descricao": "Parecer das Comiss\u00f5es", "autoria__autor__nome": "CCJR - Comiss\u00e3o de Constitui\u00e7\u00e3o, Justi\u00e7a e Reda\u00e7\u00e3o", "texto_original": "http://64.23.167.191/sapl/public/materialegislativa/2025/1483/parecer_da_comissao_sobre_projeto_de_lei_na004-2025_parecer_na083-2025.pdf", "ementa": "Projeto de Lei n\u00b0 004/2025, Ver. Marquim Catabriga: Institui o Programa Municipal \"Cidade Verde\", destinado ao incentivo do plantio de \u00e1rvores nativas no munic\u00edpio de Pedro Afonso - TO, com participa\u00e7\u00e3o das escolas e da comunidade."}, {"id": 1490, "ano": 2025, "numero": 82, "tipo__sigla": "PAR", "tipo__descricao": "Parecer das Comiss\u00f5es", "autoria__autor__nome": "CCJR - Comiss\u00e3o de Constitui\u00e7\u00e3o, Justi\u00e7a e Reda\u00e7\u00e3o", "texto_original": "http://64.23.167.191/sapl/public/materialegislativa/2025/1490/parecer_da_comissao_sobre_projeto_de_resolucao_na06-2025_parecer_na090-2025.pdf", "ementa": "Projeto de Resolu\u00e7\u00e3o n\u00b0 006/2025, Poder Legislativo: Disp\u00f5e sobre a atualiza\u00e7\u00e3o dos valores do aux\u00edlio-alimenta\u00e7\u00e3o concedido no \u00e2mbito da C\u00e2mara Municipal de Pedro Afonso, revoga a Resolu\u00e7\u00e3o n\u00b0 014/2022 e d\u00e1 outras provid\u00eancias."}, {"id": 1491, "ano": 2025, "numero": 83, "tipo__sigla": "PAR", "tipo__descricao": "Parecer das Comiss\u00f5es", "autoria__autor__nome": "CCJR - Comiss\u00e3o de Constitui\u00e7\u00e3o, Justi\u00e7a e Reda\u00e7\u00e3o", "texto_original": "http://64.23.167.191/sapl/public/materialegislativa/2025/1491/parecer_da_comissao_sobre_projeto_de_lei_na034-2025_parecer_na089-2025.pdf", "ementa": "Projeto de Lei n\u00b0: 034 /2025 - Proponente: Poder Executivo - Ementa: Disp\u00f5e sobre reajuste na estrutura tarif\u00e1ria do Sistema de Saneamento e \u00c1guas de Pedro Afonso / SISAPA, e d\u00e1 outras provid\u00eancias."}, {"id": 1492, "ano": 2025, "numero": 84, "tipo__sigla": "PAR", "tipo__descricao": "Parecer das Comiss\u00f5es", "autoria__autor__nome": "CCJR - Comiss\u00e3o de Constitui\u00e7\u00e3o, Justi\u00e7a e Reda\u00e7\u00e3o", "texto_original": "http://64.23.167.191/sapl/public/materialegislativa/2025/1492/parecer_da_comissao_sobre_projeto_de_lei_na030-2025_parecer_na085-2025.pdf", "ementa": "Projeto de Lei n\u00b0: 030 /2025 - Proponente: Poder Executivo - Ementa: Altera a Lei Municipal n\u00b0 026/2019, pro que tange a inclus\u00e3o e reajuste salarial da classe profissional e d\u00e1 outras provid\u00eancias."}, {"id": 1493, "ano": 2025, "numero": 85, "tipo__sigla": "PAR", "tipo__descricao": "Parecer das Comiss\u00f5es", "autoria__autor__nome": "CCJR - Comiss\u00e3o de Constitui\u00e7\u00e3o, Justi\u00e7a e Reda\u00e7\u00e3o", "texto_original": "http://64.23.167.191/sapl/public/materialegislativa/2025/1493/parecer_da_comissao_sobre_projeto_de_lei_na031-2025_parecer_na086-2025.pdf", "ementa": "Projeto de Lei n\u00b0: 031 /2025 - Proponente: Poder Executivo - Ementa: Disp\u00f5e sobre autoriza\u00e7\u00e3o legislativa \u00e0 continuidade da denominada \"Secretaria Extraordin\u00e1ria para Resolu\u00e7\u00f5es de Problem\u00e1ticas Pluviais\" - sob per\u00edodo r\u00edgido e determinado -, consoante \u00e0 Lei n\u00b0 074/2022 (Lei que disp\u00f5e sobre diretrizes or\u00e7ament\u00e1rias 2023), e d\u00e1 outras provid\u00eancias."}, {"id": 1494, "ano": 2025, "numero": 86, "tipo__sigla": "PAR", "tipo__descricao": "Parecer das Comiss\u00f5es", "autoria__autor__nome": "CCJR - Comiss\u00e3o de Constitui\u00e7\u00e3o, Justi\u00e7a e Reda\u00e7\u00e3o", "texto_original": "http://64.23.167.191/sapl/public/materialegislativa/2025/1494/parecer_da_comissao_sobre_projeto_de_lei_na032-2025_parecer_na087-2025.pdf", "ementa": "Projeto de Lei n\u00b0: 032 /2025 - Proponente: Poder Executivo - Ementa: Altera a Lei n\u00b0 36/2025 para incluir os arts. 5\u00b0-A, 5\u00b0-B, 5\u00b0-C e 5\u00b0-D, que trata sobre a execu\u00e7\u00e3o de Pol\u00edticas P\u00fablicas voltadas para crian\u00e7as e adolescentes por meio de Agenda Transversal."}, {"id": 1495, "ano": 2025, "numero": 87, "tipo__sigla": "PAR", "tipo__descricao": "Parecer das Comiss\u00f5es", "autoria__autor__nome": "CCJR - Comiss\u00e3o de Constitui\u00e7\u00e3o, Justi\u00e7a e Reda\u00e7\u00e3o", "texto_original": "http://64.23.167.191/sapl/public/materialegislativa/2025/1495/parecer_da_comissao_sobre_projeto_de_lei_na033-2025_parecer_na088-2025.pdf", "ementa": "Projeto de Lei n\u00b0: 033 /2025 - Proponente: Poder Executivo - Ementa: Inclui dispositivo no C\u00f3digo Tribut\u00e1rio Municipal para prever o Imposto sobre Bens e Servi\u00e7os - IBS."}, {"id": 1370, "ano": 2025, "numero": 4, "tipo__sigla": "OFC", "tipo__descricao": "Of\u00edcio", "autoria__autor__nome": "SEBASTI\u00c3O FABRICIO", "texto_original": "http://64.23.167.191/sapl/public/materialegislativa/2025/1370/oficio_n_004-2025.pdf", "ementa": "Encaminhamento de proposi\u00e7\u00f5es para an\u00e1lise."}, {"id": 816, "ano": 2025, "numero": 65, "tipo__sigla": "OFC", "tipo__descricao": "Of\u00edcio", "autoria__autor__nome": "MARQUIM CATABRIGA", "texto_original": "http://64.23.167.191/sapl/public/materialegislativa/2025/816/projeto_de_lei_n_002-2025_-_altera_o_nome_da_rua_09..pdf", "ementa": "Solicita a disponibilidade deum transporte (\u00f4nibus) para o translado do grupo A for\u00e7a Jovem Universal, ao evento denominado \"luau FJU\", que ocorrer\u00e1 na cidade de Guara\u00ed - TO, no dia 15 de fevereiro de 2025."}, {"id": 1364, "ano": 2025, "numero": 246, "tipo__sigla": "OFC", "tipo__descricao": "Of\u00edcio", "autoria__autor__nome": "MARQUIM CATABRIGA", "texto_original": "http://64.23.167.191/sapl/public/materialegislativa/2025/1364/oficio_cm-gb_na246-2025_comunicacao_sobre_manutencao_do_veto_total_na_03-2025_ao_projeto_de_lei_na001-2025.pdf", "ementa": "Comunica\u00e7\u00e3o sobre a manuten\u00e7\u00e3o do Veto Total n\u00b0 03/2025 ao Projeto de Lei 001/2025."}, {"id": 1363, "ano": 2025, "numero": 3, "tipo__sigla": "MV", "tipo__descricao": "Mensagem de Veto", "autoria__autor__nome": "Joaquim Martins Pinheiro Filho", "texto_original": "http://64.23.167.191/sapl/public/materialegislativa/2025/1363/mensagem_de_veto_no003-2025_ao_projeto_de_lei_na001-2025.pdf", "ementa": "Comunicar o veto integral do Projeto de Lei n\u00b0 001/2025."}, {"id": 1464, "ano": 2025, "numero": 4, "tipo__sigla": "MV", "tipo__descricao": "Mensagem de Veto", "autoria__autor__nome": "Joaquim Martins Pinheiro Filho", "texto_original": "http://64.23.167.191/sapl/public/materialegislativa/2025/1464/mensagem_de_veto_no_004-2025_programa_transporte_solidario.pdf", "ementa": "Comunicar o veto integral do Projeto de Lei n\u00b0 002/2025."}, {"id": 1456, "ano": 2025, "numero": 1, "tipo__sigla": "PELo", "tipo__descricao": "Proposta de Emenda \u00e0 Lei Org\u00e2nica", "autoria__autor__nome": null, "texto_original": "http://64.23.167.191/sapl/public/materialegislativa/2025/1456/proposta_de_emenda_a_lei_organica_no_1_de_15_de_novembro_de_2025.pdf", "ementa": "Altera o inciso III do art. 17, o \u00a72\u00ba do art. 27 e o \u00a71\u00ba do art. 30, todos da Lei Org\u00e2nica do Munic\u00edpio de Pedro Afonso/TO."}]}