{"headers": {"id": "ID", "ano": "Ano", "numero": "N\u00famero", "tipo__sigla": "Tipo de Mat\u00e9ria Legislativa/Sigla", "tipo__descricao": "Tipo de Mat\u00e9ria Legislativa/Descri\u00e7\u00e3o", "autoria__autor__nome": "Autorias/Autor/Nome do Autor", "texto_original": "Texto Original", "ementa": "Ementa"}, "results": [{"id": 584, "ano": 2022, "numero": 1, "tipo__sigla": "IND", "tipo__descricao": "Indica\u00e7\u00e3o", "autoria__autor__nome": "JADER MARIANO", "texto_original": "http://64.23.167.191/sapl/public/materialegislativa/2022/584/01_-_indicacao__001-2022_-_jader_08-02.pdf", "ementa": "Indica\u00e7\u00e3o n\u00ba 001/2022 - Ver. Jader Mariano: Indica ao Executivo Municipal, que execute a Lei n\u00ba 11.738 de 16 junho de 2008, que institui o piso salarial\r\nprofissional nacional para os profissionais magist\u00e9rio p\u00fablico da educa\u00e7\u00e3o b\u00e1sica."}, {"id": 585, "ano": 2022, "numero": 2, "tipo__sigla": "IND", "tipo__descricao": "Indica\u00e7\u00e3o", "autoria__autor__nome": "MARQUIM CATABRIGA", "texto_original": "http://64.23.167.191/sapl/public/materialegislativa/2022/585/02_-_indicacao_001_-_2022_-_marquim_09-02.pdf", "ementa": "Indica\u00e7\u00e3o n\u00ba 001/2022 - Ver. Marquim Catabriga: \u201cINDICA AO CHEFE DO PODER EXECUTIVO MUNICIPAL, A CRIA\u00c7\u00c3O DA FARM\u00c1CIA VETERIN\u00c1RIA POPULAR E D\u00c1 OUTRAS PROVID\u00caNCIAS NO \u00c2MBITO DO MUNIC\u00cdPIO DE PEDRO AFONSO\u201d."}, {"id": 586, "ano": 2022, "numero": 3, "tipo__sigla": "IND", "tipo__descricao": "Indica\u00e7\u00e3o", "autoria__autor__nome": null, "texto_original": "http://64.23.167.191/sapl/public/materialegislativa/2022/586/03_-_indicacao_002_-_2022_-_marquim_09-02.pdf", "ementa": "Indica\u00e7\u00e3o n\u00ba 002/2022 - Ver. Marquim Catabriga: \u201cINDICA AO CHEFE DO PODER EXECUTIVO MUNICIPAL, A CRIA\u00c7\u00c3O DO PROGRAMA DE FORMA\u00c7\u00c3O PROFISSIONAL PARA MULHERES EM SITUA\u00c7\u00c3O DE VIOL\u00caNCIA DOM\u00c9STICA E FAMILIAR\u201d."}, {"id": 587, "ano": 2022, "numero": 4, "tipo__sigla": "IND", "tipo__descricao": "Indica\u00e7\u00e3o", "autoria__autor__nome": "MARQUIM CATABRIGA", "texto_original": "http://64.23.167.191/sapl/public/materialegislativa/2022/587/04_-_indicacao_003_-_2022_-_marquim_14-02.pdf", "ementa": "Indica\u00e7\u00e3o n\u00ba 003/2022 - Ver. Marquim Catabriga: \u201cINDICA AO CHEFE DO PODER EXECUTIVO MUNICIPAL A CONCEDER AUX\u00cdLIO TRANSPORTE AOS ESTUDANTES DE CURSO SUPERIOR E CURSO T\u00c9CNICO\u201d."}, {"id": 588, "ano": 2022, "numero": 5, "tipo__sigla": "IND", "tipo__descricao": "Indica\u00e7\u00e3o", "autoria__autor__nome": "LILI BEN\u00cdCIO", "texto_original": "http://64.23.167.191/sapl/public/materialegislativa/2022/588/05_-_indicacao_001-2022_-_lili_-_16-02.pdf", "ementa": "Indica\u00e7\u00e3o n\u00ba 001/2022 - Ver. Lili Ben\u00edcio: INDICA ao Chefe do Poder Executivo Municipal, atrav\u00e9s da Secretaria Municipal de Sa\u00fade, a instala\u00e7\u00e3o de um Centro de Atendimento Fisioter\u00e1pico, para atender os usu\u00e1rios da Rede municipal de sa\u00fade do munic\u00edpio de Pedro Afonso."}, {"id": 589, "ano": 2022, "numero": 6, "tipo__sigla": "IND", "tipo__descricao": "Indica\u00e7\u00e3o", "autoria__autor__nome": "BRENO ALVES", "texto_original": "http://64.23.167.191/sapl/public/materialegislativa/2022/589/06_-_inidcacao_no_001-2022_-_breno_-_16-03.pdf", "ementa": "Indica\u00e7\u00e3o n\u00ba 001/2022 - Ver. Breno Alves: \u201cINDICA AO CHEFE DO PODER EXECUTIVO MUNICIPAL QUE O CENTRO MUNICIPAL DE EDUCA\u00c7\u00c3O INFANTIL MARANATHA, FUNCIONE EM MODELO DE CRECHE DE TEMPO INTEGRAL\u201d."}, {"id": 590, "ano": 2022, "numero": 7, "tipo__sigla": "IND", "tipo__descricao": "Indica\u00e7\u00e3o", "autoria__autor__nome": "MIRLEYSON SOARES", "texto_original": "http://64.23.167.191/sapl/public/materialegislativa/2022/590/07_-_indicacao_001-2022_-_mirleyson_-_17-03.pdf", "ementa": "Indica\u00e7\u00e3o n\u00ba 001/2022 - Ver. Mirleyson Soares: Indica ao Chefe do Executivo Municipal, que fa\u00e7a a coleta seletiva de lixo dom\u00e9stico na Vila Mata Verde e das outras provid\u00eancias."}, {"id": 591, "ano": 2022, "numero": 8, "tipo__sigla": "IND", "tipo__descricao": "Indica\u00e7\u00e3o", "autoria__autor__nome": "MARQUIM CATABRIGA", "texto_original": "http://64.23.167.191/sapl/public/materialegislativa/2022/591/08_-_indicacao_004_-_2022_-_marquim_29-03.pdf", "ementa": "Indica\u00e7\u00e3o n\u00ba 004/2022 - Ver. Marquim Catabriga: \u201cINDICA AO CHEFE DO PODER EXECUTIVO MUNICIPAL QUE FA\u00c7A A AMPLIA\u00c7\u00c3O DO MUSEU HIST\u00d3RICO DE PEDRO AFONSO\u201d."}, {"id": 592, "ano": 2022, "numero": 9, "tipo__sigla": "IND", "tipo__descricao": "Indica\u00e7\u00e3o", "autoria__autor__nome": "JOILSON BOCA PRETA", "texto_original": "http://64.23.167.191/sapl/public/materialegislativa/2022/592/09_-_indicacao_01-2022_-_joilson_-_12-04.pdf", "ementa": "Indica\u00e7\u00e3o n\u00ba 001/2022 - Ver. Joilson Oliveira: Indica ao Chefe do Executivo Municipal junto a secretaria competente, que instale irriga\u00e7\u00e3o autom\u00e1tica subterr\u00e2nea no campo de futebol Ricard\u00e3o."}, {"id": 593, "ano": 2022, "numero": 10, "tipo__sigla": "IND", "tipo__descricao": "Indica\u00e7\u00e3o", "autoria__autor__nome": "JOILSON BOCA PRETA", "texto_original": "http://64.23.167.191/sapl/public/materialegislativa/2022/593/10_-_indicacao_02-2022_-_joilson_12-04.pdf", "ementa": "Indica\u00e7\u00e3o n\u00ba 002/2022 - Ver. Joilson Oliveira: Indica ao Chefe do Executivo Municipal junto a secretaria competente, que instale ilumina\u00e7\u00e3o do campo de futebol Ricard\u00e3o."}, {"id": 594, "ano": 2022, "numero": 11, "tipo__sigla": "IND", "tipo__descricao": "Indica\u00e7\u00e3o", "autoria__autor__nome": "MARQUIM CATABRIGA", "texto_original": "http://64.23.167.191/sapl/public/materialegislativa/2022/594/11_-_indicacao_005_-_2022_-_marquim_03-05.pdf", "ementa": "Indica\u00e7\u00e3o n\u00ba 005/2022 - Ver. Marquim Catabriga: Indica ao Chefe do Poder Executivo Municipal junto a secretaria competente, que possa adquirir ou direcionar bancos de descanso no hospital regional de Pedro Afonso \u2013 HRPA."}, {"id": 595, "ano": 2022, "numero": 12, "tipo__sigla": "IND", "tipo__descricao": "Indica\u00e7\u00e3o", "autoria__autor__nome": "JADER MARIANO", "texto_original": "http://64.23.167.191/sapl/public/materialegislativa/2022/595/12_-_indicacao__002-2022_-_jader_10-05.pdf", "ementa": "Indica\u00e7\u00e3o n\u00ba 002/2022 - Ver. Jader Mariano: Indica ao Executivo Municipal, que pague o piso salarial da enfermagem, referente a PL 2564/2020, que foi aprovado pela C\u00e2mara de Deputados."}, {"id": 596, "ano": 2022, "numero": 13, "tipo__sigla": "IND", "tipo__descricao": "Indica\u00e7\u00e3o", "autoria__autor__nome": "MARQUIM CATABRIGA", "texto_original": "http://64.23.167.191/sapl/public/materialegislativa/2022/596/13_-_indicacao_006_-_2022_-_marquim_14-06.pdf", "ementa": "Indica\u00e7\u00e3o n\u00ba 006/2022 - Ver. Marquim Catabriga: Indica ao Chefe do Poder Executivo Municipal junto a secretaria competente, que disp\u00f5e sobre\r\nconcess\u00e3o de lotes e terrenos baldios para a instala\u00e7\u00e3o do Projeto Semear no Munic\u00edpio de Pedro Afonso, Estado do Tocantins e d\u00e1 outras provid\u00eancias."}, {"id": 597, "ano": 2022, "numero": 14, "tipo__sigla": "IND", "tipo__descricao": "Indica\u00e7\u00e3o", "autoria__autor__nome": "BRENO ALVES", "texto_original": "http://64.23.167.191/sapl/public/materialegislativa/2022/597/14_-_indicacao_no_002_-_breno_-_15-08.pdf", "ementa": "Indica\u00e7\u00e3o n\u00ba 002/2022 - Ver. Breno Alves: \u201cINDICA AO CHEFE DO PODER EXECUTIVO MUNICIPAL QUE ENCAMINHE PROJETO DE LEI, IMPLEMENTANDO O PISO SALARIAL DOS PROFISSIONAIS DE ENFERMAGEM\u201d."}, {"id": 598, "ano": 2022, "numero": 15, "tipo__sigla": "IND", "tipo__descricao": "Indica\u00e7\u00e3o", "autoria__autor__nome": "LILI BEN\u00cdCIO", "texto_original": "http://64.23.167.191/sapl/public/materialegislativa/2022/598/15_-_indicacao_002-2022_-_lili_25-10.pdf", "ementa": "Indica\u00e7\u00e3o n\u00ba 002/2022 - Ver. Lili Ben\u00edcio: Indico a Mesa Diretora, na forma regimental, ap\u00f3s aprova\u00e7\u00e3o do Plen\u00e1rio, encaminhe ao Poder Executivo Municipal e a Senhora Secret\u00e1ria municipal de educa\u00e7\u00e3o esta indica\u00e7\u00e3o destinada a sugerir que, seja constru\u00edda uma creche municipal com\r\nfuncionamento em per\u00edodo integral, para atender a popula\u00e7\u00e3o de Pedro Afonso."}, {"id": 599, "ano": 2022, "numero": 16, "tipo__sigla": "IND", "tipo__descricao": "Indica\u00e7\u00e3o", "autoria__autor__nome": "JADER MARIANO", "texto_original": "http://64.23.167.191/sapl/public/materialegislativa/2022/599/16_-_indicacao__003-2022_-_jader_01-11.pdf", "ementa": "Indica\u00e7\u00e3o n\u00ba 003/2022 - Ver. Jader Mariano: Indica ao Executivo Municipal, atrav\u00e9s da secretaria competente, que construa a malha asf\u00e1ltica na principal rua da Agrovila Bom tempo, e ruas ao entorno."}, {"id": 385, "ano": 2022, "numero": 1, "tipo__sigla": "REQ", "tipo__descricao": "Requerimentos - Ver. Lili Ben\u00edcio", "autoria__autor__nome": "LILI BEN\u00cdCIO", "texto_original": "http://64.23.167.191/sapl/public/materialegislativa/2022/385/requerimento_no_001-2022.pdf", "ementa": "REQUER seja solicitado ao Senhor Chefe do Executivo Municipal, viabilizar junto a Secretaria competente e enviar \u00e0 esta Casa, Projeto de Lei que disponha sobre instituir no \u00e2mbito do munic\u00edpio de Pedro Afonso, o Plano de gratifica\u00e7\u00e3o e incentivo a qualifica\u00e7\u00e3o, para funcion\u00e1rios que conclu\u00edrem escolaridade superior ao exigido como requisito par provimento do cargo, constante nas especifica\u00e7\u00f5es de classe definidas em Leis."}, {"id": 408, "ano": 2022, "numero": 1, "tipo__sigla": "REQ", "tipo__descricao": "Requerimentos - Ver. Marquim Catabriga", "autoria__autor__nome": "MARQUIM CATABRIGA", "texto_original": "http://64.23.167.191/sapl/public/materialegislativa/2022/408/requerimento_001-2022.pdf", "ementa": "Requer ao Prefeito Municipal atrav\u00e9s da secretaria competente, que regularize a ilumina\u00e7\u00e3o da quadrapoliesportiva do Setor Ant\u00f4nio Joaquim Pire Martins filho (Portelinha)."}, {"id": 409, "ano": 2022, "numero": 2, "tipo__sigla": "REQ", "tipo__descricao": "Requerimentos - Ver. Marquim Catabriga", "autoria__autor__nome": "MARQUIM CATABRIGA", "texto_original": "http://64.23.167.191/sapl/public/materialegislativa/2022/409/requerimento_002-2022.pdf", "ementa": "Requer ao Prefeito Municipal atrav\u00e9s da secretaria competente, que sinalize a pista do trevo da sa\u00edda da cidade do lado direito sentido TO-010."}, {"id": 410, "ano": 2022, "numero": 3, "tipo__sigla": "REQ", "tipo__descricao": "Requerimentos - Ver. Marquim Catabriga", "autoria__autor__nome": "MARQUIM CATABRIGA", "texto_original": "http://64.23.167.191/sapl/public/materialegislativa/2022/410/requerimento_003-2022.pdf", "ementa": "Requer ao Prefeito Municipal atrav\u00e9s da secretaria competente, que seja implantado a ilumina\u00e7\u00e3o p\u00fablica na Rua 14 no setor Bela Vista II."}, {"id": 411, "ano": 2022, "numero": 4, "tipo__sigla": "REQ", "tipo__descricao": "Requerimentos - Ver. Marquim Catabriga", "autoria__autor__nome": "MARQUIM CATABRIGA", "texto_original": "http://64.23.167.191/sapl/public/materialegislativa/2022/411/requerimento_004-2022.pdf", "ementa": "Requer ao Prefeito Municipal atrav\u00e9s da secretaria competente, que seja feita a restaura\u00e7\u00e3o e revitaliza\u00e7\u00e3o da fonte da pra\u00e7a pr\u00f3ximo ao antigo Hotel Serapi\u00e3o."}, {"id": 412, "ano": 2022, "numero": 5, "tipo__sigla": "REQ", "tipo__descricao": "Requerimentos - Ver. Marquim Catabriga", "autoria__autor__nome": "MARQUIM CATABRIGA", "texto_original": "http://64.23.167.191/sapl/public/materialegislativa/2022/412/requerimento_005-2022.pdf", "ementa": "Requer ao Prefeito Municipal atrav\u00e9s da secretaria competente, que seja feita a reforma da quadra do setor aeroporto II, e restaure a ilumina\u00e7\u00e3o."}, {"id": 413, "ano": 2022, "numero": 6, "tipo__sigla": "REQ", "tipo__descricao": "Requerimentos - Ver. Marquim Catabriga", "autoria__autor__nome": "MARQUIM CATABRIGA", "texto_original": "http://64.23.167.191/sapl/public/materialegislativa/2022/413/requerimento_006-2022.pdf", "ementa": "Requer ao Prefeito Municipal junto ao \u00f3rg\u00e3o competente, que providencie a ilumina\u00e7\u00e3o na Rua Ant\u00f4nio Lopes na comunidade de Porto Real."}, {"id": 414, "ano": 2022, "numero": 7, "tipo__sigla": "REQ", "tipo__descricao": "Requerimentos - Ver. Marquim Catabriga", "autoria__autor__nome": "MARQUIM CATABRIGA", "texto_original": "http://64.23.167.191/sapl/public/materialegislativa/2022/414/requerimento_007-2022.pdf", "ementa": "Requer ao Prefeito Municipal junto Secretaria competente, que envie P\u00e1 Carregadeira ou Trator Tra\u00e7ado na Ch\u00e1cara S\u00e3o Lazaro de propriedade do\r\nsenhor Francisco Gustavo Moreira Macedo, localizada no Munic\u00edpio de Tupirama \u2013 TO."}, {"id": 415, "ano": 2022, "numero": 8, "tipo__sigla": "REQ", "tipo__descricao": "Requerimentos - Ver. Marquim Catabriga", "autoria__autor__nome": "MARQUIM CATABRIGA", "texto_original": "http://64.23.167.191/sapl/public/materialegislativa/2022/415/requerimento_008-2022.pdf", "ementa": "Requer ao Prefeito Municipal junto Secretaria competente, que envie a retroescavadeira e os maquin\u00e1rios necess\u00e1rios para efetuar um servi\u00e7o\r\nentre as propriedades do senhor H\u00e9lio Maioli e o senhor Salim Bucar."}, {"id": 416, "ano": 2022, "numero": 9, "tipo__sigla": "REQ", "tipo__descricao": "Requerimentos - Ver. Marquim Catabriga", "autoria__autor__nome": "MARQUIM CATABRIGA", "texto_original": "http://64.23.167.191/sapl/public/materialegislativa/2022/416/requerimento_009-2022.pdf", "ementa": "Requer ao Prefeito Municipal junto Secretaria competente, que seja molhada a avenida agr\u00edcola no setor aeroporto II e colocado quebra-molas."}, {"id": 417, "ano": 2022, "numero": 10, "tipo__sigla": "REQ", "tipo__descricao": "Requerimentos - Ver. Marquim Catabriga", "autoria__autor__nome": "MARQUIM CATABRIGA", "texto_original": "http://64.23.167.191/sapl/public/materialegislativa/2022/417/requerimento_010-2022.pdf", "ementa": "Requer ao Prefeito Municipal junto Secretaria competente, que encascalhe a estrada do IFTO que d\u00e1 acesso as ch\u00e1caras do senhor Z\u00e9 Abreu."}, {"id": 418, "ano": 2022, "numero": 11, "tipo__sigla": "REQ", "tipo__descricao": "Requerimentos - Ver. Marquim Catabriga", "autoria__autor__nome": "MARQUIM CATABRIGA", "texto_original": "http://64.23.167.191/sapl/public/materialegislativa/2022/418/requerimento_011-2022.pdf", "ementa": "Requer ao Presidente desta casa de Leis, que possa expedir oficio de seu gabinete ao secret\u00e1rio de sa\u00fade de Estado."}, {"id": 419, "ano": 2022, "numero": 12, "tipo__sigla": "REQ", "tipo__descricao": "Requerimentos - Ver. Marquim Catabriga", "autoria__autor__nome": "MARQUIM CATABRIGA", "texto_original": "http://64.23.167.191/sapl/public/materialegislativa/2022/419/requerimento_012-2022.pdf", "ementa": "Requer ao Prefeito Municipal junto Secretaria competente, que envie maquin\u00e1rios necess\u00e1rios para fazer a revitaliza\u00e7\u00e3o de todas a estradas vicinais que fazem liga\u00e7\u00e3o com a Regi\u00e3o do Rio Negro."}, {"id": 420, "ano": 2022, "numero": 13, "tipo__sigla": "REQ", "tipo__descricao": "Requerimentos - Ver. Marquim Catabriga", "autoria__autor__nome": "MARQUIM CATABRIGA", "texto_original": "http://64.23.167.191/sapl/public/materialegislativa/2022/420/requerimento_013-2022.pdf", "ementa": "Requer ao Prefeito Municipal junto Secretaria competente, que envie a retroescavadeira na ch\u00e1cara Maria Galv\u00e3o de propriedade do senhor Jos\u00e9 Pereira Veloso Junior."}, {"id": 421, "ano": 2022, "numero": 14, "tipo__sigla": "REQ", "tipo__descricao": "Requerimentos - Ver. Marquim Catabriga", "autoria__autor__nome": "MARQUIM CATABRIGA", "texto_original": "http://64.23.167.191/sapl/public/materialegislativa/2022/421/requerimento_014-2022.pdf", "ementa": "Requer ao Prefeito Municipal junto Secretaria competente, que fa\u00e7a a revitaliza\u00e7\u00e3o da ponte sobre o Rio Sono."}, {"id": 422, "ano": 2022, "numero": 15, "tipo__sigla": "REQ", "tipo__descricao": "Requerimentos - Ver. Marquim Catabriga", "autoria__autor__nome": "MARQUIM CATABRIGA", "texto_original": "http://64.23.167.191/sapl/public/materialegislativa/2022/422/requerimento_015-2022.pdf", "ementa": "Requer ao Prefeito Municipal, que fa\u00e7a uma auditoria p\u00fablica para avalia\u00e7\u00e3o da creche do setor aeroporto II."}, {"id": 423, "ano": 2022, "numero": 16, "tipo__sigla": "REQ", "tipo__descricao": "Requerimentos - Ver. Marquim Catabriga", "autoria__autor__nome": "MARQUIM CATABRIGA", "texto_original": "http://64.23.167.191/sapl/public/materialegislativa/2022/423/requerimento_016-2022.pdf", "ementa": "Requer ao Prefeito Municipal, atrav\u00e9s da secretaria competente, que arrume as rampas sob as pontes dos Rios sono e Tocantins."}, {"id": 424, "ano": 2022, "numero": 17, "tipo__sigla": "REQ", "tipo__descricao": "Requerimentos - Ver. Marquim Catabriga", "autoria__autor__nome": "MARQUIM CATABRIGA", "texto_original": "http://64.23.167.191/sapl/public/materialegislativa/2022/424/requerimento_017-2022.pdf", "ementa": "Requer ao Prefeito Municipal, atrav\u00e9s da secretaria competente, que seja feito alambrado protegendo o sistema e abastecimento de \u00e1gua do Porto Real e seja feita a tampa de um po\u00e7o que est\u00e1 exposto correndo risco."}, {"id": 425, "ano": 2022, "numero": 18, "tipo__sigla": "REQ", "tipo__descricao": "Requerimentos - Ver. Marquim Catabriga", "autoria__autor__nome": "MARQUIM CATABRIGA", "texto_original": "http://64.23.167.191/sapl/public/materialegislativa/2022/425/requerimento_018-2022.pdf", "ementa": "Requer ao Prefeito Municipal, atrav\u00e9s da secretaria competente, que fa\u00e7a a limpeza e revitaliza\u00e7\u00e3o da quadra poliesportiva do setor Canavieiras."}, {"id": 426, "ano": 2022, "numero": 19, "tipo__sigla": "REQ", "tipo__descricao": "Requerimentos - Ver. Marquim Catabriga", "autoria__autor__nome": "MARQUIM CATABRIGA", "texto_original": "http://64.23.167.191/sapl/public/materialegislativa/2022/426/requerimento_019-2022.pdf", "ementa": "Requer ao Prefeito Municipal, atrav\u00e9s da secretaria competente, a celeridade no processo de reconstru\u00e7\u00e3o da ponte sobre o rio Lajeado."}, {"id": 427, "ano": 2022, "numero": 20, "tipo__sigla": "REQ", "tipo__descricao": "Requerimentos - Ver. Marquim Catabriga", "autoria__autor__nome": "MARQUIM CATABRIGA", "texto_original": "http://64.23.167.191/sapl/public/materialegislativa/2022/427/requerimento_020-2022.pdf", "ementa": "Requer ao Prefeito Municipal, atrav\u00e9s da secretaria competente, que envie maquin\u00e1rios necess\u00e1rios para executar servi\u00e7o de patrulhamento das estradas rurais at\u00e9 a fazenda Dois Cora\u00e7\u00f5es de propriedade do senhor Jos\u00e9 Anchieta."}, {"id": 428, "ano": 2022, "numero": 21, "tipo__sigla": "REQ", "tipo__descricao": "Requerimentos - Ver. Marquim Catabriga", "autoria__autor__nome": "MARQUIM CATABRIGA", "texto_original": "http://64.23.167.191/sapl/public/materialegislativa/2022/428/requerimento_021-2022.pdf", "ementa": "Requer ao Prefeito Municipal, atrav\u00e9s da secretaria competente, que envie Patrol, ca\u00e7amba e grade na propriedade do senhor Evangelista de Sousa,\r\nfazenda Achado, na beira do Lajeado."}, {"id": 429, "ano": 2022, "numero": 22, "tipo__sigla": "REQ", "tipo__descricao": "Requerimentos - Ver. Marquim Catabriga", "autoria__autor__nome": "MARQUIM CATABRIGA", "texto_original": "http://64.23.167.191/sapl/public/materialegislativa/2022/429/requerimento_022-2022.pdf", "ementa": "Requer ao Prefeito Municipal, atrav\u00e9s da secretaria competente, que construa quebra-molas na avenida 2, n\u00famero 260 no setor canavieiras."}, {"id": 430, "ano": 2022, "numero": 23, "tipo__sigla": "REQ", "tipo__descricao": "Requerimentos - Ver. Marquim Catabriga", "autoria__autor__nome": "MARQUIM CATABRIGA", "texto_original": "http://64.23.167.191/sapl/public/materialegislativa/2022/430/requerimento_023-2022.pdf", "ementa": "Requer ao Prefeito Municipal, atrav\u00e9s da secretaria competente, que implante uma feira popular no setor aeroporto 2."}, {"id": 431, "ano": 2022, "numero": 24, "tipo__sigla": "REQ", "tipo__descricao": "Requerimentos - Ver. Marquim Catabriga", "autoria__autor__nome": "MARQUIM CATABRIGA", "texto_original": "http://64.23.167.191/sapl/public/materialegislativa/2022/431/requerimento_024-2022.pdf", "ementa": "Requer ao Prefeito Municipal, atrav\u00e9s da secretaria competente, que fa\u00e7a a recupera\u00e7\u00e3o da ponte sobre o c\u00f3rrego Berto na Faz. Santo Ant\u00f4nio II de\r\npropriedade o senhor Jos\u00e9 Edgar de Castro Andrade divisa de Pedro Afonso e Bom Jesus do Tocantins."}, {"id": 432, "ano": 2022, "numero": 25, "tipo__sigla": "REQ", "tipo__descricao": "Requerimentos - Ver. Marquim Catabriga", "autoria__autor__nome": "MARQUIM CATABRIGA", "texto_original": "http://64.23.167.191/sapl/public/materialegislativa/2022/432/requerimento_025-2022.pdf", "ementa": "Requer ao Prefeito Municipal, atrav\u00e9s da secretaria competente, que fa\u00e7a a sinaliza\u00e7\u00e3o sendo faixa de pedestre com urg\u00eancia na rua atr\u00e1s do Hotel\r\nBenfica."}, {"id": 433, "ano": 2022, "numero": 26, "tipo__sigla": "REQ", "tipo__descricao": "Requerimentos - Ver. Marquim Catabriga", "autoria__autor__nome": "MARQUIM CATABRIGA", "texto_original": "http://64.23.167.191/sapl/public/materialegislativa/2022/433/requerimento_026-2022.pdf", "ementa": "Requer ao Prefeito Municipal, que disponibilize em car\u00e1ter de urg\u00eancia, uma retroescavadeira para pasta respons\u00e1vel de galerias pluviais."}, {"id": 434, "ano": 2022, "numero": 27, "tipo__sigla": "REQ", "tipo__descricao": "Requerimentos - Ver. Marquim Catabriga", "autoria__autor__nome": "MARQUIM CATABRIGA", "texto_original": "http://64.23.167.191/sapl/public/materialegislativa/2022/434/requerimento_027-2022.pdf", "ementa": "Requer ao Prefeito Municipal, que disponibilize um carro para pasta respons\u00e1vel de galerias pluviais."}, {"id": 435, "ano": 2022, "numero": 28, "tipo__sigla": "REQ", "tipo__descricao": "Requerimentos - Ver. Marquim Catabriga", "autoria__autor__nome": "MARQUIM CATABRIGA", "texto_original": "http://64.23.167.191/sapl/public/materialegislativa/2022/435/requerimento_028-2022.pdf", "ementa": "Requer ao Prefeito Municipal, atrav\u00e9s da secretaria competente, que disponibilize em regime de urg\u00eancia, uma retroescavadeira para executar os\r\ntrabalhos de drenagem em nosso munic\u00edpio."}, {"id": 436, "ano": 2022, "numero": 29, "tipo__sigla": "REQ", "tipo__descricao": "Requerimentos - Ver. Marquim Catabriga", "autoria__autor__nome": "MARQUIM CATABRIGA", "texto_original": "http://64.23.167.191/sapl/public/materialegislativa/2022/436/requerimento_029-2022.pdf", "ementa": "Requer ao Prefeito Municipal, atrav\u00e9s da secretaria competente, que disponibilize duas tendas 6x6 para a realiza\u00e7\u00e3o do evento da segunda vaquejada Rancho H2 de propriedade do senhor Hezequiel Henrique Fontoura, no Munic\u00edpio de Bom Jesus do Tocantins."}, {"id": 437, "ano": 2022, "numero": 30, "tipo__sigla": "REQ", "tipo__descricao": "Requerimentos - Ver. Marquim Catabriga", "autoria__autor__nome": "MARQUIM CATABRIGA", "texto_original": "http://64.23.167.191/sapl/public/materialegislativa/2022/437/requerimento_030-2022.pdf", "ementa": "Requer ao Prefeito Municipal, atrav\u00e9s da secretaria competente, que seja providenciado, o servi\u00e7o do carro \u201cfumac\u00ea\u201d para a cidade de Pedro Afonso - TO, com a finalidade de combater mosquitos, pernilongos e o mosquito AEDES aegypti, respons\u00e1vel pela transmiss\u00e3o de doen\u00e7as como: DENGUE, ZIKA e CHIKUNGUNYA."}, {"id": 300, "ano": 2022, "numero": 1, "tipo__sigla": "REQ", "tipo__descricao": "Requerimentos - Ver. Breno Alves", "autoria__autor__nome": "BRENO ALVES", "texto_original": "http://64.23.167.191/sapl/public/materialegislativa/2022/300/requerimento_no_01-2022.pdf", "ementa": "Requer do Poder Executivo Municipal, que solucione as problem\u00e1ticas como limpeza, podagem de \u00e1rvores, manuten\u00e7\u00e3o/reposi\u00e7\u00e3o de l\u00e2mpadas e pintura at\u00e9 o limite (\u201cmetade\u201d), pois \u00e9 de inteira responsabilidade da Prefeitura de Pedro Afonso \u2013 TO as ass\u00edduas manuten\u00e7\u00f5es deste trecho na Passarela \u201cModesto Francisco Sales & Ros\u00e1ria Pereira Sales\u201d, travessia de pedestres entre Pedro Afonso e Bom Jesus do Tocantins."}, {"id": 301, "ano": 2022, "numero": 2, "tipo__sigla": "REQ", "tipo__descricao": "Requerimentos - Ver. Breno Alves", "autoria__autor__nome": "BRENO ALVES", "texto_original": "http://64.23.167.191/sapl/public/materialegislativa/2022/301/requerimento_no_02-2022.pdf", "ementa": "Requer do Poder Executivo Municipal, que instale/implante \u201cquebra-molas\u201d nas Ruas 03 com a 14, Setor Bela Vista II, neste Munic\u00edpio."}, {"id": 302, "ano": 2022, "numero": 3, "tipo__sigla": "REQ", "tipo__descricao": "Requerimentos - Ver. Breno Alves", "autoria__autor__nome": "BRENO ALVES", "texto_original": "http://64.23.167.191/sapl/public/materialegislativa/2022/302/requerimento_no_03-2022.pdf", "ementa": "Requer do Poder Executivo Municipal, que envie trator para executar trabalhos de \u201cro\u00e7agem\u201d na denominada fazenda 7Lagoa pr\u00f3ximo ao bananal."}, {"id": 303, "ano": 2022, "numero": 5, "tipo__sigla": "REQ", "tipo__descricao": "Requerimentos - Ver. Breno Alves", "autoria__autor__nome": "BRENO ALVES", "texto_original": "http://64.23.167.191/sapl/public/materialegislativa/2022/303/requerimento_no_05-2022.pdf", "ementa": "Requer do Poder Executivo Municipal, que solucione as problem\u00e1ticas do Est\u00e1dio Municipal Ricardo Alves de Carvalho \u201cRicard\u00e3o\u201d, como limpeza, ro\u00e7agem, encascalhamento das ruas que d\u00e1 acesso ao Est\u00e1dio, enfim a revitaliza\u00e7\u00e3o, pois se encontra totalmente abandonado, pois \u00e9 de inteira responsabilidade da Prefeitura de Pedro Afonso \u2013 TO."}, {"id": 304, "ano": 2022, "numero": 6, "tipo__sigla": "REQ", "tipo__descricao": "Requerimentos - Ver. Breno Alves", "autoria__autor__nome": "BRENO ALVES", "texto_original": "http://64.23.167.191/sapl/public/materialegislativa/2022/304/requerimento_no_06-2022.pdf", "ementa": "Requer do Poder Executivo Municipal, que fa\u00e7a o patrolamento e cascalhamento da Rua 01, conhecida como Rua Ribeir\u00e3o, Setor Aeroporto II."}, {"id": 305, "ano": 2022, "numero": 7, "tipo__sigla": "REQ", "tipo__descricao": "Requerimentos - Ver. Breno Alves", "autoria__autor__nome": "BRENO ALVES", "texto_original": "http://64.23.167.191/sapl/public/materialegislativa/2022/305/requerimento_no_07-2022.pdf", "ementa": "Requer do Poder Executivo Municipal, que fa\u00e7am a libera\u00e7\u00e3o do trevo da entrada do Setor Aeroporto II."}, {"id": 306, "ano": 2022, "numero": 8, "tipo__sigla": "REQ", "tipo__descricao": "Requerimentos - Ver. Breno Alves", "autoria__autor__nome": "BRENO ALVES", "texto_original": "http://64.23.167.191/sapl/public/materialegislativa/2022/306/requerimento_no_08-2022.pdf", "ementa": "Requer do Poder Executivo Municipal, que fa\u00e7a revitaliza\u00e7\u00e3o, patrolamento e cascalhamento da Avenida Espirito Santo, Setor Joaquim de Matos Lima."}, {"id": 307, "ano": 2022, "numero": 9, "tipo__sigla": "REQ", "tipo__descricao": "Requerimentos - Ver. Breno Alves", "autoria__autor__nome": "BRENO ALVES", "texto_original": "http://64.23.167.191/sapl/public/materialegislativa/2022/307/requerimento_no_09-2022.pdf", "ementa": "Requer do Poder Executivo Municipal, que fa\u00e7a o patrolamento e cascalhamento da Rua 07, pr\u00f3ximo a Creche Setor Aeroporto II."}, {"id": 308, "ano": 2022, "numero": 10, "tipo__sigla": "REQ", "tipo__descricao": "Requerimentos - Ver. Breno Alves", "autoria__autor__nome": "BRENO ALVES", "texto_original": "http://64.23.167.191/sapl/public/materialegislativa/2022/308/requerimento_no_10-2022.pdf", "ementa": "Requer do Poder Executivo Municipal, que fa\u00e7a recupera\u00e7\u00e3o, drenagem e escoamento da \u00e1gua acumulada na estrada que dar acesso aos chacareiros, localizado nas proximidades do loteamento castanheiras."}, {"id": 309, "ano": 2022, "numero": 11, "tipo__sigla": "REQ", "tipo__descricao": "Requerimentos - Ver. Breno Alves", "autoria__autor__nome": "BRENO ALVES", "texto_original": "http://64.23.167.191/sapl/public/materialegislativa/2022/309/requerimento_no_11-2022.pdf", "ementa": "Requer do Poder Executivo Municipal, que. fa\u00e7a requalifica\u00e7\u00e3o, patrolamento e cascalhamento da Rua vale do Amanhecer, Setor Aeroporto II."}, {"id": 310, "ano": 2022, "numero": 12, "tipo__sigla": "REQ", "tipo__descricao": "Requerimentos - Ver. Breno Alves", "autoria__autor__nome": "BRENO ALVES", "texto_original": "http://64.23.167.191/sapl/public/materialegislativa/2022/310/requerimento_no_12-2022.pdf", "ementa": "Requer do Poder Executivo Municipal, no que se refere a recupera\u00e7\u00f5es e opera\u00e7\u00f5es tapa-buracos e Quebra-molas na denominada Rua Joaci Saraiva Borges, Setor Joaquim de Matos Lima."}, {"id": 311, "ano": 2022, "numero": 13, "tipo__sigla": "REQ", "tipo__descricao": "Requerimentos - Ver. Breno Alves", "autoria__autor__nome": "BRENO ALVES", "texto_original": "http://64.23.167.191/sapl/public/materialegislativa/2022/311/requerimento_no_13-2022.pdf", "ementa": "Requer do Poder Executivo Municipal, atrav\u00e9s da Secretaria Competente, que fa\u00e7a Quebra-molas, nas 3 (tr\u00eas) sa\u00eddas da rotat\u00f3ria do Setor Aeroporto II."}, {"id": 312, "ano": 2022, "numero": 14, "tipo__sigla": "REQ", "tipo__descricao": "Requerimentos - Ver. Breno Alves", "autoria__autor__nome": "BRENO ALVES", "texto_original": "http://64.23.167.191/sapl/public/materialegislativa/2022/312/requerimento_no_14-2022.pdf", "ementa": "Requer do Poder Executivo Municipal, atrav\u00e9s das Secretarias Competentes, que fa\u00e7am Placas de sinaliza\u00e7\u00e3o proibindo trafego de carretas e caminh\u00f5es de grande porte, na rotat\u00f3ria do Setor Aeroporto II, at\u00e9 que seja feito as devidas repara\u00e7\u00f5es e finaliza\u00e7\u00e3o do mesmo."}, {"id": 313, "ano": 2022, "numero": 15, "tipo__sigla": "REQ", "tipo__descricao": "Requerimentos - Ver. Breno Alves", "autoria__autor__nome": "BRENO ALVES", "texto_original": "http://64.23.167.191/sapl/public/materialegislativa/2022/313/requerimento_no_15-2022.pdf", "ementa": "Requer do Poder Executivo Municipal, atrav\u00e9s das Secretarias Competentes, que envie os maquin\u00e1rios da prefeitura para concluir as estradas vicinais da Vila Mata Verde."}, {"id": 314, "ano": 2022, "numero": 16, "tipo__sigla": "REQ", "tipo__descricao": "Requerimentos - Ver. Breno Alves", "autoria__autor__nome": "BRENO ALVES", "texto_original": "http://64.23.167.191/sapl/public/materialegislativa/2022/314/requerimento_no_16-2022.pdf", "ementa": "Requer do Poder Executivo Municipal, atrav\u00e9s das Secretarias Competentes, que revitalize a rede de esgoto das casas do Programa (Minha casa minha vida) do Setor Aeroporto II."}, {"id": 315, "ano": 2022, "numero": 17, "tipo__sigla": "REQ", "tipo__descricao": "Requerimentos - Ver. Breno Alves", "autoria__autor__nome": "BRENO ALVES", "texto_original": "http://64.23.167.191/sapl/public/materialegislativa/2022/315/requerimento_no_17-2022.pdf", "ementa": "Requer do Poder Executivo Municipal, atrav\u00e9s da Secretaria Competente que fa\u00e7a o patrolamento e cascalhamento da Rua 04, Setor Maria Galv\u00e3o."}, {"id": 316, "ano": 2022, "numero": 18, "tipo__sigla": "REQ", "tipo__descricao": "Requerimentos - Ver. Breno Alves", "autoria__autor__nome": "BRENO ALVES", "texto_original": "http://64.23.167.191/sapl/public/materialegislativa/2022/316/requerimento_no_18-2022.pdf", "ementa": "Requer ao Prefeito Municipal juntamente com a Secretaria competente, concess\u00e3o de patrol, retroescavadeira e caminh\u00e3o ca\u00e7amba, na regi\u00e3o de Bom Jesus do Tocantins."}, {"id": 317, "ano": 2022, "numero": 19, "tipo__sigla": "REQ", "tipo__descricao": "Requerimentos - Ver. Breno Alves", "autoria__autor__nome": "BRENO ALVES", "texto_original": "http://64.23.167.191/sapl/public/materialegislativa/2022/317/requerimento_no_19-2022.pdf", "ementa": "Requer ao Prefeito Municipal juntamente com a Secretaria de Sa\u00fade, para que adeque a insalubridade dos profissionais da odontologia da rede\r\nmunicipal de sa\u00fade."}, {"id": 318, "ano": 2022, "numero": 20, "tipo__sigla": "REQ", "tipo__descricao": "Requerimentos - Ver. Breno Alves", "autoria__autor__nome": "BRENO ALVES", "texto_original": "http://64.23.167.191/sapl/public/materialegislativa/2022/318/requerimento_no_20-2022.pdf", "ementa": "Requer do Poder Executivo Municipal, atrav\u00e9s da Secretaria Competente que fa\u00e7a requalifica\u00e7\u00e3o, patrolamento e cascalhamento da Rua vale do\r\nAmanhecer, Setor Aeroporto II."}, {"id": 319, "ano": 2022, "numero": 21, "tipo__sigla": "REQ", "tipo__descricao": "Requerimentos - Ver. Breno Alves", "autoria__autor__nome": "BRENO ALVES", "texto_original": "http://64.23.167.191/sapl/public/materialegislativa/2022/319/requerimento_no_21-2022.pdf", "ementa": "Requer do Poder Executivo Municipal, atrav\u00e9s da Secretaria Competente, que fa\u00e7a Quebra-molas e coloca\u00e7\u00e3o de placas de identifica\u00e7\u00e3o de \u201c\u00e1rea escolar\u201d e faixa de Pedestre no entorno da denominada Rua que d\u00e1 acesso a Coapa a BR235, passando em frente ao Setor Aldeinha e AABB."}, {"id": 320, "ano": 2022, "numero": 22, "tipo__sigla": "REQ", "tipo__descricao": "Requerimentos - Ver. Breno Alves", "autoria__autor__nome": "BRENO ALVES", "texto_original": "http://64.23.167.191/sapl/public/materialegislativa/2022/320/requerimento_no_22-2022.pdf", "ementa": "Requer do Poder Executivo Municipal, atrav\u00e9s das Secretarias Competentes, que fa\u00e7am a limpeza e manuten\u00e7\u00e3o do Cemit\u00e9rio Municipal."}, {"id": 321, "ano": 2022, "numero": 23, "tipo__sigla": "REQ", "tipo__descricao": "Requerimentos - Ver. Breno Alves", "autoria__autor__nome": "BRENO ALVES", "texto_original": "http://64.23.167.191/sapl/public/materialegislativa/2022/321/requerimento_no_23-2022.pdf", "ementa": "Requer do Poder Executivo Municipal, atrav\u00e9s das Secretarias Competentes, que tomem as devidas provid\u00eancias a  limpeza da fossa localizada na \u201cPra\u00e7a Santo Afonso\u201d."}, {"id": 322, "ano": 2022, "numero": 24, "tipo__sigla": "REQ", "tipo__descricao": "Requerimentos - Ver. Breno Alves", "autoria__autor__nome": "BRENO ALVES", "texto_original": "http://64.23.167.191/sapl/public/materialegislativa/2022/322/requerimento_no_24-2022.pdf", "ementa": "Requer do Poder Executivo Municipal, atrav\u00e9s das Secretarias Competentes, que dentro das possibilidades cerquem todos os parquinhos que contem areia."}, {"id": 323, "ano": 2022, "numero": 25, "tipo__sigla": "REQ", "tipo__descricao": "Requerimentos - Ver. Breno Alves", "autoria__autor__nome": "BRENO ALVES", "texto_original": "http://64.23.167.191/sapl/public/materialegislativa/2022/323/requerimento_no_25-2022.pdf", "ementa": "Requer do Poder Executivo Municipal, atrav\u00e9s das Secretarias Competentes, que dentro das possibilidades tomem as provid\u00eancias no sentido de realizar a implanta\u00e7\u00e3o de estacionamento ao redor da Pra\u00e7a Santo Afonso."}, {"id": 324, "ano": 2022, "numero": 26, "tipo__sigla": "REQ", "tipo__descricao": "Requerimentos - Ver. Breno Alves", "autoria__autor__nome": "BRENO ALVES", "texto_original": "http://64.23.167.191/sapl/public/materialegislativa/2022/324/requerimento_no_26-2022.pdf", "ementa": "Requer do Poder Executivo Municipal, atrav\u00e9s da Secretaria Competente que fa\u00e7am quebra-molas e sinaliza\u00e7\u00e3o na Rua 13, Setor Ant\u00f4nio Joaquim Pires Martins (Portelinhas) Pedro Afonso \u2013 TO."}, {"id": 325, "ano": 2022, "numero": 27, "tipo__sigla": "REQ", "tipo__descricao": "Requerimentos - Ver. Breno Alves", "autoria__autor__nome": "BRENO ALVES", "texto_original": "http://64.23.167.191/sapl/public/materialegislativa/2022/325/requerimento_no_27-2022.pdf", "ementa": "Requer do Poder Executivo Municipal, atrav\u00e9s das Secretarias Competentes que fa\u00e7am ponto de \u00d4nibus Escolar e Placas de Sinaliza\u00e7\u00e3o no Setor Ant\u00f4nio Joaquim Pires Martins (Portelinhas) Pedro Afonso \u2013 TO."}, {"id": 326, "ano": 2022, "numero": 29, "tipo__sigla": "REQ", "tipo__descricao": "Requerimentos - Ver. Breno Alves", "autoria__autor__nome": "BRENO ALVES", "texto_original": "http://64.23.167.191/sapl/public/materialegislativa/2022/326/requerimento_no_29-2022.pdf", "ementa": "Requer do Poder Executivo Municipal, atrav\u00e9s da Secretaria Competente que tome as provid\u00eancias no sentido de auxiliar na moradia da fam\u00edlia da\r\nsenhora Alzira Guimar\u00e3es."}, {"id": 327, "ano": 2022, "numero": 30, "tipo__sigla": "REQ", "tipo__descricao": "Requerimentos - Ver. Breno Alves", "autoria__autor__nome": "BRENO ALVES", "texto_original": "http://64.23.167.191/sapl/public/materialegislativa/2022/327/requerimento_no_30-2022.pdf", "ementa": "Requer do Poder Executivo Municipal, atrav\u00e9s da Secretaria Competente que tome as provid\u00eancias no sentido de regularizar a rota do \u00d4nibus Escolar que transportam os alunos e tamb\u00e9m o transporte que transportam os Professores da denominada Vila Mata Verde."}, {"id": 328, "ano": 2022, "numero": 31, "tipo__sigla": "REQ", "tipo__descricao": "Requerimentos - Ver. Breno Alves", "autoria__autor__nome": "BRENO ALVES", "texto_original": "http://64.23.167.191/sapl/public/materialegislativa/2022/328/requerimento_no_31-2022.pdf", "ementa": "Requer do Poder Executivo Municipal, atrav\u00e9s da Secretaria Competente que tome as provid\u00eancias no sentido de auxiliar na moradia da fam\u00edlia da\r\nsenhora Alzira Guimar\u00e3es."}, {"id": 329, "ano": 2022, "numero": 32, "tipo__sigla": "REQ", "tipo__descricao": "Requerimentos - Ver. Breno Alves", "autoria__autor__nome": "BRENO ALVES", "texto_original": "http://64.23.167.191/sapl/public/materialegislativa/2022/329/requerimento_no_32-2022.pdf", "ementa": "Requer do Poder Executivo Municipal, atrav\u00e9s da Secretaria Competente que enviem uma m\u00e1quina retroescavadeira para fazer reservat\u00f3rios de \u00e1gua nas propriedades do Senhor Adalto Pereira de Assis e da Senhora Lucivania Dias de Assis, situadas na denominada fazenda Santa Lucia, Povoado Bacabal."}, {"id": 330, "ano": 2022, "numero": 33, "tipo__sigla": "REQ", "tipo__descricao": "Requerimentos - Ver. Breno Alves", "autoria__autor__nome": "BRENO ALVES", "texto_original": "http://64.23.167.191/sapl/public/materialegislativa/2022/330/requerimento_no_33-2022.pdf", "ementa": "Requer do Poder Executivo Municipal, atrav\u00e9s da Secretaria Competente que fa\u00e7am a revitaliza\u00e7\u00e3o do Campo Society P\u00fablico Municipal Domingos Santana Oliveira \u201cPingo\u201d."}, {"id": 331, "ano": 2022, "numero": 34, "tipo__sigla": "REQ", "tipo__descricao": "Requerimentos - Ver. Breno Alves", "autoria__autor__nome": "BRENO ALVES", "texto_original": "http://64.23.167.191/sapl/public/materialegislativa/2022/331/requerimento_no_34-2022.pdf", "ementa": "Requer do Poder Executivo Municipal, atrav\u00e9s das Secretarias Competentes que fa\u00e7am uma limpeza na entrada e nas ruas que houver a necessidade na Vila Agrovila Bom Tempo, Zona Rural deste Munic\u00edpio."}, {"id": 332, "ano": 2022, "numero": 35, "tipo__sigla": "REQ", "tipo__descricao": "Requerimentos - Ver. Breno Alves", "autoria__autor__nome": "BRENO ALVES", "texto_original": "http://64.23.167.191/sapl/public/materialegislativa/2022/332/requerimento_no_35-2022.pdf", "ementa": "Requer do Poder Executivo Municipal, atrav\u00e9s da Secretaria Competente, que fa\u00e7a a recupera\u00e7\u00e3o e restaura\u00e7\u00e3o das pontes no loteamento Lajeado, lotes 51 e 53."}, {"id": 333, "ano": 2022, "numero": 36, "tipo__sigla": "REQ", "tipo__descricao": "Requerimentos - Ver. Breno Alves", "autoria__autor__nome": "BRENO ALVES", "texto_original": "http://64.23.167.191/sapl/public/materialegislativa/2022/333/requerimento_no_36-2022.pdf", "ementa": "Requer do Poder Executivo Municipal, que seja encaminhado ao Excelent\u00edssimo Senhor Governador do Estado do Tocantins que fa\u00e7am gest\u00f5es junto aos \u00f3rg\u00e3os competentes visando a implanta\u00e7\u00e3o de uma unidade de corpo de bombeiros em nosso Munic\u00edpio."}, {"id": 334, "ano": 2022, "numero": 37, "tipo__sigla": "REQ", "tipo__descricao": "Requerimentos - Ver. Breno Alves", "autoria__autor__nome": "BRENO ALVES", "texto_original": "http://64.23.167.191/sapl/public/materialegislativa/2022/334/requerimento_no_37-2022.pdf", "ementa": "Requer do Poder Executivo Municipal, atrav\u00e9s da secretaria competente, que construa quebra-molas na avenida agr\u00edcola no setor aeroporto II."}, {"id": 335, "ano": 2022, "numero": 38, "tipo__sigla": "REQ", "tipo__descricao": "Requerimentos - Ver. Breno Alves", "autoria__autor__nome": "BRENO ALVES", "texto_original": "http://64.23.167.191/sapl/public/materialegislativa/2022/335/requerimento_no_38-2022.pdf", "ementa": "Requer do Poder Executivo Municipal, atrav\u00e9s das Secretarias Competentes, que providencie aquisi\u00e7\u00e3o e instala\u00e7\u00e3o de um reservat\u00f3rio de \u00e1gua, para\r\ndistribui\u00e7\u00e3o da mesma \u00e0s casas dos moradores do Setor Aeroporto II e Setor Uni\u00e3o."}, {"id": 336, "ano": 2022, "numero": 39, "tipo__sigla": "REQ", "tipo__descricao": "Requerimentos - Ver. Breno Alves", "autoria__autor__nome": "BRENO ALVES", "texto_original": "http://64.23.167.191/sapl/public/materialegislativa/2022/336/requerimento_no_39-2022.pdf", "ementa": "Requer do Poder Executivo Municipal, atrav\u00e9s da Secretaria Competente que fa\u00e7am quebra-molas no referido endere\u00e7o, Pra\u00e7a Armando de M. Storini, Setor Maria Galv\u00e3o, Pedro Afonso-TO."}, {"id": 337, "ano": 2022, "numero": 40, "tipo__sigla": "REQ", "tipo__descricao": "Requerimentos - Ver. Breno Alves", "autoria__autor__nome": "BRENO ALVES", "texto_original": "http://64.23.167.191/sapl/public/materialegislativa/2022/337/requerimento_no_40-2022.pdf", "ementa": "Requer do Poder Executivo Municipal, atrav\u00e9s das Secretarias Competentes que tomem as providencias no sentido de fazer o escoamento da \u00e1gua no referido endere\u00e7o, Rua 01 Setor Aeroporto II, Pedro Afonso-TO."}, {"id": 338, "ano": 2022, "numero": 41, "tipo__sigla": "REQ", "tipo__descricao": "Requerimentos - Ver. Breno Alves", "autoria__autor__nome": "BRENO ALVES", "texto_original": "http://64.23.167.191/sapl/public/materialegislativa/2022/338/requerimento_no_41-2022.pdf", "ementa": "Requer do Poder Executivo Municipal, atrav\u00e9s da Secretaria Competente que tomem as providencias no sentido de contratar um vigia, para desempenhar suas fun\u00e7\u00f5es na Pra\u00e7a Armando de M. Storini, Setor Maria Galv\u00e3o, Pedro Afonso-TO."}, {"id": 339, "ano": 2022, "numero": 42, "tipo__sigla": "REQ", "tipo__descricao": "Requerimentos - Ver. Breno Alves", "autoria__autor__nome": "BRENO ALVES", "texto_original": "http://64.23.167.191/sapl/public/materialegislativa/2022/339/requerimento_no_42-2022.pdf", "ementa": "Requer do Poder Executivo Municipal, atrav\u00e9s das Secretarias Competentes que dentro das possibilidades tragam uma equipe capacitada para ministrar um curso de Primeiros Socorros neste Munic\u00edpio."}, {"id": 340, "ano": 2022, "numero": 43, "tipo__sigla": "REQ", "tipo__descricao": "Requerimentos - Ver. Breno Alves", "autoria__autor__nome": "BRENO ALVES", "texto_original": "http://64.23.167.191/sapl/public/materialegislativa/2022/340/requerimento_no_43-2022.pdf", "ementa": "Requer do Poder Executivo Municipal, atrav\u00e9s das Secretarias Competentes que revitalizem a quadra de v\u00f4lei de praia e futev\u00f4lei, localizada anexo ao campo sint\u00e9tico Domingos Santana (Pingo), Pedro Afonso -TO."}, {"id": 341, "ano": 2022, "numero": 44, "tipo__sigla": "REQ", "tipo__descricao": "Requerimentos - Ver. Breno Alves", "autoria__autor__nome": "BRENO ALVES", "texto_original": "http://64.23.167.191/sapl/public/materialegislativa/2022/341/requerimento_no_44-2022.pdf", "ementa": "Requer do Poder Executivo Municipal, atrav\u00e9s da Secretaria Competente que disponibilizem patrola, ca\u00e7amba e p\u00e1 carregadeira, a fazenda Mato Verde I beira do Soninho, Propriet\u00e1ria Senhora, Ant\u00f4nia Gomes Oliveira Neta."}, {"id": 342, "ano": 2022, "numero": 45, "tipo__sigla": "REQ", "tipo__descricao": "Requerimentos - Ver. Breno Alves", "autoria__autor__nome": "BRENO ALVES", "texto_original": "http://64.23.167.191/sapl/public/materialegislativa/2022/342/requerimento_no_45-2022.pdf", "ementa": "Requer do Poder Executivo Municipal, atrav\u00e9s das Secretarias Competentes que tomem as providencias no sentido de est\u00e1 reformando/revitalizando a piscina do Posto de Sa\u00fade Pedro Zanina neste Munic\u00edpio, Pedro Afonso-TO."}, {"id": 343, "ano": 2022, "numero": 46, "tipo__sigla": "REQ", "tipo__descricao": "Requerimentos - Ver. Breno Alves", "autoria__autor__nome": "BRENO ALVES", "texto_original": "http://64.23.167.191/sapl/public/materialegislativa/2022/343/requerimento_no_46-2022.pdf", "ementa": "Requer do Poder Executivo Municipal, atrav\u00e9s das Secretarias Competentes que tomem as providencias no sentido de fazer estudos t\u00e9cnicos para implanta\u00e7\u00e3o de ilumina\u00e7\u00e3o na rua paralela a Aldeinha, mais precisamente do trecho que foi asfaltado at\u00e9 as proximidades do Lions Clube em Pedro Afonso-TO."}, {"id": 344, "ano": 2022, "numero": 1, "tipo__sigla": "REQ", "tipo__descricao": "Requerimentos - Ver. Gislayson Lacerda", "autoria__autor__nome": "GISLAYSON LACERDA", "texto_original": "http://64.23.167.191/sapl/public/materialegislativa/2022/344/requerimento_001-2022.pdf", "ementa": "Requer do Poder Executivo Municipal, atrav\u00e9s do \u00f3rg\u00e3o competente, que resolva o problema do alagamento da Rua S\u00e3o Jos\u00e9."}, {"id": 345, "ano": 2022, "numero": 3, "tipo__sigla": "REQ", "tipo__descricao": "Requerimentos - Ver. Gislayson Lacerda", "autoria__autor__nome": "GISLAYSON LACERDA", "texto_original": "http://64.23.167.191/sapl/public/materialegislativa/2022/345/requerimento_003-2022.pdf", "ementa": "Requer do Poder Executivo Municipal, atrav\u00e9s do \u00f3rg\u00e3o competente, que tome provid\u00eancias no sentido construir uma ponte sobre o c\u00f3rrego Boa Vista."}, {"id": 346, "ano": 2022, "numero": 4, "tipo__sigla": "REQ", "tipo__descricao": "Requerimentos - Ver. Gislayson Lacerda", "autoria__autor__nome": "GISLAYSON LACERDA", "texto_original": "http://64.23.167.191/sapl/public/materialegislativa/2022/346/requerimento_004-2022.pdf", "ementa": "Requer do Poder Executivo Municipal, atrav\u00e9s do \u00f3rg\u00e3o competente, que fa\u00e7a a limpeza e encascalhamento as Ruas de Porto Real."}, {"id": 347, "ano": 2022, "numero": 5, "tipo__sigla": "REQ", "tipo__descricao": "Requerimentos - Ver. Gislayson Lacerda", "autoria__autor__nome": "GISLAYSON LACERDA", "texto_original": "http://64.23.167.191/sapl/public/materialegislativa/2022/347/requerimento_005-2022.pdf", "ementa": "Requer do Poder Executivo Municipal, que retorne as homenagens Comenda de M\u00e9rito Frei Rafael de Taggia."}, {"id": 348, "ano": 2022, "numero": 6, "tipo__sigla": "REQ", "tipo__descricao": "Requerimentos - Ver. Gislayson Lacerda", "autoria__autor__nome": "GISLAYSON LACERDA", "texto_original": "http://64.23.167.191/sapl/public/materialegislativa/2022/348/requerimento_006-2022.pdf", "ementa": "Requer do Poder Executivo Municipal, junto ao SISAPA, que envie aviso pr\u00e9vio aos consumidores antes que seja efetuado o corte de \u00e1gua."}, {"id": 349, "ano": 2022, "numero": 7, "tipo__sigla": "REQ", "tipo__descricao": "Requerimentos - Ver. Gislayson Lacerda", "autoria__autor__nome": "GISLAYSON LACERDA", "texto_original": "http://64.23.167.191/sapl/public/materialegislativa/2022/349/requerimento_007-2022.pdf", "ementa": "Requer do Poder Executivo Municipal, junto a secretaria competente, que envie trator com grade na Fazenda Serrinha de propriedade do senhor\r\nClesio Alves dos Prazeres, na regi\u00e3 do Rio Negro no Munic\u00edpio de Centen\u00e1rio do Tocantins."}, {"id": 350, "ano": 2022, "numero": 8, "tipo__sigla": "REQ", "tipo__descricao": "Requerimentos - Ver. Gislayson Lacerda", "autoria__autor__nome": "GISLAYSON LACERDA", "texto_original": "http://64.23.167.191/sapl/public/materialegislativa/2022/350/requerimento_008-2022.pdf", "ementa": "Requer do Poder Executivo Municipal, junto a secretaria competente, que envie trator com grade e p\u00e1 carregadeira na Fazenda Rancho H2 do senhor Hezequiel Henrique Fontoura, no Munic\u00edpio de Bom Jesus do Tocantins."}, {"id": 351, "ano": 2022, "numero": 9, "tipo__sigla": "REQ", "tipo__descricao": "Requerimentos - Ver. Gislayson Lacerda", "autoria__autor__nome": "GISLAYSON LACERDA", "texto_original": "http://64.23.167.191/sapl/public/materialegislativa/2022/351/requerimento_009-2022.pdf", "ementa": "Requer do Poder Executivo Municipal, junto a secretaria competente, que solucione o problema de alagamento na Rua 03 (Rua Ribeir\u00e3o) no setor\r\nAeroporto 02."}, {"id": 352, "ano": 2022, "numero": 10, "tipo__sigla": "REQ", "tipo__descricao": "Requerimentos - Ver. Gislayson Lacerda", "autoria__autor__nome": "GISLAYSON LACERDA", "texto_original": "http://64.23.167.191/sapl/public/materialegislativa/2022/352/requerimento_010-2022.pdf", "ementa": "Requer ao Prefeito Municipal, junto \u00e0 secretaria de infraestrutura, que envie maquin\u00e1rio para fazer a manuten\u00e7\u00e3o da estrada que d\u00e1 acesso a reserva da aldeia ind\u00edgena nova esperan\u00e7a localizada a 16 km da Vila Mata Verde."}, {"id": 353, "ano": 2022, "numero": 11, "tipo__sigla": "REQ", "tipo__descricao": "Requerimentos - Ver. Gislayson Lacerda", "autoria__autor__nome": "GISLAYSON LACERDA", "texto_original": "http://64.23.167.191/sapl/public/materialegislativa/2022/353/requerimento_011-2022.pdf", "ementa": "Requer ao Prefeito Municipal, junto \u00e0 secretaria competente, que envie trator com grade na ch\u00e1cara colina munic\u00edpio de Bom Jesus do Tocantins, tendo como propriet\u00e1ria a senhora Ayde Botelho Ozaki."}, {"id": 395, "ano": 2022, "numero": 2, "tipo__sigla": "REQ", "tipo__descricao": "Requerimentos - Ver. Mirleyson Soares", "autoria__autor__nome": "MIRLEYSON SOARES", "texto_original": "http://64.23.167.191/sapl/public/materialegislativa/2022/395/requerimento_no_002-2022.pdf", "ementa": "Requer ao Prefeito Municipal, junto \u00e0 secretaria competente, que fa\u00e7a o servi\u00e7o de encascalhamento e a constru\u00e7\u00e3o de bueiros na fazenda S\u00e3o Felix de propriedade do senhor Edilson Capistrano da Silva conhecido como Z\u00e9 da On\u00e7a."}, {"id": 396, "ano": 2022, "numero": 3, "tipo__sigla": "REQ", "tipo__descricao": "Requerimentos - Ver. Mirleyson Soares", "autoria__autor__nome": "MIRLEYSON SOARES", "texto_original": "http://64.23.167.191/sapl/public/materialegislativa/2022/396/requerimento_no_003-2022.pdf", "ementa": "Requer ao Prefeito Municipal, junto \u00e0 secretaria competente, que disponibilize quatro (04) cont\u00eaineres coletores de lixo para a Vila Mata Verde."}, {"id": 397, "ano": 2022, "numero": 4, "tipo__sigla": "REQ", "tipo__descricao": "Requerimentos - Ver. Mirleyson Soares", "autoria__autor__nome": "MIRLEYSON SOARES", "texto_original": "http://64.23.167.191/sapl/public/materialegislativa/2022/397/requerimento_no_004-2022.pdf", "ementa": "Requer ao Prefeito Municipal, junto \u00e0 secretaria competente, que encascalhe e revitalize as rampas do Rio Sono e Rio Tocantins que dar acesso as\r\npraias."}, {"id": 398, "ano": 2022, "numero": 5, "tipo__sigla": "REQ", "tipo__descricao": "Requerimentos - Ver. Mirleyson Soares", "autoria__autor__nome": "MIRLEYSON SOARES", "texto_original": "http://64.23.167.191/sapl/public/materialegislativa/2022/398/requerimento_no_005-2022.pdf", "ementa": "Requer ao Prefeito Municipal, junto \u00e0 secretaria competente, que instale energia el\u00e9trica da Ilha do Rio Tocantins."}, {"id": 399, "ano": 2022, "numero": 6, "tipo__sigla": "REQ", "tipo__descricao": "Requerimentos - Ver. Mirleyson Soares", "autoria__autor__nome": "MIRLEYSON SOARES", "texto_original": "http://64.23.167.191/sapl/public/materialegislativa/2022/399/requerimento_no_006-2022.pdf", "ementa": "Requer ao Prefeito Municipal, junto \u00e0 secretaria competente, que fa\u00e7a a revitaliza\u00e7\u00e3o da ponte sobre o Rio Tocantins."}, {"id": 400, "ano": 2022, "numero": 7, "tipo__sigla": "REQ", "tipo__descricao": "Requerimentos - Ver. Mirleyson Soares", "autoria__autor__nome": "MIRLEYSON SOARES", "texto_original": "http://64.23.167.191/sapl/public/materialegislativa/2022/400/requerimento_no_007-2022.pdf", "ementa": "Requer ao Prefeito Municipal, junto \u00e0 secretaria competente, que contrate um zelador na pra\u00e7a ecol\u00f3gica Pinheiro."}, {"id": 401, "ano": 2022, "numero": 8, "tipo__sigla": "REQ", "tipo__descricao": "Requerimentos - Ver. Mirleyson Soares", "autoria__autor__nome": "MIRLEYSON SOARES", "texto_original": "http://64.23.167.191/sapl/public/materialegislativa/2022/401/requerimento_no_008-2022.pdf", "ementa": "Requer ao Prefeito Municipal, junto \u00e0 secretaria competente, que fa\u00e7a sinaliza\u00e7\u00f5es para banhistas e ve\u00edculos aqu\u00e1ticos para praia do Rio Tocantins."}, {"id": 402, "ano": 2022, "numero": 9, "tipo__sigla": "REQ", "tipo__descricao": "Requerimentos - Ver. Mirleyson Soares", "autoria__autor__nome": "MIRLEYSON SOARES", "texto_original": "http://64.23.167.191/sapl/public/materialegislativa/2022/402/requerimento_no_009-2022.pdf", "ementa": "Requer ao Prefeito Municipal, junto \u00e0 secretaria competente, que instale 3 containers na praia do Rio Tocantins."}, {"id": 403, "ano": 2022, "numero": 10, "tipo__sigla": "REQ", "tipo__descricao": "Requerimentos - Ver. Mirleyson Soares", "autoria__autor__nome": "MIRLEYSON SOARES", "texto_original": "http://64.23.167.191/sapl/public/materialegislativa/2022/403/requerimento_no_010-2022.pdf", "ementa": "Requer ao Prefeito Municipal, junto \u00e0 secretaria competente, que construa duas lombas e placa de sinaliza\u00e7\u00e3o na Rua 14 n\u00ba 100, setor bela vista 02."}, {"id": 404, "ano": 2022, "numero": 11, "tipo__sigla": "REQ", "tipo__descricao": "Requerimentos - Ver. Mirleyson Soares", "autoria__autor__nome": "MIRLEYSON SOARES", "texto_original": "http://64.23.167.191/sapl/public/materialegislativa/2022/404/requerimento_no_011-2022.pdf", "ementa": "Requer ao Prefeito Municipal, junto \u00e0 secretaria competente, que encaminhe retroescavadeira, patrol e ca\u00e7amba para abrir uma estrada na Regi\u00e3o do Sa\u00fade na propriedade do senhor Cleudivan Pereira Luz."}, {"id": 405, "ano": 2022, "numero": 12, "tipo__sigla": "REQ", "tipo__descricao": "Requerimentos - Ver. Mirleyson Soares", "autoria__autor__nome": "MIRLEYSON SOARES", "texto_original": "http://64.23.167.191/sapl/public/materialegislativa/2022/405/requerimento_no_012-2022.pdf", "ementa": "Requer ao Prefeito Municipal, junto \u00e0 secretaria competente, que envie caminh\u00e3o pipa na Rua 28 no setor Aeroporto II."}, {"id": 406, "ano": 2022, "numero": 13, "tipo__sigla": "REQ", "tipo__descricao": "Requerimentos - Ver. Mirleyson Soares", "autoria__autor__nome": "MIRLEYSON SOARES", "texto_original": "http://64.23.167.191/sapl/public/materialegislativa/2022/406/requerimento_no_013-2022.pdf", "ementa": "Requer ao Prefeito Municipal, junto \u00e0 secretaria competente, a constru\u00e7\u00e3o de bueiros na fazenda S\u00e3o Felix de propriedade do senhor Edilson Capistrano da Silva conhecido como Z\u00e9 da On\u00e7a."}, {"id": 407, "ano": 2022, "numero": 14, "tipo__sigla": "REQ", "tipo__descricao": "Requerimentos - Ver. Mirleyson Soares", "autoria__autor__nome": "MIRLEYSON SOARES", "texto_original": "http://64.23.167.191/sapl/public/materialegislativa/2022/407/requerimento_no_014-2022.pdf", "ementa": "Requer ao Prefeito Municipal, junto \u00e0 secretaria de infraestrutura, que envie maquin\u00e1rio para fazer a manuten\u00e7\u00e3o da estrada que d\u00e1 acesso a reserva da aldeia ind\u00edgena localizada a 16 km da Vila Mata Verde."}, {"id": 379, "ano": 2022, "numero": 1, "tipo__sigla": "REQ", "tipo__descricao": "Requerimentos - Ver. Joilson Boca Preta", "autoria__autor__nome": "JOILSON BOCA PRETA", "texto_original": "http://64.23.167.191/sapl/public/materialegislativa/2022/379/requerimento_01-2022.pdf", "ementa": "\u201cRequer ao Prefeito Municipal, atrav\u00e9s da Secretaria de Infraestrutura, que fa\u00e7a a limpeza das Ruas do setor Canad\u00e1 e que patrole e cascalhe onde for necess\u00e1rio."}, {"id": 380, "ano": 2022, "numero": 2, "tipo__sigla": "REQ", "tipo__descricao": "Requerimentos - Ver. Joilson Boca Preta", "autoria__autor__nome": "JOILSON BOCA PRETA", "texto_original": "http://64.23.167.191/sapl/public/materialegislativa/2022/380/requerimento_02-2022.pdf", "ementa": "\u201cRequer ao Prefeito Municipal, atrav\u00e9s do \u00f3rg\u00e3o competente, que coloque e regularize a ilumina\u00e7\u00e3o p\u00fablica no setor Canad\u00e1."}, {"id": 381, "ano": 2022, "numero": 3, "tipo__sigla": "REQ", "tipo__descricao": "Requerimentos - Ver. Joilson Boca Preta", "autoria__autor__nome": "JOILSON BOCA PRETA", "texto_original": "http://64.23.167.191/sapl/public/materialegislativa/2022/381/requerimento_03-2022.pdf", "ementa": "\u201cRequer ao Prefeito Municipal, atrav\u00e9s do \u00f3rg\u00e3o competente, que fa\u00e7a a limpeza das estradas vicinais da Zona Rural de Pedro Afonso."}, {"id": 382, "ano": 2022, "numero": 4, "tipo__sigla": "REQ", "tipo__descricao": "Requerimentos - Ver. Joilson Boca Preta", "autoria__autor__nome": "JOILSON BOCA PRETA", "texto_original": "http://64.23.167.191/sapl/public/materialegislativa/2022/382/requerimento_04-2022.pdf", "ementa": "\u201cRequer ao Prefeito Municipal, atrav\u00e9s do \u00f3rg\u00e3o competente, que envie maquin\u00e1rio patrol na ch\u00e1cara S\u00e3o Raimundo de propriedade da senhora Maria Iracy Galv\u00e3o Faitosa e na ch\u00e1cara da senhora Selma Maria Noleto, ch\u00e1cara 3 irm\u00e3os, ambas as propriedades no munic\u00edpio de Bom Jesus do Tocantins."}, {"id": 383, "ano": 2022, "numero": 5, "tipo__sigla": "REQ", "tipo__descricao": "Requerimentos - Ver. Joilson Boca Preta", "autoria__autor__nome": "JOILSON BOCA PRETA", "texto_original": "http://64.23.167.191/sapl/public/materialegislativa/2022/383/requerimento_05-2022.pdf", "ementa": "\u201cRequer ao Prefeito Municipal, atrav\u00e9s do \u00f3rg\u00e3o competente, que duplique a ladeira que d\u00e1 acesso a propriedade do senhor Ant\u00f4nio Pacutu."}, {"id": 384, "ano": 2022, "numero": 6, "tipo__sigla": "REQ", "tipo__descricao": "Requerimentos - Ver. Joilson Boca Preta", "autoria__autor__nome": "JOILSON BOCA PRETA", "texto_original": "http://64.23.167.191/sapl/public/materialegislativa/2022/384/requerimento_06-2022.pdf", "ementa": "\u201cRequer ao Prefeito Municipal, atrav\u00e9s do \u00f3rg\u00e3o competente, que construa dois mata-burros de concreto ou ferro, na associa\u00e7\u00e3o comunidade Boa Esperan\u00e7a 2, e a abertura de uma estrada na localidade."}, {"id": 354, "ano": 2022, "numero": 1, "tipo__sigla": "REQ", "tipo__descricao": "Requerimentos - Ver. Jader Mariano", "autoria__autor__nome": "JADER MARIANO", "texto_original": "http://64.23.167.191/sapl/public/materialegislativa/2022/354/requerimento__001-2022.pdf", "ementa": "Requer do Prefeito Municipal, junto ao \u00f3rg\u00e3o compete, que envie trator com grade na propriedade do senhor Lucimar Pereira da Luz, no munic\u00edpio de Bom Jesus do Tocantins."}, {"id": 355, "ano": 2022, "numero": 2, "tipo__sigla": "REQ", "tipo__descricao": "Requerimentos - Ver. Jader Mariano", "autoria__autor__nome": "JADER MARIANO", "texto_original": "http://64.23.167.191/sapl/public/materialegislativa/2022/355/requerimento__002-2022.pdf", "ementa": "Requer do Prefeito Municipal, junto ao \u00f3rg\u00e3o compete, que pavimente as estradas e a ponte do assentamento Rio Sono em Pedro Afonso."}, {"id": 356, "ano": 2022, "numero": 3, "tipo__sigla": "REQ", "tipo__descricao": "Requerimentos - Ver. Jader Mariano", "autoria__autor__nome": "JADER MARIANO", "texto_original": "http://64.23.167.191/sapl/public/materialegislativa/2022/356/requerimento__003-2022.pdf", "ementa": "Requer do Prefeito Municipal, junto ao \u00f3rg\u00e3o compete, que construa um quebra-molas na avenida Mestre Bento em frente ao Sal\u00e3o da Wanis Cabeleireira."}, {"id": 357, "ano": 2022, "numero": 4, "tipo__sigla": "REQ", "tipo__descricao": "Requerimentos - Ver. Jader Mariano", "autoria__autor__nome": "JADER MARIANO", "texto_original": "http://64.23.167.191/sapl/public/materialegislativa/2022/357/requerimento__004-2022.pdf", "ementa": "Requer do Prefeito Municipal, que cumpra o com o acordo, e pague o reajuste salarial dos Professores Municipais."}, {"id": 358, "ano": 2022, "numero": 5, "tipo__sigla": "REQ", "tipo__descricao": "Requerimentos - Ver. Jader Mariano", "autoria__autor__nome": "JADER MARIANO", "texto_original": "http://64.23.167.191/sapl/public/materialegislativa/2022/358/requerimento__005-2022.pdf", "ementa": "Requer do Prefeito Municipal, atrav\u00e9s da secretaria competente, que instale energia el\u00e9trica na praia do rio sono, assim com banheiros qu\u00edmicos."}, {"id": 359, "ano": 2022, "numero": 6, "tipo__sigla": "REQ", "tipo__descricao": "Requerimentos - Ver. Jader Mariano", "autoria__autor__nome": "JADER MARIANO", "texto_original": "http://64.23.167.191/sapl/public/materialegislativa/2022/359/requerimento__006-2022.pdf", "ementa": "Requer do Prefeito Municipal, atrav\u00e9s da secretaria competente, que seja disponibilizado um \u00f4nibus para anteder a Agrovila."}, {"id": 360, "ano": 2022, "numero": 7, "tipo__sigla": "REQ", "tipo__descricao": "Requerimentos - Ver. Jader Mariano", "autoria__autor__nome": "JADER MARIANO", "texto_original": "http://64.23.167.191/sapl/public/materialegislativa/2022/360/requerimento__007-2022.pdf", "ementa": "Requer do Prefeito Municipal, atrav\u00e9s da secretaria competente, que envie maquin\u00e1rio necess\u00e1rio para a propriedade do senhor Gerson Pereira da Silva na Regi\u00e3o do Rio Negro."}, {"id": 361, "ano": 2022, "numero": 8, "tipo__sigla": "REQ", "tipo__descricao": "Requerimentos - Ver. Jader Mariano", "autoria__autor__nome": "JADER MARIANO", "texto_original": "http://64.23.167.191/sapl/public/materialegislativa/2022/361/requerimento__008-2022.pdf", "ementa": "Requer do Prefeito Municipal, atrav\u00e9s da secretaria competente, que envie patrol para beira do Rio Sono na barra do Lajeado."}, {"id": 362, "ano": 2022, "numero": 9, "tipo__sigla": "REQ", "tipo__descricao": "Requerimentos - Ver. Jader Mariano", "autoria__autor__nome": "JADER MARIANO", "texto_original": "http://64.23.167.191/sapl/public/materialegislativa/2022/362/requerimento__009-2022.pdf", "ementa": "Requer do Prefeito Municipal, atrav\u00e9s da secretaria competente, junto ao comandante do quartel de policiai militar, que envie viatura as vezes que for\r\nnecess\u00e1rio para os distritos de Anajanopolis, Agrovila, e  Mata verde."}, {"id": 363, "ano": 2022, "numero": 10, "tipo__sigla": "REQ", "tipo__descricao": "Requerimentos - Ver. Jader Mariano", "autoria__autor__nome": "JADER MARIANO", "texto_original": "http://64.23.167.191/sapl/public/materialegislativa/2022/363/requerimento__010-2022.pdf", "ementa": "Requer do Prefeito Municipal, atrav\u00e9s da secretaria competente, que envie a retroescavadeira na propriedade do senhor Edjan Bezerra Soares, na ch\u00e1cara Sitio Novo, localizada no Munic\u00edpio de Bom Jesus do Tocantins."}, {"id": 364, "ano": 2022, "numero": 11, "tipo__sigla": "REQ", "tipo__descricao": "Requerimentos - Ver. Jader Mariano", "autoria__autor__nome": "JADER MARIANO", "texto_original": "http://64.23.167.191/sapl/public/materialegislativa/2022/364/requerimento__011-2022.pdf", "ementa": "Requer do Prefeito Municipal, atrav\u00e9s da secretaria competente, que envie patrol e ca\u00e7amba na propriedade do senhor Francisco Aires Correia, fazenda S\u00e3o Bento localizada no munic\u00edpio de Bom Jesus do Tocantins."}, {"id": 365, "ano": 2022, "numero": 12, "tipo__sigla": "REQ", "tipo__descricao": "Requerimentos - Ver. Jader Mariano", "autoria__autor__nome": "JADER MARIANO", "texto_original": "http://64.23.167.191/sapl/public/materialegislativa/2022/365/requerimento__012-2022.pdf", "ementa": "Requer do Prefeito Municipal, atrav\u00e9s da secretaria competente, que envie uma retroescavadeira para atender os agricultores e produtores rurais da regi\u00e3o da Agrovila Bom Tempo."}, {"id": 366, "ano": 2022, "numero": 13, "tipo__sigla": "REQ", "tipo__descricao": "Requerimentos - Ver. Jader Mariano", "autoria__autor__nome": "JADER MARIANO", "texto_original": "http://64.23.167.191/sapl/public/materialegislativa/2022/366/requerimento__013-2022.pdf", "ementa": "Requer do Prefeito Municipal, atrav\u00e9s da secretaria competente, que construa pontos de \u00f4nibus para atender os universit\u00e1rios que cursam em Guara\u00ed \u2013 TO, e o servidores da usina em Pedro Afonso."}, {"id": 367, "ano": 2022, "numero": 14, "tipo__sigla": "REQ", "tipo__descricao": "Requerimentos - Ver. Jader Mariano", "autoria__autor__nome": "JADER MARIANO", "texto_original": "http://64.23.167.191/sapl/public/materialegislativa/2022/367/requerimento__014-2022.pdf", "ementa": "Requer do Prefeito Municipal, atrav\u00e9s da secretaria competente, que adquira sementes (milho, arroz e feij\u00e3o) para ser doadas aos pequenos agricultores."}, {"id": 368, "ano": 2022, "numero": 1, "tipo__sigla": "REQ", "tipo__descricao": "Requerimentos - Ver. Jo\u00e3o do Povo", "autoria__autor__nome": "JO\u00c3O DO POVO", "texto_original": "http://64.23.167.191/sapl/public/materialegislativa/2022/368/requerimento_-001-2022.pdf", "ementa": "Requer do Poder Executivo Municipal, atrav\u00e9s da competente, que fa\u00e7a a opera\u00e7\u00e3o tampa buracos no setor Castanheiras."}, {"id": 369, "ano": 2022, "numero": 2, "tipo__sigla": "REQ", "tipo__descricao": "Requerimentos - Ver. Jo\u00e3o do Povo", "autoria__autor__nome": "JO\u00c3O DO POVO", "texto_original": "http://64.23.167.191/sapl/public/materialegislativa/2022/369/requerimento_-002-2022.pdf", "ementa": "Requer do Poder Executivo Municipal, atrav\u00e9s da competente, que envie maquin\u00e1rio para restaurar uma parte da estrada que dar acesso a fazenda Barreira de propriedade do senhor Sebasti\u00e3o Neres Fernandes localizada no Munic\u00edpio de Santa Maria do Tocantins."}, {"id": 370, "ano": 2022, "numero": 3, "tipo__sigla": "REQ", "tipo__descricao": "Requerimentos - Ver. Jo\u00e3o do Povo", "autoria__autor__nome": "JO\u00c3O DO POVO", "texto_original": "http://64.23.167.191/sapl/public/materialegislativa/2022/370/requerimento_-003-2022.pdf", "ementa": "Requer do Poder Executivo Municipal, que fa\u00e7a esfor\u00e7o no sentido de trazer para Pedro Afonso a Ag\u00eancia Sicoob."}, {"id": 371, "ano": 2022, "numero": 4, "tipo__sigla": "REQ", "tipo__descricao": "Requerimentos - Ver. Jo\u00e3o do Povo", "autoria__autor__nome": "JO\u00c3O DO POVO", "texto_original": "http://64.23.167.191/sapl/public/materialegislativa/2022/371/requerimento_-004-2022.pdf", "ementa": "Requer do Poder Executivo Municipal, junto a secretaria competente, que fa\u00e7a a pintura dos quebra-molas e meios fios da avenida principal do setor\r\nAeroporto II."}, {"id": 372, "ano": 2022, "numero": 5, "tipo__sigla": "REQ", "tipo__descricao": "Requerimentos - Ver. Jo\u00e3o do Povo", "autoria__autor__nome": "JO\u00c3O DO POVO", "texto_original": "http://64.23.167.191/sapl/public/materialegislativa/2022/372/requerimento_-005-2022.pdf", "ementa": "Requer do Poder Executivo Municipal, atrav\u00e9s da secretaria competente, que fa\u00e7a reparos necess\u00e1rios no gramado sint\u00e9ticos do campo socyete\r\nDomingos Santana."}, {"id": 373, "ano": 2022, "numero": 6, "tipo__sigla": "REQ", "tipo__descricao": "Requerimentos - Ver. Jo\u00e3o do Povo", "autoria__autor__nome": "JO\u00c3O DO POVO", "texto_original": "http://64.23.167.191/sapl/public/materialegislativa/2022/373/requerimento_-006-2022.pdf", "ementa": "Requer do Poder Executivo Municipal, atrav\u00e9s da secretaria competente, que fa\u00e7a a recupera\u00e7\u00e3o da ponte sobre o c\u00f3rrego Berto na Faz. Santo\r\nAnt\u00f4nio II de propriedade o senhor Jos\u00e9 Edgar de Castro Andrade divisa de Pedro Afonso e Bom Jesus do Tocantins."}, {"id": 374, "ano": 2022, "numero": 7, "tipo__sigla": "REQ", "tipo__descricao": "Requerimentos - Ver. Jo\u00e3o do Povo", "autoria__autor__nome": "JO\u00c3O DO POVO", "texto_original": "http://64.23.167.191/sapl/public/materialegislativa/2022/374/requerimento_-007-2022.pdf", "ementa": "Requer do Poder Executivo Municipal, atrav\u00e9s da secretaria competente, que fa\u00e7a uma faixa de pedestre na avinda Pedro Mariano dos Santos."}, {"id": 375, "ano": 2022, "numero": 8, "tipo__sigla": "REQ", "tipo__descricao": "Requerimentos - Ver. Jo\u00e3o do Povo", "autoria__autor__nome": "JO\u00c3O DO POVO", "texto_original": "http://64.23.167.191/sapl/public/materialegislativa/2022/375/requerimento_-008-2022.pdf", "ementa": "Requer do Poder Executivo Municipal, atrav\u00e9s da secretaria competente, que envie maquin\u00e1rios, trator e grade, na Regi\u00e3o do Rio Negro de propriedade do senhor Everaldo Nunes da Silva no munic\u00edpio de Bom Jesus do Tocantins."}, {"id": 376, "ano": 2022, "numero": 9, "tipo__sigla": "REQ", "tipo__descricao": "Requerimentos - Ver. Jo\u00e3o do Povo", "autoria__autor__nome": "JO\u00c3O DO POVO", "texto_original": "http://64.23.167.191/sapl/public/materialegislativa/2022/376/requerimento_-009-2022.pdf", "ementa": "Requer do Poder Executivo Municipal, atrav\u00e9s da secretaria competente, que provid\u00eancias solu\u00e7\u00f5es, a respeito do transporte escolar na regi\u00e3o do\r\nfortaleza na rota escolar de Porto Real."}, {"id": 377, "ano": 2022, "numero": 10, "tipo__sigla": "REQ", "tipo__descricao": "Requerimentos - Ver. Jo\u00e3o do Povo", "autoria__autor__nome": "JO\u00c3O DO POVO", "texto_original": "http://64.23.167.191/sapl/public/materialegislativa/2022/377/requerimento_-010-2022.pdf", "ementa": "Requer do Poder Executivo Municipal, atrav\u00e9s da secretaria competente, que envie ca\u00e7amba na fazenda soninho de propriedade do senhor Vilorinario Cardozo da Silva, Localizada no Munic\u00edpio de Bom Jesus do Tocantins \u2013 TO."}, {"id": 378, "ano": 2022, "numero": 11, "tipo__sigla": "REQ", "tipo__descricao": "Requerimentos - Ver. Jo\u00e3o do Povo", "autoria__autor__nome": "JO\u00c3O DO POVO", "texto_original": "http://64.23.167.191/sapl/public/materialegislativa/2022/378/requerimento_-011-2022.pdf", "ementa": "Requer do Poder Executivo Municipal, atrav\u00e9s da secretaria competente, que envie a retroescavadeira, patrol e ca\u00e7amba, na propriedade do senhor Gelson Pereira da Silva, na fazenda Vered\u00e3o."}, {"id": 386, "ano": 2022, "numero": 1, "tipo__sigla": "REQ", "tipo__descricao": "Requerimentos - Ver. Sipriano Soares", "autoria__autor__nome": "SIPRIANO SOARES", "texto_original": "http://64.23.167.191/sapl/public/materialegislativa/2022/386/requerimento_no_001-2022.pdf", "ementa": "Requer ao Chefe do Poder Executivo Municipal, atrav\u00e9s da secretaria competente, que construa (03) tr\u00eas quebra-molas tipo lombadas da rotaria da TO \u2013 010 at\u00e9 a entrada do setor Ant\u00f4nio Joaquim Pires Martins Filho (Portelinha)."}, {"id": 387, "ano": 2022, "numero": 2, "tipo__sigla": "REQ", "tipo__descricao": "Requerimentos - Ver. Sipriano Soares", "autoria__autor__nome": "SIPRIANO SOARES", "texto_original": "http://64.23.167.191/sapl/public/materialegislativa/2022/387/requerimento_no_002-2022.pdf", "ementa": "Requer ao Chefe do Poder Executivo Municipal, atrav\u00e9s da secretaria competente, que insira na reforma do terminal rodovi\u00e1rio mesas e cadeira."}, {"id": 388, "ano": 2022, "numero": 3, "tipo__sigla": "REQ", "tipo__descricao": "Requerimentos - Ver. Sipriano Soares", "autoria__autor__nome": "SIPRIANO SOARES", "texto_original": "http://64.23.167.191/sapl/public/materialegislativa/2022/388/requerimento_no_003-2022.pdf", "ementa": "Requer ao Chefe do Poder Executivo Municipal, atrav\u00e9s da secretaria competente, que envie retroescavadeira na propriedade do senhor Robson Rodrigues (Bonz\u00e3o) no munic\u00edpio de Santa Maria do Tocantins \u2013 TO."}, {"id": 389, "ano": 2022, "numero": 4, "tipo__sigla": "REQ", "tipo__descricao": "Requerimentos - Ver. Sipriano Soares", "autoria__autor__nome": "SIPRIANO SOARES", "texto_original": "http://64.23.167.191/sapl/public/materialegislativa/2022/389/requerimento_no_004-2022.pdf", "ementa": "Requer ao Chefe do Poder Executivo Municipal, atrav\u00e9s da secretaria de sa\u00fade, que prepare forte aparatos no combate a propaga\u00e7\u00e3o da covid-19 durante a temporada de praia e os eventos na cidade."}, {"id": 390, "ano": 2022, "numero": 5, "tipo__sigla": "REQ", "tipo__descricao": "Requerimentos - Ver. Sipriano Soares", "autoria__autor__nome": "SIPRIANO SOARES", "texto_original": "http://64.23.167.191/sapl/public/materialegislativa/2022/390/requerimento_no_005-2022.pdf", "ementa": "Requer ao Chefe do Poder Executivo Municipal, atrav\u00e9s do \u00f3rg\u00e3o competente, que fa\u00e7a a abertura no canteiro central da avenida Pedro Mariano dos Santos que d\u00e1 acesso \u00e0 entrada da Escola Estadual de Tempo Integral Professor Ant\u00f4nio Belarmino Filho, as sinaliza\u00e7\u00f5es necess\u00e1rias e a suspens\u00e3o de caminh\u00e3o ou qualquer tipo de ve\u00edculo de grande porte estacionados na entrada da parte administrativa que fica frente \u00e0 escola."}, {"id": 391, "ano": 2022, "numero": 6, "tipo__sigla": "REQ", "tipo__descricao": "Requerimentos - Ver. Sipriano Soares", "autoria__autor__nome": "SIPRIANO SOARES", "texto_original": "http://64.23.167.191/sapl/public/materialegislativa/2022/391/requerimento_no_006-2022.pdf", "ementa": "Requer ao Chefe do Poder Executivo Municipal, atrav\u00e9s do \u00f3rg\u00e3o competente, que fa\u00e7a parceria entre a Prefeitura de Pedro Afonso e o Estado do\r\nTocantins, atrav\u00e9s da Escola Estadual de Tempo Integral, Professor Ant\u00f4nio Belarmino Filho e da Diretoria Regional de Ensino."}, {"id": 392, "ano": 2022, "numero": 7, "tipo__sigla": "REQ", "tipo__descricao": "Requerimentos - Ver. Sipriano Soares", "autoria__autor__nome": "SIPRIANO SOARES", "texto_original": "http://64.23.167.191/sapl/public/materialegislativa/2022/392/requerimento_no_007-2022.pdf", "ementa": "Requer ao Chefe do Poder Executivo Municipal, atrav\u00e9s do \u00f3rg\u00e3o competente, que envie um trator 4x4, com calcariadeira com lamina ou sem, na fazenda 3 irm\u00e3os de propriedade do senhor Paulo Am\u00e9rico de Ara\u00fajo Barros (Paeca), localizada no Munic\u00edpio de Tupirama \u2013 TO."}, {"id": 393, "ano": 2022, "numero": 8, "tipo__sigla": "REQ", "tipo__descricao": "Requerimentos - Ver. Sipriano Soares", "autoria__autor__nome": "SIPRIANO SOARES", "texto_original": "http://64.23.167.191/sapl/public/materialegislativa/2022/393/requerimento_no_008-2022.pdf", "ementa": "Requer ao Chefe do Poder Executivo Municipal, atrav\u00e9s do \u00f3rg\u00e3o competente, que instale um poste de energia el\u00e9trica Av. F, pr\u00f3ximo a resid\u00eancia da\r\ndoutora Pethia Gomes do Prado, esquina com a Av. 29 de outubro."}, {"id": 394, "ano": 2022, "numero": 9, "tipo__sigla": "REQ", "tipo__descricao": "Requerimentos - Ver. Sipriano Soares", "autoria__autor__nome": "SIPRIANO SOARES", "texto_original": "http://64.23.167.191/sapl/public/materialegislativa/2022/394/requerimento_no_009-2022.pdf", "ementa": "Requer ao Chefe do Poder Executivo Municipal, atrav\u00e9s do \u00f3rg\u00e3o competente, que coloque as maquinas do munic\u00edpio, bem como, p\u00e1 mec\u00e2nica, ca\u00e7amba e patrol, para recuperar a estrada, que sai da CBPO BR-235 at\u00e9 Porto Real TO-030."}, {"id": 617, "ano": 2022, "numero": 1, "tipo__sigla": "PRE", "tipo__descricao": "Projeto de Resolu\u00e7\u00e3o", "autoria__autor__nome": null, "texto_original": "http://64.23.167.191/sapl/public/materialegislativa/2022/617/01_-_projeto_de_resolucao_no_001-2022_-_lili_-_23-05.pdf", "ementa": "Projeto de Resolu\u00e7\u00e3o n\u00ba 001/2022 - Ver. Lili Ben\u00edcio: Concede T\u00edtulo de Cidad\u00e3 pedro-afonsino a Ilustr\u00edssima senhora LUZIA FREIRE BARBOZA GOUVEIA DE SOUZA."}, {"id": 618, "ano": 2022, "numero": 2, "tipo__sigla": "PRE", "tipo__descricao": "Projeto de Resolu\u00e7\u00e3o", "autoria__autor__nome": "LILI BEN\u00cdCIO", "texto_original": "http://64.23.167.191/sapl/public/materialegislativa/2022/618/02_-_projeto_de_resolucao_no_002-2022_-_23-05.pdf", "ementa": "Projeto de Resolu\u00e7\u00e3o n\u00ba 002/2022 - Ver. Lili Ben\u00edcio: Concede T\u00edtulo de Cidad\u00e3o pedro-afonsino ao Ilustr\u00edssimo senhor Ten ANTONIO ALVES DE SOUSA Instrutor Chefe do Tiro de Guerra 11-004."}, {"id": 619, "ano": 2022, "numero": 3, "tipo__sigla": "PRE", "tipo__descricao": "Projeto de Resolu\u00e7\u00e3o", "autoria__autor__nome": "MARQUIM CATABRIGA", "texto_original": "http://64.23.167.191/sapl/public/materialegislativa/2022/619/03_-_projeto_de_resolucao_no_001_-_2022_-_marquim_-_24-05.pdf", "ementa": "Projeto de Resolu\u00e7\u00e3o n\u00ba 001/2022 - Ver. Marquim Catabriga: \u201cAUTORIZA A MESA DIRETORA DA CAMARA MUNICIPAL DE PEDRO AFONSO - TO, A CONCEDER O T\u00cdTULO DE CIDAD\u00c3O PEDROAFONSINO AO SENHOR FABR\u00cdCIO VIEIRA RIBEIRO\u201d."}, {"id": 620, "ano": 2022, "numero": 4, "tipo__sigla": "PRE", "tipo__descricao": "Projeto de Resolu\u00e7\u00e3o", "autoria__autor__nome": "MARQUIM CATABRIGA", "texto_original": "http://64.23.167.191/sapl/public/materialegislativa/2022/620/04_-_projeto_de_resolucao_no_002_-_2022_-_marquim_-_24-05.pdf", "ementa": "Projeto de Resolu\u00e7\u00e3o n\u00ba 002/2022 - Ver. Marquim Catabriga: \u201cAUTORIZA A MESA DIRETORA DA CAMARA MUNICIPAL DE PEDRO AFONSO - TO, A CONCEDER O T\u00cdTULO DE CIDAD\u00c3O PEDROAFONSINO AO SENHOR WIDGLAN LIMA RODRIGUES\u201d."}, {"id": 621, "ano": 2022, "numero": 5, "tipo__sigla": "PRE", "tipo__descricao": "Projeto de Resolu\u00e7\u00e3o", "autoria__autor__nome": "LILI BEN\u00cdCIO", "texto_original": "http://64.23.167.191/sapl/public/materialegislativa/2022/621/05_-_projeto_de_resolucao_no_003-2022_-_24-05.pdf", "ementa": "Projeto de Resolu\u00e7\u00e3o n\u00ba 003/2022 - Ver. Lili Ben\u00edcio: \u201cAUTORIZA A MESA DIRETORA DA CAMARA MUNICIPAL DE PEDRO AFONSO - TO, A CONCEDER O T\u00cdTULO DE CIDAD\u00c3O PEDROAFONSINO AO SENHOR GOVERNADOR DO ESTADO DO TOCANTINS WANDERLEY BARBOSA\u201d."}, {"id": 622, "ano": 2022, "numero": 6, "tipo__sigla": "PRE", "tipo__descricao": "Projeto de Resolu\u00e7\u00e3o", "autoria__autor__nome": "BRENO ALVES", "texto_original": "http://64.23.167.191/sapl/public/materialegislativa/2022/622/06_-_projeto_de_resolucao_no_001-2022_-_22-08.pdf", "ementa": "Projeto de Resolu\u00e7\u00e3o n\u00ba 001/2022 - Ver. Breno Alves: \"Disp\u00f5e sobre a cria\u00e7\u00e3o da Ouvidoria da C\u00e2mara Municipal de Pedro Afonso-TO, especifica e d\u00e1 outras provid\u00eancias\"."}, {"id": 623, "ano": 2022, "numero": 7, "tipo__sigla": "PRE", "tipo__descricao": "Projeto de Resolu\u00e7\u00e3o", "autoria__autor__nome": "JADER MARIANO", "texto_original": "http://64.23.167.191/sapl/public/materialegislativa/2022/623/07_-_projeto_de_resolucao_no_001_-_2022_-_jader_-_24-08.pdf", "ementa": "Projeto de Resolu\u00e7\u00e3o n\u00ba 001/2022 - Ver. Jader Mariano: \u201cAUTORIZA A MESA DIRETORA DA CAMARA MUNICIPAL DE PEDRO AFONSO - TO, A CONCEDER O T\u00cdTULO DE CIDAD\u00c3 PEDROAFONSINA A SENHORA EVERALDA DO ROS\u00c1RIO BARBOSA FREIRE\u201d."}, {"id": 624, "ano": 2022, "numero": 8, "tipo__sigla": "PRE", "tipo__descricao": "Projeto de Resolu\u00e7\u00e3o", "autoria__autor__nome": "LILI BEN\u00cdCIO", "texto_original": "http://64.23.167.191/sapl/public/materialegislativa/2022/624/08_-_projeto_de_resolucao_no_004-2022_-_31-08.pdf", "ementa": "Projeto de Resolu\u00e7\u00e3o n\u00ba 004/2022 - Ver. Lili Ben\u00edcio: \u201cAUTORIZA A MESA DIRETORA DA CAMARA MUNICIPAL DE PEDRO AFONSO - TO, A CONCEDER O T\u00cdTULO DE CIDAD\u00c3O PEDROAFONSINO AO SENHOR PAULO S\u00c9RGIO ALVES DE ARAUJO\u201d."}, {"id": 625, "ano": 2022, "numero": 9, "tipo__sigla": "PRE", "tipo__descricao": "Projeto de Resolu\u00e7\u00e3o", "autoria__autor__nome": "LILI BEN\u00cdCIO", "texto_original": "http://64.23.167.191/sapl/public/materialegislativa/2022/625/09_-_projeto_de_resolucao_no_005-2022_-_31-08.pdf", "ementa": "Projeto de Resolu\u00e7\u00e3o n\u00ba 005/2022 - Ver. Lili Ben\u00edcio: \u201cAUTORIZA A MESA DIRETORA DA CAMARA MUNICIPAL DE PEDRO AFONSO - TO, A CONCEDER O T\u00cdTULO DE CIDAD\u00c3O PEDROAFONSINO AO SENHOR ALSENRAL ALVES DE ARA\u00daJO\u201d."}, {"id": 626, "ano": 2022, "numero": 10, "tipo__sigla": "PRE", "tipo__descricao": "Projeto de Resolu\u00e7\u00e3o", "autoria__autor__nome": "LILI BEN\u00cdCIO", "texto_original": "http://64.23.167.191/sapl/public/materialegislativa/2022/626/10_-_projeto_de_resolucao_no_006-2022_-_31-08.pdf", "ementa": "Projeto de Resolu\u00e7\u00e3o n\u00ba 006/2022 - Ver. Lili Ben\u00edcio: \u201cAUTORIZA A MESA DIRETORA DA CAMARA MUNICIPAL DE PEDRO AFONSO - TO, A CONCEDER O T\u00cdTULO DE CIDAD\u00c3 PEDROAFONSINO A SENHORA OSIRENE MARIA ALVES DE ARA\u00daJO\u201d."}, {"id": 627, "ano": 2022, "numero": 11, "tipo__sigla": "PRE", "tipo__descricao": "Projeto de Resolu\u00e7\u00e3o", "autoria__autor__nome": "LILI BEN\u00cdCIO", "texto_original": "http://64.23.167.191/sapl/public/materialegislativa/2022/627/11_-_projeto_de_resolucao_no_007-2022_-_25-10.pdf", "ementa": "Projeto de Resolu\u00e7\u00e3o n\u00ba 007/2022 - Ver. Lili Ben\u00edcio: \u201cAUTORIZA A MESA DIRETORA DA C\u00c2MARA MUNICIPAL DE PEDRO AFONSO - TO, A CONCEDER O T\u00cdTULO DE CIDAD\u00c3O PEDROAFONSINO AO SENHOR TEN CEL QOPM DERNIVALDO DA COSTA TIRELLO\u201d."}, {"id": 631, "ano": 2022, "numero": 12, "tipo__sigla": "PRE", "tipo__descricao": "Projeto de Resolu\u00e7\u00e3o", "autoria__autor__nome": "BRENO ALVES", "texto_original": "http://64.23.167.191/sapl/public/materialegislativa/2022/631/01_-_projeto_de_resolucao_no_01-2022_-_breno_-_20-01.pdf", "ementa": "Projeto de Resolu\u00e7\u00e3o n\u00ba 001/2022 - Ver. Breno Alves: \u201cAltera a Resolu\u00e7\u00e3o n\u00ba 005/2020, que disp\u00f5e sobre a reestrutura\u00e7\u00e3o organizacional da C\u00e2mara Municipal de Pedro Afonso, bem como, extingue e cria Cargos P\u00fablicos e faz a distribui\u00e7\u00e3o para os Gabinetes dos Vereadores e Administra\u00e7\u00e3o\u201d."}, {"id": 632, "ano": 2022, "numero": 13, "tipo__sigla": "PRE", "tipo__descricao": "Projeto de Resolu\u00e7\u00e3o", "autoria__autor__nome": "BRENO ALVES", "texto_original": "http://64.23.167.191/sapl/public/materialegislativa/2022/632/02_-_projeto_de_resolucao_no_02-2022_-_breno_-_15-02.pdf", "ementa": "Projeto de Resolu\u00e7\u00e3o n\u00ba 002/2022 - Ver. Breno Alves: \u201cAUTORIZA O PODER LEGISLATIVO A CEDER TEMPORARIAMENTE, MEDIANTE TERMO DE\r\nCESS\u00c3O DE USO, UM VE\u00cdCULO OFICIAL AO FUNDO MUNICIPAL DE SA\u00daDE DE PEDRO AFONSO, VISANDO ATENDER OS MORADORES DO ASSENTAMENTO AGROVILA BOM TEMPO E D\u00c1 OUTRAS PROVID\u00caNCIAS\u201d."}, {"id": 633, "ano": 2022, "numero": 14, "tipo__sigla": "PRE", "tipo__descricao": "Projeto de Resolu\u00e7\u00e3o", "autoria__autor__nome": "BRENO ALVES", "texto_original": "http://64.23.167.191/sapl/public/materialegislativa/2022/633/projeto_de_resolucao_no_005-2022_-_breno_-_06-12.pdf", "ementa": "Projeto de Resolu\u00e7\u00e3o n\u00ba 005/2022 - Ver. Breno Alves: \u201cAtualiza os valores concedidos a t\u00edtulo de aux\u00edlio alimenta\u00e7\u00e3o, da C\u00e2mara Municipal de Pedro Afonso, revoga os termos da Resolu\u00e7\u00e3o n\u00b0 006/2021 e d\u00e1 outras provid\u00eancias\u201d."}, {"id": 286, "ano": 2022, "numero": 1, "tipo__sigla": "AUTL", "tipo__descricao": "Aut\u00f3grafo de Lei", "autoria__autor__nome": "BRENO ALVES", "texto_original": "http://64.23.167.191/sapl/public/materialegislativa/2022/286/autografos_001-2022.pdf", "ementa": "\u201cDISP\u00d5E SOBRE AUTORIZA\u00c7\u00c3O LEGISLATIVA \u00c0 CONTINUIDADE DA DENOMINADA \u201cSECRETARIA MUNICIPAL EXTRAORDIN\u00c1RIA PARA RESOLU\u00c7\u00d5ES DE PROBLEM\u00c1TICAS PLUVIAIS\u201d - SOB PER\u00cdODO R\u00cdGIDO E DETERMINADO -, CONSOANTE \u00c0 LEI N.\u00ba 56/2021 (\u201cLEI OR\u00c7AMENT\u00c1RIA 2022\u201d), E D\u00c1 OUTRAS PROVID\u00caNCIAS.\u201d"}, {"id": 287, "ano": 2022, "numero": 2, "tipo__sigla": "AUTL", "tipo__descricao": "Aut\u00f3grafo de Lei", "autoria__autor__nome": "BRENO ALVES", "texto_original": "http://64.23.167.191/sapl/public/materialegislativa/2022/287/autografos_002-2022.pdf", "ementa": "\u201cREVOGA LEI N.\u00ba 25/2021 E DISP\u00d5E SOBRE AUTORIZA\u00c7\u00c3O AO PODER EXECUTIVO MUNICIPAL, PRO QUE TANGE A CELEBRA\u00c7\u00c3O DE CONV\u00caNIO COM A ASSOCIA\u00c7\u00c3O DE RADIODIFUS\u00c3O COMUNIT\u00c1RIA DE PEDRO AFONSO-TO (\u201cVALE DO TOCANTINS FM\u201d), E D\u00c1 OUTRAS PROVID\u00caNCIAS.\u201d"}, {"id": 288, "ano": 2022, "numero": 3, "tipo__sigla": "AUTL", "tipo__descricao": "Aut\u00f3grafo de Lei", "autoria__autor__nome": "BRENO ALVES", "texto_original": "http://64.23.167.191/sapl/public/materialegislativa/2022/288/autografos_003-2022.pdf", "ementa": "\u201cDISP\u00d5E SOBRE ALTERA\u00c7\u00d5ES ESPEC\u00cdFICAS NAS LEIS N.\u00bas 28/2019 E 04/2020 - NO QUE TANGE A ESTRUTURA ADMINISTRATIVA DA PREFEITURA\r\nMUNICIPAL DE PEDRO AFONSO - E REVOGA\u00c7\u00c3O DA LEI N.\u00ba 21/2021, E D\u00c1 OUTRAS PROVID\u00caNCIAS.\u201d"}, {"id": 289, "ano": 2022, "numero": 4, "tipo__sigla": "AUTL", "tipo__descricao": "Aut\u00f3grafo de Lei", "autoria__autor__nome": "BRENO ALVES", "texto_original": "http://64.23.167.191/sapl/public/materialegislativa/2022/289/autografos_004-2022.pdf", "ementa": "\u201cDISP\u00d5E SOBRE AUTORIZA\u00c7\u00c3O PARA DOA\u00c7\u00c3O DE \u00c1REA P\u00daBLICA E D\u00c1 OUTRAS PROVID\u00caNCIAS. \u201d"}, {"id": 290, "ano": 2022, "numero": 5, "tipo__sigla": "AUTL", "tipo__descricao": "Aut\u00f3grafo de Lei", "autoria__autor__nome": "BRENO ALVES", "texto_original": "http://64.23.167.191/sapl/public/materialegislativa/2022/290/autografos_005-2022.pdf", "ementa": "\u201cDISP\u00d5E SOBRE A OBRIGATORIEDADE DO CONSERTO DOS BURACOS E VALAS ABERTOS EM VIAS E CALCADAS/PASSEIOS P\u00daBLICOS REALIZADOS POR EMPRESAS CONCESSION\u00c1RIAS NO \u00c2MBITO DO MUNIC\u00cdPIO DE PEDRO AFONSO E D\u00c1 OUTRAS PROVIDENCIAS\u201d."}, {"id": 291, "ano": 2022, "numero": 6, "tipo__sigla": "AUTL", "tipo__descricao": "Aut\u00f3grafo de Lei", "autoria__autor__nome": "BRENO ALVES", "texto_original": "http://64.23.167.191/sapl/public/materialegislativa/2022/291/autografos_006-2022.pdf", "ementa": "\u201cDISP\u00d5E SOBRE A CRIA\u00c7\u00c3O DO PROGRAMA MEDICAMENTO EM CASA\u201d."}, {"id": 292, "ano": 2022, "numero": 7, "tipo__sigla": "AUTL", "tipo__descricao": "Aut\u00f3grafo de Lei", "autoria__autor__nome": "BRENO ALVES", "texto_original": "http://64.23.167.191/sapl/public/materialegislativa/2022/292/autografos_007-2022.pdf", "ementa": "\"INSTITUI O PROGRAMA DE RECUPERA\u00c7\u00c3O FISCAL - REFIS PEDRO AFONSO/2022 - DO MUNIC\u00cdPIO DE PEDRO AFONSO, ESTADO DO TOCANTINS, E D\u00c1 OUTRAS PROVIDENCIAS.\""}, {"id": 293, "ano": 2022, "numero": 8, "tipo__sigla": "AUTL", "tipo__descricao": "Aut\u00f3grafo de Lei", "autoria__autor__nome": "BRENO ALVES", "texto_original": "http://64.23.167.191/sapl/public/materialegislativa/2022/293/autografos_008-2022.pdf", "ementa": "\"INSTITUI A CAMPANHA DE VALORIZA\u00c7\u00c3O DA VIDA DENOMINADA \"SETEMBRO AMARELO\" E O DIA MUNICIPAL DE PREVEN\u00c7\u00c3O AO SUICIDIO NO\r\nCALEND\u00c1RIO OFICIAL DO MUNICIPIO DE PEDRO AFONSO E D\u00c1 OUTRAS PROVID\u00caNCIAS.\""}, {"id": 294, "ano": 2022, "numero": 9, "tipo__sigla": "AUTL", "tipo__descricao": "Aut\u00f3grafo de Lei", "autoria__autor__nome": "BRENO ALVES", "texto_original": "http://64.23.167.191/sapl/public/materialegislativa/2022/294/autografos_009-2022.pdf", "ementa": "\u201cREVOGA LEI 205/2011 E CRIA E REGULAMENTA OS PROCEDIMENTOS DE PRODUTIVIDADES DOS AUDITORES FISCAIS E FISCAIS DE FINAN\u00c7AS\r\nDO MUNICIPIO DE PEDRO AFONSO, ESTADO DO TOCANTINS E DA OUTRAS PROVIDENCIAS.\u201d"}, {"id": 295, "ano": 2022, "numero": 10, "tipo__sigla": "AUTL", "tipo__descricao": "Aut\u00f3grafo de Lei", "autoria__autor__nome": "BRENO ALVES", "texto_original": "http://64.23.167.191/sapl/public/materialegislativa/2022/295/autografos_010-2022.pdf", "ementa": "\u201cREVOGA LEI 008/2005 E CRIA, REGULAMENTA E AUTORIZA A CONCESS\u00c3O DE DI\u00c1RIA DE VIAGEM AO CHEFE DO PODER EXECUTIVO E D\u00c1 OUTRAS PROVID\u00caNCIAS. \u201d"}, {"id": 296, "ano": 2022, "numero": 11, "tipo__sigla": "AUTL", "tipo__descricao": "Aut\u00f3grafo de Lei", "autoria__autor__nome": "BRENO ALVES", "texto_original": "http://64.23.167.191/sapl/public/materialegislativa/2022/296/autografos_011-2022.pdf", "ementa": "\u201cDISP\u00d5E SOBRE RETIFICA\u00c7\u00c3O DO ART. 3\u00ba LEI 25/2019 PARA MODIFICA\u00c7\u00c3O DO QUADRO II PROJETO/ATIVIDADE DE ENERGIA FOTOVOLTAICA E INCLUS\u00c3O DO QUADRO III PROJETO/ATIVIDADE PARA CONSTRU\u00c7\u00c3O DE \u00c1REA PARA REVOLVIMENTO DE ESPORTE E LAZER - PARQUE DE EXPOSI\u00c7\u00c3O. \u201d"}, {"id": 297, "ano": 2022, "numero": 12, "tipo__sigla": "AUTL", "tipo__descricao": "Aut\u00f3grafo de Lei", "autoria__autor__nome": "BRENO ALVES", "texto_original": "http://64.23.167.191/sapl/public/materialegislativa/2022/297/autografos_012-2022.pdf", "ementa": "\u201cDISP\u00d5E SOBRE AS DIRETRIZES OR\u00c7AMENT\u00c1RIAS (LDO) PARA O ANO DE 2023 E D\u00c1 OUTRAS PROVID\u00caNCIAS. \u201d"}, {"id": 298, "ano": 2022, "numero": 13, "tipo__sigla": "AUTL", "tipo__descricao": "Aut\u00f3grafo de Lei", "autoria__autor__nome": "BRENO ALVES", "texto_original": "http://64.23.167.191/sapl/public/materialegislativa/2022/298/autografos_013-2022.pdf", "ementa": "\u201cESTIMA A RECEITA E FIXA A DESPESA DO MUNIC\u00cdPIO PARA O EXERC\u00cdCIO DE 2023.\u201d"}, {"id": 299, "ano": 2022, "numero": 14, "tipo__sigla": "AUTL", "tipo__descricao": "Aut\u00f3grafo de Lei", "autoria__autor__nome": "BRENO ALVES", "texto_original": "http://64.23.167.191/sapl/public/materialegislativa/2022/299/autografos_014-2022.pdf", "ementa": "\u201cDISP\u00d5E SOBRE A ESTIMATIVA DO PLANO PLURIANUAL PARA O PER\u00cdODO 2022 A 2025 E D\u00c1 OUTRAS PROVID\u00caNCIAS.\u201d"}, {"id": 698, "ano": 2022, "numero": 1, "tipo__sigla": "PLE", "tipo__descricao": "Projeto de Lei do Executivo", "autoria__autor__nome": "Joaquim Martins Pinheiro Filho", "texto_original": "http://64.23.167.191/sapl/public/materialegislativa/2022/698/proj.lei_01_2022_secr.extraord.probls.pluviais.pdf", "ementa": "\u201cDISP\u00d5E SOBRE AUTORIZA\u00c7\u00c3O LEGISLATIVA \u00c0 CONTINUIDADE DA DENOMINADA \u201cSECRETARIA MUNICIPAL EXTRAORDIN\u00c1RIA PARA RESOLU\u00c7\u00d5ES DE PROBLEM\u00c1TICAS PLUVIAIS\u201d - SOB PER\u00cdODO R\u00cdGIDO E DETERMINADO -, CONSOANTE \u00c0 LEI N.\u00ba 56/2021 (\u201cLEI OR\u00c7AMENT\u00c1RIA 2022\u201d), E D\u00c1 OUTRAS PROVID\u00caNCIAS.\u201d"}, {"id": 699, "ano": 2022, "numero": 2, "tipo__sigla": "PLE", "tipo__descricao": "Projeto de Lei do Executivo", "autoria__autor__nome": "Joaquim Martins Pinheiro Filho", "texto_original": "http://64.23.167.191/sapl/public/materialegislativa/2022/699/proj.lei_02_2022_repasserradiovale_fm.pdf", "ementa": "\u201cREVOGA LEI N.\u00ba 25/2021 E DISP\u00d5E SOBRE AUTORIZA\u00c7\u00c3O AO PODER EXECUTIVO MUNICIPAL, PRO QUE TANGE A CELEBRA\u00c7\u00c3O DE CONV\u00caNIO COM A ASSOCIA\u00c7\u00c3O DE RADIODIFUS\u00c3O COMUNIT\u00c1RIA DE PEDRO AFONSO-TO (\u201cVALE DO TOCANTINS FM\u201d), E D\u00c1 OUTRAS PROVID\u00caNCIAS.\u201d"}, {"id": 700, "ano": 2022, "numero": 3, "tipo__sigla": "PLE", "tipo__descricao": "Projeto de Lei do Executivo", "autoria__autor__nome": "Joaquim Martins Pinheiro Filho", "texto_original": "http://64.23.167.191/sapl/public/materialegislativa/2022/700/proj.lei_03_2022_gerenciafolhapagamento.pdf", "ementa": "\u201cDISP\u00d5E SOBRE ALTERA\u00c7\u00d5ES ESPEC\u00cdFICAS NAS LEIS N.\u00bas 28/2019 E 04/2020 - NO QUE TANGE A ESTRUTURA ADMINISTRATIVA DA PREFEITURA MUNICIPAL DE PEDRO AFONSO - E REVOGA\u00c7\u00c3O DA LEI N.\u00ba 21/2021, E D\u00c1 OUTRAS PROVID\u00caNCIAS.\u201d"}, {"id": 701, "ano": 2022, "numero": 4, "tipo__sigla": "PLE", "tipo__descricao": "Projeto de Lei do Executivo", "autoria__autor__nome": "Joaquim Martins Pinheiro Filho", "texto_original": "http://64.23.167.191/sapl/public/materialegislativa/2022/701/proj.lei_04_2022.pdf", "ementa": "\u201cDISP\u00d5E SOBRE AUTORIZA\u00c7\u00c3O PARA DOA\u00c7\u00c3O DE \u00c1REA P\u00daBLICA E D\u00c1 OUTRAS PROVID\u00caNCIAS.\u201d"}, {"id": 702, "ano": 2022, "numero": 5, "tipo__sigla": "PLE", "tipo__descricao": "Projeto de Lei do Executivo", "autoria__autor__nome": "Joaquim Martins Pinheiro Filho", "texto_original": "http://64.23.167.191/sapl/public/materialegislativa/2022/702/proj.lei_05_2022.pdf", "ementa": "\u201cREVOGA LEI 205/2011 E CRIA E REGULAMENTA OS PROCEDIMENTOS DE PRODUTIVIDADES DOS AUDITORES FISCAIS E FISCAIS DE FINAN\u00c7AS DO\r\nMUNICIPIO DE PEDRO AFONSO, ESTADO DO TOCANTINS E DA OUTRAS PROVIDENCIAS.\u201d"}, {"id": 703, "ano": 2022, "numero": 6, "tipo__sigla": "PLE", "tipo__descricao": "Projeto de Lei do Executivo", "autoria__autor__nome": "Joaquim Martins Pinheiro Filho", "texto_original": "http://64.23.167.191/sapl/public/materialegislativa/2022/703/proj.lei_06_2022.pdf", "ementa": "\u201cREVOGA LEI 008/2005 E CRIA, REGULAMENTA E AUTORIZA A CONCESS\u00c3O DE DI\u00c1RIA DE VIAGEM AO CHEFE DO PODER EXECUTIVO E D\u00c1 OUTRAS PROVID\u00caNCIAS\u201d."}, {"id": 704, "ano": 2022, "numero": 7, "tipo__sigla": "PLE", "tipo__descricao": "Projeto de Lei do Executivo", "autoria__autor__nome": "Joaquim Martins Pinheiro Filho", "texto_original": "http://64.23.167.191/sapl/public/materialegislativa/2022/704/proj.lei_07_2022.pdf", "ementa": "\u201cDISP\u00d5E SOBRE RETIFICA\u00c7\u00c3O DO ART. 3\u00ba LEI 25/2019 PARA MODIFICA\u00c7\u00c3O DO QUADRO II PROJETO/ATIVIDADE DE ENERGIA FOTOVOLTAICA E INCLUS\u00c3O DO QUADRO III PROJETO/ATIVIDADE PARA CONSTRU\u00c7\u00c3O DE \u00c1REA PARA REVOLVIMENTO DE ESPORTE E LAZER - PARQUE DE EXPOSI\u00c7\u00c3O\u201d."}, {"id": 705, "ano": 2022, "numero": 8, "tipo__sigla": "PLE", "tipo__descricao": "Projeto de Lei do Executivo", "autoria__autor__nome": "Joaquim Martins Pinheiro Filho", "texto_original": "http://64.23.167.191/sapl/public/materialegislativa/2022/705/projeto_de_lei_no_008-2022.pdf", "ementa": "\"DISP\u00d5E SOBRE AS DIRETRIZES OR\u00c7AMENT\u00c1RIAS (LDO) PARA O ANO DE 2023 E D\u00c1 OUTRAS PROVID\u00caNCIAS.\""}, {"id": 601, "ano": 2022, "numero": 1, "tipo__sigla": "ECONV", "tipo__descricao": "Edital de Convoca\u00e7\u00e3o", "autoria__autor__nome": "BRENO ALVES", "texto_original": "http://64.23.167.191/sapl/public/materialegislativa/2022/601/convocacao_001-2022.pdf", "ementa": "Convoca\u00e7\u00e3o para Sess\u00e3o Extraordin\u00e1ria."}, {"id": 602, "ano": 2022, "numero": 2, "tipo__sigla": "ECONV", "tipo__descricao": "Edital de Convoca\u00e7\u00e3o", "autoria__autor__nome": "BRENO ALVES", "texto_original": "http://64.23.167.191/sapl/public/materialegislativa/2022/602/convocacao_002-2022.pdf", "ementa": "Convoca\u00e7\u00e3o dos vereadores para a 1\u00aa Sess\u00e3o Ordin\u00e1ria da C\u00e2mara Municipal de Vereadores de Pedro Afonso do ano de 2022."}, {"id": 603, "ano": 2022, "numero": 3, "tipo__sigla": "ECONV", "tipo__descricao": "Edital de Convoca\u00e7\u00e3o", "autoria__autor__nome": "BRENO ALVES", "texto_original": "http://64.23.167.191/sapl/public/materialegislativa/2022/603/convocacao_003-2022.pdf", "ementa": "EDITAL DE CONVOCA\u00c7\u00c3O PARA ELEI\u00c7\u00c3O DA MESA DIRETORA DA C\u00c2MARA MUNICIPAL DE PEDRO AFONSO"}, {"id": 604, "ano": 2022, "numero": 4, "tipo__sigla": "ECONV", "tipo__descricao": "Edital de Convoca\u00e7\u00e3o", "autoria__autor__nome": "BRENO ALVES", "texto_original": "http://64.23.167.191/sapl/public/materialegislativa/2022/604/convocacao_004-2022.pdf", "ementa": "Convoca\u00e7\u00e3o dos vereadores para Sess\u00e3o Solene de posse da Mesa Diretora, tendo como Presidente o Vereador Jo\u00e3o Carlos da Silva Alves, para\r\no exerc\u00edcio de 2023."}, {"id": 694, "ano": 2022, "numero": 1, "tipo__sigla": "PLL", "tipo__descricao": "Projeto de Lei do Legislativo", "autoria__autor__nome": "MARQUIM CATABRIGA", "texto_original": "http://64.23.167.191/sapl/public/materialegislativa/2022/694/01_-_projeto_de_lei_001_-_2022_-_marquim_-_06-02.pdf", "ementa": "PROJETO DE LEI N\u00b0 01/2022 - VER. MARQUIM CATABRIGA: \u201cDISP\u00d5E SOBRE A OBRIGATORIEDADE DO CONSERTO DOS BURACOS E VALAS\r\nABERTOS EM VIAS E CALCADAS/PASSEIOS P\u00daBLICOS REALIZADOS POR EMPRESAS CONCESSION\u00c1RIAS NO \u00c2MBITO DO MUNIC\u00cdPIO DE PEDRO AFONSO E D\u00c1 OUTRAS PROVIDENCIAS\u201d."}, {"id": 695, "ano": 2022, "numero": 2, "tipo__sigla": "PLL", "tipo__descricao": "Projeto de Lei do Legislativo", "autoria__autor__nome": "MARQUIM CATABRIGA", "texto_original": "http://64.23.167.191/sapl/public/materialegislativa/2022/695/02_-_projeto_de_lei_002_-_2022_-_marquim_-_06-02.pdf", "ementa": "PROJETO DE LEI N\u00b0 02/2022 - VER. MARQUIM CATABRIGA: \u201cDISP\u00d5E SOBRE A CRIA\u00c7\u00c3O DO PROGRAMA MEDICAMENTO EM CASA\u201d."}, {"id": 696, "ano": 2022, "numero": 3, "tipo__sigla": "PLL", "tipo__descricao": "Projeto de Lei do Legislativo", "autoria__autor__nome": "SIPRIANO SOARES", "texto_original": "http://64.23.167.191/sapl/public/materialegislativa/2022/696/03_-_projeto_de_lei_n_001-2022_-_sipriano_-_18-03.pdf", "ementa": "PROJETO DE LEI N\u00b0 001/2022 - VER. SIPRIANO SOARES: \u201cDisp\u00f5e sobre denomina\u00e7\u00e3o de Lago Ind\u00edgena Xerente a Antiga Lagoa da Cruz e d\u00e1 outras\r\nprovid\u00eancias\u201d."}, {"id": 697, "ano": 2022, "numero": 4, "tipo__sigla": "PLL", "tipo__descricao": "Projeto de Lei do Legislativo", "autoria__autor__nome": "LILI BEN\u00cdCIO", "texto_original": "http://64.23.167.191/sapl/public/materialegislativa/2022/697/04_-_projeto_de_lei_no_001-2022_-_lili_-_18-04.pdf", "ementa": "PROJETO DE LEI N\u00b0 001/2022 - VER. LILI BENICIO: \"INSTITUI A CAMPANHA DE VALORIZA\u00c7\u00c3O DA VIDA DENOMINADA \"SETEMBRO AMARELO\" E O DIA MUNICIPAL DE PREVEN\u00c7\u00c3O AO SUICIDIO NO CALEND\u00c1RIO OFICIAL DO MUNICIPIO DE PEDRO AFONSO, E D\u00c1 OUTRAS PROVID\u00caNCIAS.\""}, {"id": 628, "ano": 2022, "numero": 1, "tipo__sigla": "EMOD", "tipo__descricao": "Emenda Modificativa", "autoria__autor__nome": "LILI BEN\u00cdCIO", "texto_original": "http://64.23.167.191/sapl/public/materialegislativa/2022/628/emenda_no_001-2022.pdf", "ementa": "EMENDA MODIFICATIVA N\u00ba. 01/2022 AO PROJETO DE RESOLU\u00c7\u00c3O N\u00ba. 01/2022 DE 22 DE AGOSTO DE 2022."}]}