{"headers": {"id": "ID", "ano": "Ano", "numero": "N\u00famero", "tipo__sigla": "Tipo de Mat\u00e9ria Legislativa/Sigla", "tipo__descricao": "Tipo de Mat\u00e9ria Legislativa/Descri\u00e7\u00e3o", "autoria__autor__nome": "Autorias/Autor/Nome do Autor", "texto_original": "Texto Original", "ementa": "Ementa"}, "results": [{"id": 543, "ano": 2021, "numero": 1, "tipo__sigla": "IND", "tipo__descricao": "Indica\u00e7\u00e3o", "autoria__autor__nome": "JADER MARIANO", "texto_original": "http://64.23.167.191/sapl/public/materialegislativa/2021/543/01_-_indicacao__002-2021_-_jader_-_08-02-2021.pdf", "ementa": "Indica\u00e7\u00e3o n\u00ba 002/2021 - Ver. Jader Saldanha Mariano: Indica ao Presidente da C\u00e2mara Municipal, que sejam transmitidas as sess\u00f5es desta Casa Leis em tempo real, via r\u00e1dio e lives via internet."}, {"id": 544, "ano": 2021, "numero": 2, "tipo__sigla": "IND", "tipo__descricao": "Indica\u00e7\u00e3o", "autoria__autor__nome": "JADER MARIANO", "texto_original": "http://64.23.167.191/sapl/public/materialegislativa/2021/544/02_-indicacao__003-2021_-_jader_-_09-02-2021.pdf", "ementa": "Indica\u00e7\u00e3o n\u00ba 003/2021 - Ver. Jader Saldanha Mariano: Indica ao Executivo Municipal, atrav\u00e9s da secretaria competente, que crie um centro de castra\u00e7\u00e3o de animais \u2013 C\u00e3es e Gatos."}, {"id": 545, "ano": 2021, "numero": 3, "tipo__sigla": "IND", "tipo__descricao": "Indica\u00e7\u00e3o", "autoria__autor__nome": "JADER MARIANO", "texto_original": "http://64.23.167.191/sapl/public/materialegislativa/2021/545/03_-_indicacao__004-2021_-_jader_-_09-02-2021.pdf", "ementa": "Indica\u00e7\u00e3o n\u00ba 004/2021 - Ver. Jader Saldanha Mariano: Indica ao Executivo Municipal, atrav\u00e9s da secretaria competente, que instale grades de seguran\u00e7a nos parquinhos ao ar livre."}, {"id": 546, "ano": 2021, "numero": 4, "tipo__sigla": "IND", "tipo__descricao": "Indica\u00e7\u00e3o", "autoria__autor__nome": "LILI BEN\u00cdCIO", "texto_original": "http://64.23.167.191/sapl/public/materialegislativa/2021/546/04_-_indicacao_no_001-2021_-_lili_-_11-02.pdf", "ementa": "Indica\u00e7\u00e3o n\u00ba 001/2021 - Ver. Lili Pereira Benicio dos Santos: Disp\u00f5e sobre a regulamenta\u00e7\u00e3o da gratuidade no transporte escolar para alunos de cursos universit\u00e1rios."}, {"id": 547, "ano": 2021, "numero": 5, "tipo__sigla": "IND", "tipo__descricao": "Indica\u00e7\u00e3o", "autoria__autor__nome": "GISLAYSON LACERDA", "texto_original": "http://64.23.167.191/sapl/public/materialegislativa/2021/547/05_-_indicacao__001-2021_-_gislayson_-_12-02-2021.pdf", "ementa": "Indica\u00e7\u00e3o n\u00ba 001/2021 - Ver. Gislayson Lacerda: \u201cIndica ao Prefeito Municipal, atrav\u00e9s da secretaria competente, instala\u00e7\u00e3o de uma sala (creche) para atender as crian\u00e7as do Distrito de Porto Real\u201d."}, {"id": 548, "ano": 2021, "numero": 6, "tipo__sigla": "IND", "tipo__descricao": "Indica\u00e7\u00e3o", "autoria__autor__nome": "GISLAYSON LACERDA", "texto_original": "http://64.23.167.191/sapl/public/materialegislativa/2021/548/06_-_indicacao__002-2021_-_gislayson_-_12-02-2021.pdf", "ementa": "Indica\u00e7\u00e3o n\u00ba 002/2021 - Ver. Gislayson Lacerda: \u201cIndica ao Prefeito Municipal, atrav\u00e9s da secretaria de sa\u00fade, que disponibilize m\u00e9dico pediatra no postinho de sa\u00fade do setor Aeroporto II\u201d."}, {"id": 549, "ano": 2021, "numero": 7, "tipo__sigla": "IND", "tipo__descricao": "Indica\u00e7\u00e3o", "autoria__autor__nome": "MARQUIM CATABRIGA", "texto_original": "http://64.23.167.191/sapl/public/materialegislativa/2021/549/07_-_indicacao_02_-_academia_da_saude_setor_aeroporto_ii_-_marquim_-_19-02.pdf", "ementa": "Indica\u00e7\u00e3o n\u00ba 002/2021 - Ver. Marquim Catabriga: \u201cINDICA AO CHEFE DO PODER EXECUTIVO MUNICIPAL, A CONSTRU\u00c7\u00c3O DE UMA ACADEMIA DA SA\u00daDE (AR LIVRE) NO SETOR AEROPORTO II\u201d."}, {"id": 550, "ano": 2021, "numero": 8, "tipo__sigla": "IND", "tipo__descricao": "Indica\u00e7\u00e3o", "autoria__autor__nome": "BRENO ALVES", "texto_original": "http://64.23.167.191/sapl/public/materialegislativa/2021/550/08_-_indicacao_no_001-2021_-_breno_-_19-02-2021.pdf", "ementa": "Indica\u00e7\u00e3o n\u00ba 001/2021 - Ver. Breno Alves: \u201cINDICA AO CHEFE DO PODER EXECUTIVO MUNICIPAL, O ENVIO DE PROJETO DE LEI QUE INSTITUA A\r\nVERBA INDENIZAT\u00d3RIA EXTRAORDIN\u00c1RIA DE COMBATE AO COVID19\u201d."}, {"id": 551, "ano": 2021, "numero": 9, "tipo__sigla": "IND", "tipo__descricao": "Indica\u00e7\u00e3o", "autoria__autor__nome": "BRENO ALVES", "texto_original": "http://64.23.167.191/sapl/public/materialegislativa/2021/551/09_-_indicacao_no_002-2021_-_breno_-_19-02-2021.pdf", "ementa": "Indica\u00e7\u00e3o n\u00ba 002/2021 - Ver. Breno Alves: \u201cINDICA AO CHEFE DO PODER EXECUTIVO MUNICIPAL, O ENVIO DE PROJETO DE LEI QUE INSTITUA\r\nACERCA DA DISPONIBILIZA\u00c7\u00c3O DE TRANSPORTE INTERMUNICIPAL GRATUITO AOS ALUNOS UNIVERSIT\u00c1RIOS RESIDENTES NESTE MUNIC\u00cdPIO\u201d."}, {"id": 552, "ano": 2021, "numero": 10, "tipo__sigla": "IND", "tipo__descricao": "Indica\u00e7\u00e3o", "autoria__autor__nome": "JADER MARIANO", "texto_original": "http://64.23.167.191/sapl/public/materialegislativa/2021/552/10_-_indicacao__005-2021_-_jader_-_22-02-2021.pdf", "ementa": "Indica\u00e7\u00e3o n\u00ba 005/2021 - Ver. Jader Mariano: Indica ao Executivo Municipal, atrav\u00e9s do SISAPA, que adquira um filtro de tratamento de \u00c1gua para\r\nAgrovila (Bom Tempo)."}, {"id": 553, "ano": 2021, "numero": 11, "tipo__sigla": "IND", "tipo__descricao": "Indica\u00e7\u00e3o", "autoria__autor__nome": "GISLAYSON LACERDA", "texto_original": "http://64.23.167.191/sapl/public/materialegislativa/2021/553/11_-_indicacao__003-2021_-_gislayson_-_23-02-2021.pdf", "ementa": "Indica\u00e7\u00e3o n\u00ba 003/2021 - Ver. Gislayson Lacerda: \u201cIndica ao poder executivo Municipal, que fa\u00e7a gest\u00e3o junto \u00e1 secretaria de Esportes, que construa um pequeno vesti\u00e1rio com um bebedouro e dois banheiros, e fa\u00e7a a cobertura de tela sobre o campo society Domingos Santana de Oliveira (Pingo)."}, {"id": 554, "ano": 2021, "numero": 12, "tipo__sigla": "IND", "tipo__descricao": "Indica\u00e7\u00e3o", "autoria__autor__nome": "MIRLEYSON SOARES", "texto_original": "http://64.23.167.191/sapl/public/materialegislativa/2021/554/12_-_indicacao_001-2021_-_mirleyson_-_23-02.pdf", "ementa": "Indica\u00e7\u00e3o n\u00ba 001/2021 - Ver. Mirleyson Soares: Indica ao Prefeito Municipal, que entregue os t\u00edtulos de regulariza\u00e7\u00e3o fundi\u00e1ria do setor Aeroporto II e dos demais setores."}, {"id": 555, "ano": 2021, "numero": 13, "tipo__sigla": "IND", "tipo__descricao": "Indica\u00e7\u00e3o", "autoria__autor__nome": "JADER MARIANO", "texto_original": "http://64.23.167.191/sapl/public/materialegislativa/2021/555/13_-_indicacao__006-2021_-_jader_-_02-03-2021.pdf", "ementa": "Indica\u00e7\u00e3o n\u00ba 006/2021 - Ver. Jader Mariano: Indica ao Executivo Municipal, atrav\u00e9s da secretaria competente, que ofere\u00e7a avalia\u00e7\u00e3o oftalmol\u00f3gica\r\ne o fornecimento de \u00f3culos para os alunos do ensino fundamental, Centros Municipais de Educa\u00e7\u00e3o Infantil \u2013 CMEIs da Rede Municipal em \u00e2mbito Municipal."}, {"id": 556, "ano": 2021, "numero": 14, "tipo__sigla": "IND", "tipo__descricao": "Indica\u00e7\u00e3o", "autoria__autor__nome": "JADER MARIANO", "texto_original": "http://64.23.167.191/sapl/public/materialegislativa/2021/556/14_-_indicacao__007-2021_-_jader_-_02-03-2021.pdf", "ementa": "Indica\u00e7\u00e3o n\u00ba 007/2021 - Ver. Jader Mariano: Indica ao Executivo Municipal, atrav\u00e9s da secretaria competente, que crie programa de identifica\u00e7\u00e3o\r\nde transtornos de aprendizagem TDAH (Transtorno de D\u00e9ficit de Aten\u00e7\u00e3o com Hiperatividade) para estudantes da rede p\u00fablica municipal de ensino."}, {"id": 557, "ano": 2021, "numero": 15, "tipo__sigla": "IND", "tipo__descricao": "Indica\u00e7\u00e3o", "autoria__autor__nome": "MARQUIM CATABRIGA", "texto_original": "http://64.23.167.191/sapl/public/materialegislativa/2021/557/15_-_indicacao_03_-_aumento_de_contigenciamento_da_policia_militar_-_custeio_do_municipio_-_marquim_-_02-03.pdf", "ementa": "Indica\u00e7\u00e3o n\u00ba 003/2021 - Ver. Marquim Catabriga: \u201cINDICA AO CHEFE DO PODER EXECUTIVO MUNICIPAL, QUE SEJA FIRMADO UM CONV\u00caNIO ENTRE O MUNIC\u00cdPIO E A POL\u00cdCIA MILITAR, OBJETIVANDO A EXECU\u00c7\u00c3O/AMPLIA\u00c7\u00c3O DAS ATIVIDADES DE POLICIAMENTO\u201d."}, {"id": 558, "ano": 2021, "numero": 16, "tipo__sigla": "IND", "tipo__descricao": "Indica\u00e7\u00e3o", "autoria__autor__nome": "MARQUIM CATABRIGA", "texto_original": "http://64.23.167.191/sapl/public/materialegislativa/2021/558/16_-_indicacao_04_-_adquirir_uma_rocadeira_hidraulica_articulada_-_marquim_-_08-03.pdf", "ementa": "Indica\u00e7\u00e3o n\u00ba 004/2021 - Ver. Marquim Catabriga: \u201cINDICA AO CHEFE DO PODER EXECUTIVO MUNICIPAL, QUE SEJA ADQUIRIDA UMA RO\u00c7ADEIRA\r\nHIDRAULICA ARTICULADA\u201d."}, {"id": 559, "ano": 2021, "numero": 17, "tipo__sigla": "IND", "tipo__descricao": "Indica\u00e7\u00e3o", "autoria__autor__nome": "MARQUIM CATABRIGA", "texto_original": "http://64.23.167.191/sapl/public/materialegislativa/2021/559/17_-_indicacao_005-_construcao_de_quiosque_parquinho_e_academia_na_praca_da_ugreja_matriz_-_marquim_-_09-03.pdf", "ementa": "INDICA\u00c7\u00c3O N\u00ba 005/2021 - VER. MARQUIM CATABRIGA: \u201cINDICA AO CHEFE DO PODER EXECUTIVO MUNICIPAL, QUE CONSTRUA UM QUIOSQUE, UM PARQUINHO PARA CRIAN\u00c7AS E UMA ACADEMIA DA SA\u00daDE (AR LIVRE), NA PRA\u00c7A DA IGREJA MATRIZ\u201d."}, {"id": 560, "ano": 2021, "numero": 18, "tipo__sigla": "IND", "tipo__descricao": "Indica\u00e7\u00e3o", "autoria__autor__nome": "BRENO ALVES", "texto_original": "http://64.23.167.191/sapl/public/materialegislativa/2021/560/18_-_indicacao_no_003-2021_-_breno_-_11-03-2021.pdf", "ementa": "INDICA\u00c7\u00c3O N\u00ba 003/2021 - VER. BRENO ALVES: \u201cINDICA AO CHEFE DO PODER EXECUTIVO MUNICIPAL, O ENVIO DE PROJETO DE LEI QUE AUTORIZE  COMPRA DE VACINAS CONTRA A COVID-19\u201d."}, {"id": 561, "ano": 2021, "numero": 19, "tipo__sigla": "IND", "tipo__descricao": "Indica\u00e7\u00e3o", "autoria__autor__nome": "MARQUIM CATABRIGA", "texto_original": "http://64.23.167.191/sapl/public/materialegislativa/2021/561/19_-_indicacao_006_-_inclusao_dos_farmaceuticos_e_seus_funcionarios_no_plano_de_imunizacao_-_marquim_-_15-03.pdf", "ementa": "INDICA\u00c7\u00c3O N\u00ba 006/2021 - VER. MARQUIM CATABRIGA: \u201cINDICA AO CHEFE DO PODER EXECUTIVO MUNICIPAL, A INCLUS\u00c3O DE FARMAC\u00caUTICOS, T\u00c9CNICOS EM FARM\u00c1CIA E DEMAIS EMPREGADOS DAS EMPRESAS FARMAC\u00caUTICAS, NO PLANO MUNICIPAL DE VACINA\u00c7\u00c3O CONTRA A\r\nCOVID-19\u201d."}, {"id": 562, "ano": 2021, "numero": 20, "tipo__sigla": "IND", "tipo__descricao": "Indica\u00e7\u00e3o", "autoria__autor__nome": "MARQUIM CATABRIGA", "texto_original": "http://64.23.167.191/sapl/public/materialegislativa/2021/562/20_-_indicacao_n_007-2021_-_marquim_-_29-03.pdf", "ementa": "INDICA\u00c7\u00c3O N\u00ba 007/2021 - VER. MARQUIM CATABRIGA: \u201cINDICA AO CHEFE DO PODER EXECUTIVO MUNICIPAL, O ENVIO DE PROJETO DE LEI QUE DISPONHA SOBRE A INSTALA\u00c7\u00c3O EM PRA\u00c7AS E PARQUES P\u00daBLICOS DE BRINQUEDOS ADAPTADOS E EQUIPAMENTOS ESPECIALMENTE\r\nDESENVOLVIDOS PARA LAZER E RECREA\u00c7\u00c3O DE CRIAN\u00c7AS COM MOBILIDADE REDUZIDA E NECESSIDADES ESPECIAIS\u201d."}, {"id": 563, "ano": 2021, "numero": 21, "tipo__sigla": "IND", "tipo__descricao": "Indica\u00e7\u00e3o", "autoria__autor__nome": "BRENO ALVES", "texto_original": "http://64.23.167.191/sapl/public/materialegislativa/2021/563/21_-_indicacao_no_004-2021_-_breno_-_06-04-2021.pdf", "ementa": "INDICA\u00c7\u00c3O N\u00ba 004/2021 - VER. BRENO ALVES: \u201cIndica ao Poder Executivo Municipal, que envie Projeto de Lei para esta casa Legislativa autorizando\r\nvacina\u00e7\u00e3o dos cartor\u00e1rios de Pedro Afonso \u2013 TO, contra a covid-19."}, {"id": 564, "ano": 2021, "numero": 22, "tipo__sigla": "IND", "tipo__descricao": "Indica\u00e7\u00e3o", "autoria__autor__nome": "GISLAYSON LACERDA", "texto_original": "http://64.23.167.191/sapl/public/materialegislativa/2021/564/22_-_indicacao__004-2021_-_gislayson_-_26-04-2021.pdf", "ementa": "INDICA\u00c7\u00c3O N\u00ba 004/2021 - VER. GISLAYSON LACERDA: \u201cIndica ao poder executivo Municipal, que fa\u00e7a gest\u00e3o junto \u00e1 secretaria competente, que fa\u00e7a uma academia ao ar livre no distrito de Porte Real."}, {"id": 565, "ano": 2021, "numero": 23, "tipo__sigla": "IND", "tipo__descricao": "Indica\u00e7\u00e3o", "autoria__autor__nome": "MARQUIM CATABRIGA", "texto_original": "http://64.23.167.191/sapl/public/materialegislativa/2021/565/23_-_indicacao_n_008-2021_-_marquim_-_08-05.pdf", "ementa": "INDICA\u00c7\u00c3O N\u00ba 008/2021 - VER. MARQUIM CATABRIGA: \u201cINDICA AO CHEFE DO PODER EXECUTIVO MUNICIPAL, A CONTRATA\u00c7\u00c3O DE PESSOA\r\nCAPACITADA PARA ACOMPANHAR ENFERMOS NAS SESS\u00d5ES DE HEMODI\u00c1LISE REALIZADAS EM OUTRO MUNIC\u00cdPIO\u201d."}, {"id": 566, "ano": 2021, "numero": 24, "tipo__sigla": "IND", "tipo__descricao": "Indica\u00e7\u00e3o", "autoria__autor__nome": "JADER MARIANO", "texto_original": "http://64.23.167.191/sapl/public/materialegislativa/2021/566/24_-_indicacao__008-2021_-_jader_-_10-05-2021.pdf", "ementa": "INDICA\u00c7\u00c3O N\u00ba 008/2021 - VER. JADER MARIANO: Indica ao Executivo Municipal, atrav\u00e9s da secretaria competente, a constru\u00e7\u00e3o de uma pista de cavalos (prado) para atender o anseio dos praticantes do esporte, e d\u00e1 outras provid\u00eancias."}, {"id": 567, "ano": 2021, "numero": 25, "tipo__sigla": "IND", "tipo__descricao": "Indica\u00e7\u00e3o", "autoria__autor__nome": "BRENO ALVES", "texto_original": "http://64.23.167.191/sapl/public/materialegislativa/2021/567/25_-_indicacao_no_005-2021_-_breno_-_18-05-2021.pdf", "ementa": "INDICA\u00c7\u00c3O N\u00ba 005/2021 - VER. BRENO ALVES: \u201cINDICA AO CHEFE DO PODER EXECUTIVO MUNICIPAL QUE INCLUA AS LACTANTES NO GRUPO PRIORIT\u00c1RIO DE VACINA\u00c7\u00c3O CONTRA A COVID-19\u201d."}, {"id": 568, "ano": 2021, "numero": 26, "tipo__sigla": "IND", "tipo__descricao": "Indica\u00e7\u00e3o", "autoria__autor__nome": "SIPRIANO SOARES", "texto_original": "http://64.23.167.191/sapl/public/materialegislativa/2021/568/26_-_indicacao_no_001-2021_-_sipriano_-_24-05.pdf", "ementa": "INDICA\u00c7\u00c3O N\u00ba 001/2021 - VER. SIPRIANO SOARES: \u201cIndica ao Prefeito municipal, que fa\u00e7a gest\u00e3o junto \u00e1 secretaria de Infraestrutura, o encascalhamento da \u00e1reas que ainda n\u00e3o foram encascalhadas no Setor Aeroporto II."}, {"id": 569, "ano": 2021, "numero": 27, "tipo__sigla": "IND", "tipo__descricao": "Indica\u00e7\u00e3o", "autoria__autor__nome": "SIPRIANO SOARES", "texto_original": "http://64.23.167.191/sapl/public/materialegislativa/2021/569/27_-_indicacao_no_002-2021_-_sipriano_-_24-05.pdf", "ementa": "INDICA\u00c7\u00c3O N\u00ba 002/2021 - VER. SIPRIANO SOARES: \u201cIndica ao Prefeito municipal, atrav\u00e9s da secretaria de Infraestrutura, que fa\u00e7a quatro quebra-molas na antiga TO-010, come\u00e7ando no Benfica paralela \u00e0 pra\u00e7a Raimunda Cavalcante."}, {"id": 570, "ano": 2021, "numero": 28, "tipo__sigla": "IND", "tipo__descricao": "Indica\u00e7\u00e3o", "autoria__autor__nome": "BRENO ALVES", "texto_original": "http://64.23.167.191/sapl/public/materialegislativa/2021/570/28_-_indicacao_no_006-2021_-_breno_-_10-06-2021.pdf", "ementa": "INDICA\u00c7\u00c3O N\u00ba 006/2021 - VER. BRENO ALVES: \u201cIndica ao Poder Executivo Municipal, atrav\u00e9s da secretaria competente, que equipare o sal\u00e1rio dos\r\nmotoristas de maquinas pesadas do Munic\u00edpio."}, {"id": 571, "ano": 2021, "numero": 29, "tipo__sigla": "IND", "tipo__descricao": "Indica\u00e7\u00e3o", "autoria__autor__nome": "JADER MARIANO", "texto_original": "http://64.23.167.191/sapl/public/materialegislativa/2021/571/29_-_indicacao__009-2021_-_jader_-_13-08-2021.pdf", "ementa": "INDICA\u00c7\u00c3O N\u00ba 009/2021 - VER. JADER MARIANO: Indica ao Executivo Municipal, atrav\u00e9s da secretaria competente, a constru\u00e7\u00e3o de uma subesta\u00e7\u00e3o de tratamento de \u00e1gua no setor aeroporto II."}, {"id": 572, "ano": 2021, "numero": 30, "tipo__sigla": "IND", "tipo__descricao": "Indica\u00e7\u00e3o", "autoria__autor__nome": "JADER MARIANO", "texto_original": "http://64.23.167.191/sapl/public/materialegislativa/2021/572/30_-_indicacao__010-2021_-_jader_-_13-08-2021.pdf", "ementa": "INDICA\u00c7\u00c3O N\u00ba 010/2021 - VER. JADER MARIANO: Indica ao Executivo Municipal, atrav\u00e9s da secretaria competente, que instale internet gratuita nos\r\ndistritos de Agrovila (Bom Tempo), Vila Mata Verde e Anajanopolis (Porto Real)."}, {"id": 573, "ano": 2021, "numero": 31, "tipo__sigla": "IND", "tipo__descricao": "Indica\u00e7\u00e3o", "autoria__autor__nome": "JADER MARIANO", "texto_original": "http://64.23.167.191/sapl/public/materialegislativa/2021/573/31_-_indicacao__011-2021_-_jader_-_17-08-2021.pdf", "ementa": "INDICA\u00c7\u00c3O N\u00ba 011/2021 - VER. JADER MARIANO: Indica ao Executivo Municipal, atrav\u00e9s da secretaria competente, que institua o programa internet\r\ngratuita aos alunos matriculados na rede municipal de ensino e d\u00e1 outras provid\u00eancias."}, {"id": 574, "ano": 2021, "numero": 32, "tipo__sigla": "IND", "tipo__descricao": "Indica\u00e7\u00e3o", "autoria__autor__nome": "MARQUIM CATABRIGA", "texto_original": "http://64.23.167.191/sapl/public/materialegislativa/2021/574/32_-_indicacao_009_-_2021_-_marquim_-_18-08.pdf", "ementa": "INDICA\u00c7\u00c3O N\u00ba 009/2021 - VER. MARQUIM CATABRIGA: \u201cINDICA AO CHEFE DO PODER EXECUTIVO MUNICIPAL, QUE VENHA INSTITUIR UM PROGRAMA PARA TRATAMENTO CONTRA A DEPRESS\u00c3O INFANTIL E NA ADOLESC\u00caNCIA NAS UNIDADES B\u00c1SICAS DE SA\u00daDE \u2013 UBS NO\r\nMUNIC\u00cdPIO DE PEDRO AFONSO\u201d."}, {"id": 575, "ano": 2021, "numero": 33, "tipo__sigla": "IND", "tipo__descricao": "Indica\u00e7\u00e3o", "autoria__autor__nome": "MARQUIM CATABRIGA", "texto_original": "http://64.23.167.191/sapl/public/materialegislativa/2021/575/33_-_indicacao_010_-_2021_-_marquim_-_18-08.pdf", "ementa": "INDICA\u00c7\u00c3O N\u00ba 010/2021 - VER. MARQUIM CATABRIGA: \u201cINDICA AO CHEFE DO PODER EXECUTIVO MUNICIPAL, QUE VENHA INSTITUIR UM PROGRAMA DE A\u00c7\u00d5ES PREVENTIVAS \u00c0 DEPRESS\u00c3O E AO SUIC\u00cdDIO ENTRE CRIAN\u00c7AS E ADOLESCENTES NA REDE MUNICIPAL DE ENSINO\u201d."}, {"id": 576, "ano": 2021, "numero": 34, "tipo__sigla": "IND", "tipo__descricao": "Indica\u00e7\u00e3o", "autoria__autor__nome": "LILI BEN\u00cdCIO", "texto_original": "http://64.23.167.191/sapl/public/materialegislativa/2021/576/34_-_indicacao_no_002-2021_-_lili_-_15-09.pdf", "ementa": "INDICA\u00c7\u00c3O N\u00ba 002/2021 - VER. LILI BENICIO: \u201cIndica Ao Chefe do Executivo Municipal, para tornar a can\u00e7\u00e3o \"Ber\u00e7o Amado\", como hino oficial do munic\u00edpio de Pedro Afonso\"."}, {"id": 577, "ano": 2021, "numero": 35, "tipo__sigla": "IND", "tipo__descricao": "Indica\u00e7\u00e3o", "autoria__autor__nome": "LILI BEN\u00cdCIO", "texto_original": "http://64.23.167.191/sapl/public/materialegislativa/2021/577/35_-_indicacao_no_003-2021_-_lili_-_06-10.pdf", "ementa": "INDICA\u00c7\u00c3O N\u00ba 003/2021 - VER. LILI BENICIO: \u201cIndica Ao Chefe do Executivo Municipal, instituir o Programa \u201cSa\u00fade na Hora\"."}, {"id": 578, "ano": 2021, "numero": 36, "tipo__sigla": "IND", "tipo__descricao": "Indica\u00e7\u00e3o", "autoria__autor__nome": "BRENO ALVES", "texto_original": "http://64.23.167.191/sapl/public/materialegislativa/2021/578/36_-_indicacao_no_007-2021_-_breno_-_19-10-2021.pdf", "ementa": "INDICA\u00c7\u00c3O N\u00ba 007/2021 - VER. BRENO ALVES: \u201cINDICA AO CHEFE DO PODER EXECUTIVO MUNICIPAL, A CONCEDER D\u00c9CIMO QUARTO SAL\u00c1RIO AOS SERVIDORES LOTADOS NA DIVIS\u00c3O DO FUNDEB, EM EFETIVO EXERC\u00cdCIO DAS FUN\u00c7\u00d5ES DE MAGIST\u00c9RIO, PROVENIENTE DA SOBRA DE RECURSOS NO FUNDO DE MANUTEN\u00c7\u00c3O E DESENVOLVIMENTO DO ENSINO FUNDAMENTAL E DE VALORIZA\u00c7\u00c3O DO MAGIST\u00c9RIO - FUNDEB\u201d."}, {"id": 579, "ano": 2021, "numero": 37, "tipo__sigla": "IND", "tipo__descricao": "Indica\u00e7\u00e3o", "autoria__autor__nome": "JOILSON BOCA PRETA", "texto_original": "http://64.23.167.191/sapl/public/materialegislativa/2021/579/37_-_indicacao_01-2021_-_joilson_-_03-11.pdf", "ementa": "INDICA\u00c7\u00c3O N\u00ba 001/2021 - VER. JOILSON OLIVEIRA: Indica ao Chefe do Executivo Municipal junto a secretaria competente, que construa uma\r\ncreche no setor Canavieiras."}, {"id": 580, "ano": 2021, "numero": 38, "tipo__sigla": "IND", "tipo__descricao": "Indica\u00e7\u00e3o", "autoria__autor__nome": "MARQUIM CATABRIGA", "texto_original": "http://64.23.167.191/sapl/public/materialegislativa/2021/580/38_-_indicacao_011_-_2021_-_indica_ao_chefe_do_poder_executivo_municipal_que_seja_feita_a_aquisicao_de_um_caminhao_limpa_fossa_-_marquim_-_04-11.pdf", "ementa": "INDICA\u00c7\u00c3O N\u00ba 011/2021 - VER. MARQUIM CATABRIGA: \u201cINDICA AO CHEFE DO PODER EXECUTIVO MUNICIPAL QUE SEJA FEITA \u00c0 AQUISI\u00c7\u00c3O DE UM CAMINH\u00c3O LIMPA FOSSA PARA ATENDIMENTO DA DEMANDA DO MUNIC\u00cdPIO DE PEDRO AFONSO\u201d."}, {"id": 581, "ano": 2021, "numero": 39, "tipo__sigla": "IND", "tipo__descricao": "Indica\u00e7\u00e3o", "autoria__autor__nome": "GISLAYSON LACERDA", "texto_original": "http://64.23.167.191/sapl/public/materialegislativa/2021/581/39_-_indicacao__005-2021_-_gislayson_-_16-11-2021.pdf", "ementa": "INDICA\u00c7\u00c3O N\u00ba 005/2021 - VER. GISLAYSON LACERDA: \u201cIndica ao Chefe do Poder Executivo, o envio de Projeto de Lei, autorizando o repasse\r\ndo incentivo financeiro adicional aos Agentes Comunit\u00e1rios de Sa\u00fade (ACS) e aos Agentes de combates as Endemias (ACE) e d\u00e1 outras provid\u00eancias\u201d"}, {"id": 582, "ano": 2021, "numero": 40, "tipo__sigla": "IND", "tipo__descricao": "Indica\u00e7\u00e3o", "autoria__autor__nome": "MARQUIM CATABRIGA", "texto_original": "http://64.23.167.191/sapl/public/materialegislativa/2021/582/40_-_indicacao_n_012-2021_-_marquim_-_23-11.pdf", "ementa": "INDICA\u00c7\u00c3O N\u00ba 012/2021 - VER. MARQUIM CATABRIGA: \u201cINDICA AO CHEFE DO PODER EXECUTIVO MUNICIPAL QUE FA\u00c7A UMA PRA\u00c7A COM CAL\u00c7AD\u00c3O AO REDOR DA QUADRA-POLIESPORTIVA DO SETOR ANT\u00d4NIO JOAQUIM PIRES MARTINS FILHO \u2013 PORTELINHA\u201d."}, {"id": 583, "ano": 2021, "numero": 41, "tipo__sigla": "IND", "tipo__descricao": "Indica\u00e7\u00e3o", "autoria__autor__nome": "BRENO ALVES", "texto_original": "http://64.23.167.191/sapl/public/materialegislativa/2021/583/41_-_indicacao_no_008-2021_-_breno_-_07-12-2021.pdf", "ementa": "INDICA\u00c7\u00c3O N\u00ba 008/2021 - VER. BRENO ALVES: \u201cINDICA AO CHEFE DO PODER EXECUTIVO MUNICIPAL, O AUMENTO DAS DIARIAS DOS SERVIDORES MUNICIPAIS\u201d."}, {"id": 234, "ano": 2021, "numero": 2, "tipo__sigla": "REQ", "tipo__descricao": "Requerimentos - Ver. Lili Ben\u00edcio", "autoria__autor__nome": "LILI BEN\u00cdCIO", "texto_original": "http://64.23.167.191/sapl/public/materialegislativa/2021/234/requerimento_002-2021.pdf", "ementa": "Requer ao Chefe do Executivo Municipal, o cumprimento da Lei Municipal n\u00ba 130/2010, objetivando disposi\u00e7\u00e3o de \u201cCapela de Vel\u00f3rio\u201d no \u00e2mbito do\r\nmunic\u00edpio de Pedro Afonso."}, {"id": 235, "ano": 2021, "numero": 4, "tipo__sigla": "REQ", "tipo__descricao": "Requerimentos - Ver. Lili Ben\u00edcio", "autoria__autor__nome": "LILI BEN\u00cdCIO", "texto_original": "http://64.23.167.191/sapl/public/materialegislativa/2021/235/requerimento_004-2021.pdf", "ementa": "Requer seja efetuado revitaliza\u00e7\u00e3o e manuten\u00e7\u00e3o em logradouro p\u00fablico."}, {"id": 236, "ano": 2021, "numero": 5, "tipo__sigla": "REQ", "tipo__descricao": "Requerimentos - Ver. Lili Ben\u00edcio", "autoria__autor__nome": "LILI BEN\u00cdCIO", "texto_original": "http://64.23.167.191/sapl/public/materialegislativa/2021/236/requerimento_005-2021.pdf", "ementa": "\u201cRequer Ao Chefe do Executivo Municipal, Atualiza\u00e7\u00e3o cadastral junto ao Renapsi \"."}, {"id": 237, "ano": 2021, "numero": 1, "tipo__sigla": "REQ", "tipo__descricao": "Requerimentos - Ver. Marquim Catabriga", "autoria__autor__nome": "MARQUIM CATABRIGA", "texto_original": "http://64.23.167.191/sapl/public/materialegislativa/2021/237/requerimento_001-2021.pdf", "ementa": "Requer ao Prefeito Municipal a revitaliza\u00e7\u00e3o e recupera\u00e7\u00e3o das estradas vicinais da zona rural do Munic\u00edpio de Pedro Afonso \u2013TO."}, {"id": 238, "ano": 2021, "numero": 2, "tipo__sigla": "REQ", "tipo__descricao": "Requerimentos - Ver. Marquim Catabriga", "autoria__autor__nome": "MARQUIM CATABRIGA", "texto_original": "http://64.23.167.191/sapl/public/materialegislativa/2021/238/requerimento_002-2021_construcao_do_quebra-molas_rua_balduino_pereira_da_costa.pdf", "ementa": "REQUER AO PREFEITO QUE CONSTRUA UM QUEBRA-MOLAS NA RUA BALDUINO PEREIRA DA COSTA."}, {"id": 239, "ano": 2021, "numero": 3, "tipo__sigla": "REQ", "tipo__descricao": "Requerimentos - Ver. Marquim Catabriga", "autoria__autor__nome": "MARQUIM CATABRIGA", "texto_original": "http://64.23.167.191/sapl/public/materialegislativa/2021/239/requerimento_003-2021_restauracao_dos_parquinhos_de_brinquedos_da_praca_santo_afonso_e_praca_serapiao.pdf", "ementa": "REQUER AO PREFEITO MUNICIPAL  QUE RESTAURE OS BRINQUEDOS DOS PARQUINHOS DAS PRA\u00c7AS MUNICIPAIS SANTO AFONSO E SERAPI\u00c3O."}, {"id": 240, "ano": 2021, "numero": 4, "tipo__sigla": "REQ", "tipo__descricao": "Requerimentos - Ver. Marquim Catabriga", "autoria__autor__nome": "MARQUIM CATABRIGA", "texto_original": "http://64.23.167.191/sapl/public/materialegislativa/2021/240/requerimento_004-2021_que_sinalize_ruas_e_avenidas_da_cidade.pdf", "ementa": "REQUER AO PREFEITO MUNICIPAL QUE SINALIZE RUAS E AVENIDAS DA CIDADE."}, {"id": 241, "ano": 2021, "numero": 5, "tipo__sigla": "REQ", "tipo__descricao": "Requerimentos - Ver. Marquim Catabriga", "autoria__autor__nome": "MARQUIM CATABRIGA", "texto_original": "http://64.23.167.191/sapl/public/materialegislativa/2021/241/requerimento_005-2021_acesso_ao_hrpa.pdf", "ementa": "REQUER AO PREFEITO MUNICIPAL QUE FA\u00c7A A REABERTURA DA ENTRADA QUE LIGA A RUA 14 A RUA CONST\u00c2NCIO GOMES, QUE DA ACESSO AO HRPA."}, {"id": 242, "ano": 2021, "numero": 6, "tipo__sigla": "REQ", "tipo__descricao": "Requerimentos - Ver. Marquim Catabriga", "autoria__autor__nome": "MARQUIM CATABRIGA", "texto_original": "http://64.23.167.191/sapl/public/materialegislativa/2021/242/requerimento_006_-_2021_inicio_das_aulas_na_creche_maranatha.pdf", "ementa": "REQUER AO PREFEITO MUNICIPAL QUE POSSA DAR INICIO AS AULAS NA CRECHE MARANATHA NO SETOR AEROPORTO II."}, {"id": 243, "ano": 2021, "numero": 7, "tipo__sigla": "REQ", "tipo__descricao": "Requerimentos - Ver. Marquim Catabriga", "autoria__autor__nome": "MARQUIM CATABRIGA", "texto_original": "http://64.23.167.191/sapl/public/materialegislativa/2021/243/requerimento_007-2021_construcao_do_quebra-molas_rua_da_liberdade.pdf", "ementa": "REQUER AO PREFEITO MUNICIPAL QUE CONSTRUA DOIS QUEBRA-MOLAS NA RUA DA LIBERDADE."}, {"id": 244, "ano": 2021, "numero": 8, "tipo__sigla": "REQ", "tipo__descricao": "Requerimentos - Ver. Marquim Catabriga", "autoria__autor__nome": "MARQUIM CATABRIGA", "texto_original": "http://64.23.167.191/sapl/public/materialegislativa/2021/244/requerimento_008-2021_reposicao_de_lampadas_na_av._h_perto_da_focus_academia..pdf", "ementa": "REQUER AO PREFEITO MUNICIPAL  QUE FA\u00c7A A REPOSI\u00c7\u00c3O DE LAMPADAS PARA ILUMINA\u00c7\u00c3O P\u00daBLICA DA AV. H."}, {"id": 245, "ano": 2021, "numero": 9, "tipo__sigla": "REQ", "tipo__descricao": "Requerimentos - Ver. Marquim Catabriga", "autoria__autor__nome": "MARQUIM CATABRIGA", "texto_original": "http://64.23.167.191/sapl/public/materialegislativa/2021/245/requerimento_009-2021_a_continuacao_da_construcao_calcadas_em_pedro_afonso.pdf", "ementa": "REQUER AO PREFEITO MUNICIPAL QUE CONTINUE A CONSTRU\u00c7\u00c3O DE CAL\u00c7ADAS EM NOSSA CIDADE."}, {"id": 246, "ano": 2021, "numero": 10, "tipo__sigla": "REQ", "tipo__descricao": "Requerimentos - Ver. Marquim Catabriga", "autoria__autor__nome": "MARQUIM CATABRIGA", "texto_original": "http://64.23.167.191/sapl/public/materialegislativa/2021/246/requerimento_010-2021_escascalhamento_da_rua_constancio_gomes_entre_coapa_e_benfica.pdf", "ementa": "REQUER AO PREFEITO MUNICIPAL QUE FA\u00c7A O ENCASCALHAMENTO NO PEQUENO TRECHO DA RUA CONST\u00c2NCIA GOMES ENTRE A COAPA E O BENFICA PALACE HOTEL QUE FOI ABERTO PARA COLOCAR MANILHAS."}, {"id": 247, "ano": 2021, "numero": 11, "tipo__sigla": "REQ", "tipo__descricao": "Requerimentos - Ver. Marquim Catabriga", "autoria__autor__nome": "MARQUIM CATABRIGA", "texto_original": "http://64.23.167.191/sapl/public/materialegislativa/2021/247/requerimento_011-2021_reposicao_de_lampadas_na_rua_constancio_gomes_perto_do_lava_jato_do_baixinho..pdf", "ementa": "REQUER AO PREFEITO MUNICIPAL  QUE FA\u00c7A A REPOSI\u00c7\u00c3O DE LAMPADAS PARA ILUMINA\u00c7\u00c3O P\u00daBLICA DA RUA CONST\u00c2NCIO GOMES, ENTRE A ESCOLA ESTADUAL ANA AMORIM E A PRA\u00c7A AO LADO DO FAROL BAR E RESTAURANTE."}, {"id": 248, "ano": 2021, "numero": 12, "tipo__sigla": "REQ", "tipo__descricao": "Requerimentos - Ver. Marquim Catabriga", "autoria__autor__nome": "MARQUIM CATABRIGA", "texto_original": "http://64.23.167.191/sapl/public/materialegislativa/2021/248/requerimento_012-2021_limpeza_de_lotes_e_terrenos_na_agrovila_e_vila_mata_verde.pdf", "ementa": "REQUER AO PREFEITO MUNICIPAL QUE FA\u00c7A A LIMPEZA DOS LOTES E TERRENOS BALDIOS NA SEDE DO POVOADO DA AGROVILA BOM TEMPO E POVOADO DA VILA MATA VERDE."}, {"id": 249, "ano": 2021, "numero": 13, "tipo__sigla": "REQ", "tipo__descricao": "Requerimentos - Ver. Marquim Catabriga", "autoria__autor__nome": "MARQUIM CATABRIGA", "texto_original": "http://64.23.167.191/sapl/public/materialegislativa/2021/249/requerimento_013-2021_destinacao_de_ubs_para_atendimento_de_covid_19.pdf", "ementa": "REQUER AO PREFEITO MUNICIPAL QUE DESTINE EXCLUSIVAMENTE UMA DAS UBS DO MUNIC\u00cdPIO PARA ATENDIMENTO AOS PACIENTES COM SINTOMAS GRIPAIS, SUSPEITO OU POSITIVOS DE COVID-19."}, {"id": 250, "ano": 2021, "numero": 15, "tipo__sigla": "REQ", "tipo__descricao": "Requerimentos - Ver. Marquim Catabriga", "autoria__autor__nome": "MARQUIM CATABRIGA", "texto_original": "http://64.23.167.191/sapl/public/materialegislativa/2021/250/requerimento_015-2021_-_contratacao_de_veterinario_para_atendimento_no_municipio.pdf", "ementa": "REQUER AO PREFEITO MUNICIPAL  QUE VENHA CONTRATAR COM URG\u00caNCIA VETERIN\u00c1RIO QUE POSSA ATENDER AS DEMANDAS DA CIDADE RELATIVAS A ANIMAIS QUE PRECISAM DE ATENDIMENTO VETERIN\u00c1RIO."}, {"id": 270, "ano": 2021, "numero": 16, "tipo__sigla": "REQ", "tipo__descricao": "Requerimentos - Ver. Marquim Catabriga", "autoria__autor__nome": "MARQUIM CATABRIGA", "texto_original": "http://64.23.167.191/sapl/public/materialegislativa/2021/270/requerimento_016-2021_-_19-04.pdf", "ementa": "REQUER AO PREFEITO MUNICIPAL QUE VENHA FAZER UMA GALERIA PARA ESCOAMENTO DA \u00c1GUA QUE SE ACUMULA NO PER\u00cdODO CHUVOSO NA RUA 10, NO SETOR BELA VISTA II."}, {"id": 271, "ano": 2021, "numero": 17, "tipo__sigla": "REQ", "tipo__descricao": "Requerimentos - Ver. Marquim Catabriga", "autoria__autor__nome": "MARQUIM CATABRIGA", "texto_original": "http://64.23.167.191/sapl/public/materialegislativa/2021/271/requerimento_017-2021.pdf", "ementa": "REQUER AO PREFEITO MUNICIPAL QUE VENHA EXECUTAR A LEI MUNICIPAL N\u00ba 190/2011, QUE CRIA A TARIFA SOCIAL E ESTABELECE CRIT\u00c9RIOS\r\nDE ENQUADRAMENTO E DE SUBS\u00cdDIO PARA TARlFA SOCIAL DOS SERVI\u00c7OS P\u00daBLICOS DE ABASTECIMENTO DE \u00c1GUA E ESGOTAMENTO\r\nSANIT\u00c1RIO NO MUNIC\u00cdPIO DE PEDRO AFONSO."}, {"id": 251, "ano": 2021, "numero": 18, "tipo__sigla": "REQ", "tipo__descricao": "Requerimentos - Ver. Marquim Catabriga", "autoria__autor__nome": "MARQUIM CATABRIGA", "texto_original": "http://64.23.167.191/sapl/public/materialegislativa/2021/251/requerimento_018-2021.pdf", "ementa": "REQUER AO PREFEITO MUNICIPAL A AQUISI\u00c7\u00c3O E DISTRIBUI\u00c7\u00c3O DE CESTAS B\u00c1SICAS QUE PODEM SER ADQUIRIDAS COM RECURSOS DO PROGRAMA NACIONAL DE ALIMENTA\u00c7\u00c3O ESCOLAR (PNAE) AOS PAIS OU RESPONS\u00c1VEIS DOS ESTUDANTES DAS ESCOLAS DA REDE P\u00daBLICA\r\nMUNICIPAL DE ENSINO."}, {"id": 252, "ano": 2021, "numero": 19, "tipo__sigla": "REQ", "tipo__descricao": "Requerimentos - Ver. Marquim Catabriga", "autoria__autor__nome": "MARQUIM CATABRIGA", "texto_original": "http://64.23.167.191/sapl/public/materialegislativa/2021/252/requerimento_019-2021_disponibilizar_mais_uma_camionete_para_secretaria_municipal_de_agricultura.pdf", "ementa": "REQUER AO PREFEITO MUNICIPAL QUE DISPONIBILIZE MAIS UM AUTOM\u00d3VEL DO TIPO CAMINHONETE PARA A SECRETARIA MUNICIPAL DE\r\nAGRICULTURA."}, {"id": 253, "ano": 2021, "numero": 20, "tipo__sigla": "REQ", "tipo__descricao": "Requerimentos - Ver. Marquim Catabriga", "autoria__autor__nome": "MARQUIM CATABRIGA", "texto_original": "http://64.23.167.191/sapl/public/materialegislativa/2021/253/requerimento_020_-_2021_-requer_ao_prefeito_municipal_atraves_da_secretaria_competente_que_disponibilize_um_container_de_lixo.pdf", "ementa": "REQUER AO PREFEITO MUNICIPAL QUE DISPONIBILIZE UM CONTAINER DE LIXO PARA COLOCAR EM FRENTE A OFICINA DELCAR, PERTO DO\r\nPOSTO PEDRO AFONSO."}, {"id": 254, "ano": 2021, "numero": 21, "tipo__sigla": "REQ", "tipo__descricao": "Requerimentos - Ver. Marquim Catabriga", "autoria__autor__nome": "MARQUIM CATABRIGA", "texto_original": "http://64.23.167.191/sapl/public/materialegislativa/2021/254/requerimento_021_-_2021.pdf", "ementa": "REQUER AO PREFEITO MUNICIPAL QUE RETOME COM URG\u00caNCIA AS OBRAS DE PAVIMENTA\u00c7\u00c3O ASF\u00c1LTICA DO SETOR AEROPORTO II."}, {"id": 255, "ano": 2021, "numero": 22, "tipo__sigla": "REQ", "tipo__descricao": "Requerimentos - Ver. Marquim Catabriga", "autoria__autor__nome": "MARQUIM CATABRIGA", "texto_original": "http://64.23.167.191/sapl/public/materialegislativa/2021/255/requerimento_022_-_2021_-requer_ao_prefeito_municipa_que_aumente_-_amplie_a_iluminacao_publica_no_setor_canavieiras.pdf", "ementa": "REQUER AO PREFEITO MUNICIPAL QUE AUMENTE/AMPLIE A ILUMINA\u00c7\u00c3O P\u00daBLICA NO FUNDO DO SETOR CANAVIERAS, PR\u00d3XIMO AS CASINHAS DA CAIXA ECON\u00d4MICA."}, {"id": 256, "ano": 2021, "numero": 23, "tipo__sigla": "REQ", "tipo__descricao": "Requerimentos - Ver. Marquim Catabriga", "autoria__autor__nome": "MARQUIM CATABRIGA", "texto_original": "http://64.23.167.191/sapl/public/materialegislativa/2021/256/requerimento_023_-_2021_-.pdf", "ementa": "REQUER AO PREFEITO MUNICIPAL QUE RESTAURE A PAVIMENTA\u00c7\u00c3O ASF\u00c1LTICA DA ROTAT\u00d3RIA DO TREVO DA ENTRADA DA CIDADE QUE LIGA OS SETORES PORTELINHA, CANAD\u00c1 E CANAVIEIRAS AO CENTRO DA CIDADE."}, {"id": 257, "ano": 2021, "numero": 24, "tipo__sigla": "REQ", "tipo__descricao": "Requerimentos - Ver. Marquim Catabriga", "autoria__autor__nome": "MARQUIM CATABRIGA", "texto_original": "http://64.23.167.191/sapl/public/materialegislativa/2021/257/requerimento_024_-_2021.pdf", "ementa": "REQUER AO PREFEITO MUNICIPAL QUE ENVIE RETROESCAVADEIRA NA PROPRIEDADE DO SENHOR JO\u00c3O CARLOS SANTOS ALMEIDA NA ASSOCIA\u00c7\u00c3O SANTA RITA NO MUNICIPIO DE BOM JESUS DO TOCANTINS."}, {"id": 258, "ano": 2021, "numero": 25, "tipo__sigla": "REQ", "tipo__descricao": "Requerimentos - Ver. Marquim Catabriga", "autoria__autor__nome": "MARQUIM CATABRIGA", "texto_original": "http://64.23.167.191/sapl/public/materialegislativa/2021/258/requerimento_025-2021.pdf", "ementa": "REQUER AO PREFEITO MUNICIPAL QUE CONSTRUA DOIS QUEBRA-MOLAS NA AVENIDA PEDRO MARIANO DOS SANTOS."}, {"id": 259, "ano": 2021, "numero": 26, "tipo__sigla": "REQ", "tipo__descricao": "Requerimentos - Ver. Marquim Catabriga", "autoria__autor__nome": "MARQUIM CATABRIGA", "texto_original": "http://64.23.167.191/sapl/public/materialegislativa/2021/259/requerimento_026-2021.pdf", "ementa": "REQUER AO PREFEITO MUNICIPAL QUE VENHA COLOCAR ILUMINA\u00c7\u00c3O P\u00daBLICA NO TRECHO ENTRE COAPA E A BR-235, QUE PASSA NO SETOR ALDEINHA."}, {"id": 260, "ano": 2021, "numero": 27, "tipo__sigla": "REQ", "tipo__descricao": "Requerimentos - Ver. Marquim Catabriga", "autoria__autor__nome": "MARQUIM CATABRIGA", "texto_original": "http://64.23.167.191/sapl/public/materialegislativa/2021/260/requerimento_027-2021_-_requer_ao_prefeito_municipal_atraves_da_secretaria_municipal_a_construcao_de_quebra-molas_na_rua_01.pdf", "ementa": "REQUER AO PREFEITO MUNICIPAL QUE CONSTRUA QUEBRA-MOLAS NA RUA 01 NO SETOR AEROPORTO II."}, {"id": 261, "ano": 2021, "numero": 28, "tipo__sigla": "REQ", "tipo__descricao": "Requerimentos - Ver. Marquim Catabriga", "autoria__autor__nome": "MARQUIM CATABRIGA", "texto_original": "http://64.23.167.191/sapl/public/materialegislativa/2021/261/requerimento_028-2021_-_requer_ao_prefeito_municipal.pdf", "ementa": "REQUER AO PREFEITO MUNICIPAL QUE ENVIE M\u00c1QUINAS NA PROPRIEDADE DO SENHOR JOSE DE RIBAMAR COELHO NO MUNIC\u00cdPIO DE BOM JESUS DO TOCANTINS."}, {"id": 262, "ano": 2021, "numero": 29, "tipo__sigla": "REQ", "tipo__descricao": "Requerimentos - Ver. Marquim Catabriga", "autoria__autor__nome": "MARQUIM CATABRIGA", "texto_original": "http://64.23.167.191/sapl/public/materialegislativa/2021/262/requerimento_029-2021_-_sinalizacao_da_to-010_para_uso_de_ciclistas..pdf", "ementa": "REQUER AO PRESIDENTE DA C\u00c2MARA MUNICIPAL DE PEDRO AFONSO \u2013 TO, QUE SEJA COLOCADO EM VOTA\u00c7\u00c3O E ENCAMINHADO AO DEPUTADO ESTADUAL IVORY DE LIRA, PARA QUE ENVIE EXPEDIENTE, EM REGIME DE URG\u00caNCIA, AO EXCELENT\u00cdSSIMO GOVERNADOR DO\r\nESTADO DO TOCANTINS E A AG\u00caNCIA TOCANTINENSE DE TRANSPORTES E OBRAS \u2013 AGETO, SOLICITANDO INSTALA\u00c7\u00c3O DE PLACAS DE SINALIZA\u00c7\u00c3O DE TR\u00c1FEGO DE CICLISTA NA RODOVIA QUE LIGA PEDRO AFONSO A SANTA MARIA (TO-010), LOGO AP\u00d3S A PONTE DO RIO SONO\r\nAT\u00c9 NO TREVO DO SONINHO NO KM-28."}, {"id": 263, "ano": 2021, "numero": 30, "tipo__sigla": "REQ", "tipo__descricao": "Requerimentos - Ver. Marquim Catabriga", "autoria__autor__nome": "MARQUIM CATABRIGA", "texto_original": "http://64.23.167.191/sapl/public/materialegislativa/2021/263/requerimento_030-2021_-_manutencao_e_revisao_da_ambulancia_do_distrito_de_porto_real.pdf", "ementa": "REQUER AO PREFEITO MUNICIPAL QUE VENHA PRESTAR REVIS\u00c3O E MANUTEN\u00c7\u00c3O NA AMBUL\u00c2NCIA QUE FICA DISPON\u00cdVEL NO DISTRITO DE ANAJANOPOLIS (PORTO REAL), E QUE FA\u00c7A A CONTRATA\u00c7\u00c3O DE UM MOTORISTA PARA ATENDER ESSA DEMANDA."}, {"id": 273, "ano": 2021, "numero": 31, "tipo__sigla": "REQ", "tipo__descricao": "Requerimentos - Ver. Marquim Catabriga", "autoria__autor__nome": "MARQUIM CATABRIGA", "texto_original": "http://64.23.167.191/sapl/public/materialegislativa/2021/273/requerimento_n_031-2021.pdf", "ementa": "REQUER AO PREFEITO MUNICIPAL QUE ENVIE M\u00c1QUINAS PARA MANUTEN\u00c7\u00c3O DA ESTRADA QUE LIGA BR-235 A AGRO VILA BOM TEMPO, NO TRECHO QUE PERTENCE AO MUNIC\u00cdPIO DE BOM JESUS DO TOCANTINS."}, {"id": 264, "ano": 2021, "numero": 32, "tipo__sigla": "REQ", "tipo__descricao": "Requerimentos - Ver. Marquim Catabriga", "autoria__autor__nome": "MARQUIM CATABRIGA", "texto_original": "http://64.23.167.191/sapl/public/materialegislativa/2021/264/requerimento_032-2021_-_que_construa_uma_nova_ponte_sobre_o_corrego_fumaca_proximo_ao_senhor_justino.pdf", "ementa": "REQUER AO PREFEITO MUNICIPAL QUE CONSTRUA UMA NOVA PONTE SOBRE O C\u00d3RREGO FUMA\u00c7A PR\u00d3XIMO AO SENHOR JUSTINO."}, {"id": 265, "ano": 2021, "numero": 33, "tipo__sigla": "REQ", "tipo__descricao": "Requerimentos - Ver. Marquim Catabriga", "autoria__autor__nome": "MARQUIM CATABRIGA", "texto_original": "http://64.23.167.191/sapl/public/materialegislativa/2021/265/requerimento_033-2021_-_que_construa_uma_nova_ponte_sobre_a_represa_da_fazenda_fazendinha.pdf", "ementa": "REQUER AO PREFEITO MUNICIPAL QUE CONSTRUA UMA NOVA PONTE SOBRE A REPRESA DA FAZENDA FAZENDINHA."}, {"id": 266, "ano": 2021, "numero": 34, "tipo__sigla": "REQ", "tipo__descricao": "Requerimentos - Ver. Marquim Catabriga", "autoria__autor__nome": "MARQUIM CATABRIGA", "texto_original": "http://64.23.167.191/sapl/public/materialegislativa/2021/266/requerimento_034-2021_-_maquinas_para_arrumar_a_propriedade_do_senhor_juliano_sandri.pdf", "ementa": "REQUER AO PREFEITO MUNICIPAL QUE ENVIE M\u00c1QUINAS PARA MANUTEN\u00c7\u00c3O DA ESTRADA QUE PASSA NA FAZENDA FAZENDINHA, DO SENHOR\r\nJULIANO SANDRI."}, {"id": 267, "ano": 2021, "numero": 35, "tipo__sigla": "REQ", "tipo__descricao": "Requerimentos - Ver. Marquim Catabriga", "autoria__autor__nome": "MARQUIM CATABRIGA", "texto_original": "http://64.23.167.191/sapl/public/materialegislativa/2021/267/requerimento_035-2021.pdf", "ementa": "REQUER AO PREFEITO MUNICIPAL QUE VENHA FAZER UMA GALERIA PARA ESCOAMENTO DA \u00c1GUA QUE SE ACUMULA NO PER\u00cdODO CHUVOSO NA RUA DA LIBERDADE, PR\u00d3XIMO \u00c0 CASA DO CHICO DA TARUM\u00c3 NO SETOR BELA VISTA."}, {"id": 268, "ano": 2021, "numero": 36, "tipo__sigla": "REQ", "tipo__descricao": "Requerimentos - Ver. Marquim Catabriga", "autoria__autor__nome": "MARQUIM CATABRIGA", "texto_original": "http://64.23.167.191/sapl/public/materialegislativa/2021/268/requerimento_036-2021_-_limpeza_manutencao_e_outdoor_no_trevo_da_br-153_que_da_cesso_a_br-235.pdf", "ementa": "REQUER AO PREFEITO MUNICIPAL QUE RESTAURE O TREVO DA BR-153 QUE DA ACESSO A BR-235, FAZENDO A LIMPEZA E COLOCANDO OUTDOOR PARA INDICAR A ENTRADA DE PEDRO AFONSO."}, {"id": 274, "ano": 2021, "numero": 37, "tipo__sigla": "REQ", "tipo__descricao": "Requerimentos - Ver. Marquim Catabriga", "autoria__autor__nome": "MARQUIM CATABRIGA", "texto_original": "http://64.23.167.191/sapl/public/materialegislativa/2021/274/requerimento_n_037-2021.pdf", "ementa": "REQUER AO PREFEITO MUNICIPAL QUE ENVIE TRATOR COM GRADE NO SITIO PO\u00c7\u00c3O DE PROPRIEDADE DA SENHORA MARIA NELMA RODRIGUES\r\nFEITOSA NO MUNIC\u00cdPIO DE BOM JESUS DO TOCANTINS."}, {"id": 272, "ano": 2021, "numero": 38, "tipo__sigla": "REQ", "tipo__descricao": "Requerimentos - Ver. Marquim Catabriga", "autoria__autor__nome": "MARQUIM CATABRIGA", "texto_original": "http://64.23.167.191/sapl/public/materialegislativa/2021/272/requerimento_n_038-2021.pdf", "ementa": "REQUER AO PREFEITO MUNICIPAL QUE FA\u00c7A DOIS QUEBRA-MOLAS NA RUA 13 EM FRETE AO POSTINHO DE SA\u00daDE UBS MARIA CLARA NO SETOR ANT\u00d4NIO JOAQUIM PIRES MARTINS FILHO - PORTELINHA."}, {"id": 269, "ano": 2021, "numero": 39, "tipo__sigla": "REQ", "tipo__descricao": "Requerimentos - Ver. Marquim Catabriga", "autoria__autor__nome": "MARQUIM CATABRIGA", "texto_original": "http://64.23.167.191/sapl/public/materialegislativa/2021/269/requerimento_039-2021_-_envie_retroescavadeira_e_patrol_no_sitio_pocao.pdf", "ementa": "REQUER AO PREFEITO MUNICIPAL QUE ENVIE RETROESCAVADEIRA E PATROL NO SITIO PO\u00c7\u00c3O DE PROPRIEDADE DA SENHORA MARIA NELMA RODRIGUES FEITOSA NO MUNIC\u00cdPIO DE BOM JESUS DO TOCANTINS."}, {"id": 156, "ano": 2021, "numero": 1, "tipo__sigla": "REQ", "tipo__descricao": "Requerimentos - Ver. Breno Alves", "autoria__autor__nome": "BRENO ALVES", "texto_original": "http://64.23.167.191/sapl/public/materialegislativa/2021/156/requerimento_no_001-2021.pdf", "ementa": "Requer do Poder Executivo Municipal, que disponibilize m\u00e9dicos (cl\u00ednico geral) nos Postos de Sa\u00fade de Porto Real, Agrovila (Bom Tempo) e Vila Mata Verde."}, {"id": 157, "ano": 2021, "numero": 2, "tipo__sigla": "REQ", "tipo__descricao": "Requerimentos - Ver. Breno Alves", "autoria__autor__nome": "BRENO ALVES", "texto_original": "http://64.23.167.191/sapl/public/materialegislativa/2021/157/requerimento_no_002-2021.pdf", "ementa": "Requer do Poder Executivo Municipal, que solucione a problem\u00e1tica de alagamento da Rua Sousa Aguiar com o cruzamento na Rua que dar acesso ao CRAS de Pedro Afonso \u2013 TO."}, {"id": 158, "ano": 2021, "numero": 3, "tipo__sigla": "REQ", "tipo__descricao": "Requerimentos - Ver. Breno Alves", "autoria__autor__nome": "BRENO ALVES", "texto_original": "http://64.23.167.191/sapl/public/materialegislativa/2021/158/requerimento_no_003-2021.pdf", "ementa": "Requer do Poder Executivo Municipal, que retorne as aulas presencias nas escolas do Munic\u00edpio."}, {"id": 159, "ano": 2021, "numero": 4, "tipo__sigla": "REQ", "tipo__descricao": "Requerimentos - Ver. Breno Alves", "autoria__autor__nome": "BRENO ALVES", "texto_original": "http://64.23.167.191/sapl/public/materialegislativa/2021/159/requerimento_no_004-2021.pdf", "ementa": "Requer do Poder Executivo Municipal, que fa\u00e7a um aterro para tampar os buracos da entrada do Setor Aeroporto II."}, {"id": 160, "ano": 2021, "numero": 5, "tipo__sigla": "REQ", "tipo__descricao": "Requerimentos - Ver. Breno Alves", "autoria__autor__nome": "BRENO ALVES", "texto_original": "http://64.23.167.191/sapl/public/materialegislativa/2021/160/requerimento_no_005-2021.pdf", "ementa": "Requer do Poder Executivo Municipal, que fa\u00e7a o cal\u00e7amento com areia ou material adequado no parquinho da pra\u00e7a Santo Afonso."}, {"id": 161, "ano": 2021, "numero": 7, "tipo__sigla": "REQ", "tipo__descricao": "Requerimentos - Ver. Breno Alves", "autoria__autor__nome": "BRENO ALVES", "texto_original": "http://64.23.167.191/sapl/public/materialegislativa/2021/161/requerimento_no_007-2021.pdf", "ementa": "Requer do Poder Executivo Municipal, que fa\u00e7a o cascalhamento e patrolamento da Rua Ribeir\u00e3o no setor Aeroporto II."}, {"id": 162, "ano": 2021, "numero": 8, "tipo__sigla": "REQ", "tipo__descricao": "Requerimentos - Ver. Breno Alves", "autoria__autor__nome": "BRENO ALVES", "texto_original": "http://64.23.167.191/sapl/public/materialegislativa/2021/162/requerimento_no_008-2021.pdf", "ementa": "Requer do Poder Executivo Municipal, que fa\u00e7a a limpeza geral do cemit\u00e9rio, e a reforma ou reestrutura\u00e7\u00e3o do muro de entrada do cemit\u00e9rio municipal de Pedro Afonso \u2013 TO."}, {"id": 163, "ano": 2021, "numero": 9, "tipo__sigla": "REQ", "tipo__descricao": "Requerimentos - Ver. Breno Alves", "autoria__autor__nome": "BRENO ALVES", "texto_original": "http://64.23.167.191/sapl/public/materialegislativa/2021/163/requerimento_no_009-2021.pdf", "ementa": "Requer do Poder Executivo Municipal, que providencie instala\u00e7\u00e3o e fornecimento de tratamento de \u00e1gua encanada e energia el\u00e9trica aos moradores do setor canad\u00e1 e do setor uni\u00e3o."}, {"id": 164, "ano": 2021, "numero": 10, "tipo__sigla": "REQ", "tipo__descricao": "Requerimentos - Ver. Breno Alves", "autoria__autor__nome": "BRENO ALVES", "texto_original": "http://64.23.167.191/sapl/public/materialegislativa/2021/164/requerimento_no_010-2021.pdf", "ementa": "Requer do Poder Executivo Municipal, que solucione a problem\u00e1tica de alagamento na Rua 09 n\u00ba 361 no setor Bela Vista II."}, {"id": 165, "ano": 2021, "numero": 11, "tipo__sigla": "REQ", "tipo__descricao": "Requerimentos - Ver. Breno Alves", "autoria__autor__nome": "BRENO ALVES", "texto_original": "http://64.23.167.191/sapl/public/materialegislativa/2021/165/requerimento_no_011-2021.pdf", "ementa": "Requer do Poder Executivo Municipal, que fa\u00e7a a complementa\u00e7\u00e3o da modalidade CAPOEIRA, nas atividades completares que a equipe da SEMED\r\nest\u00e1 disponibilizando."}, {"id": 166, "ano": 2021, "numero": 12, "tipo__sigla": "REQ", "tipo__descricao": "Requerimentos - Ver. Breno Alves", "autoria__autor__nome": "BRENO ALVES", "texto_original": "http://64.23.167.191/sapl/public/materialegislativa/2021/166/requerimento_no_012-2021.pdf", "ementa": "Requer do Poder Executivo Municipal, que mande (01) um trator com a ro\u00e7adeira para executar servi\u00e7o de ro\u00e7agem no campo society na Vila Bananal na propriedade da senhora Maria Lucia."}, {"id": 167, "ano": 2021, "numero": 13, "tipo__sigla": "REQ", "tipo__descricao": "Requerimentos - Ver. Breno Alves", "autoria__autor__nome": "BRENO ALVES", "texto_original": "http://64.23.167.191/sapl/public/materialegislativa/2021/167/requerimento_no_013-2021.pdf", "ementa": "Requer do Poder Executivo Municipal, que fa\u00e7a a recupera\u00e7\u00e3o e aterramento de todas as estradas vicinais passando pelo matadouro, povoado Bananal at\u00e9 o povoado Bacabal."}, {"id": 168, "ano": 2021, "numero": 14, "tipo__sigla": "REQ", "tipo__descricao": "Requerimentos - Ver. Breno Alves", "autoria__autor__nome": "BRENO ALVES", "texto_original": "http://64.23.167.191/sapl/public/materialegislativa/2021/168/requerimento_no_014-2021.pdf", "ementa": "Requer do Poder Executivo Municipal, que recupere a ponte que dar acesso as propriedades do senhor Zarone, passando pelo lote 35 at\u00e9 a propriedade do senhor Raimundo Pinto."}, {"id": 169, "ano": 2021, "numero": 15, "tipo__sigla": "REQ", "tipo__descricao": "Requerimentos - Ver. Breno Alves", "autoria__autor__nome": "BRENO ALVES", "texto_original": "http://64.23.167.191/sapl/public/materialegislativa/2021/169/requerimento_no_015-2021.pdf", "ementa": "Requer do Poder Executivo Municipal, provid\u00eancias no sentido de contratar seguran\u00e7as para as escolas e creches municipais."}, {"id": 170, "ano": 2021, "numero": 16, "tipo__sigla": "REQ", "tipo__descricao": "Requerimentos - Ver. Breno Alves", "autoria__autor__nome": "BRENO ALVES", "texto_original": "http://64.23.167.191/sapl/public/materialegislativa/2021/170/requerimento_no_016-2021.pdf", "ementa": "Requer do Poder Executivo Municipal, que fa\u00e7a a limpeza, e a recupera\u00e7\u00e3o da rampa do Tiro de Guerra, que dar acesso a Tupirama \u2013 TO."}, {"id": 171, "ano": 2021, "numero": 17, "tipo__sigla": "REQ", "tipo__descricao": "Requerimentos - Ver. Breno Alves", "autoria__autor__nome": "BRENO ALVES", "texto_original": "http://64.23.167.191/sapl/public/materialegislativa/2021/171/requerimento_no_017-2021.pdf", "ementa": "Requer do Poder Executivo Municipal, que tome providencias e loque ou fa\u00e7a a aquisi\u00e7\u00e3o de caminh\u00f5es pipa para molhar a grama das pra\u00e7as e canteiros da cidade."}, {"id": 172, "ano": 2021, "numero": 18, "tipo__sigla": "REQ", "tipo__descricao": "Requerimentos - Ver. Breno Alves", "autoria__autor__nome": "BRENO ALVES", "texto_original": "http://64.23.167.191/sapl/public/materialegislativa/2021/172/requerimento_no_018-2021.pdf", "ementa": "Requer do Poder Executivo Municipal, que tome providencias e loque ou fa\u00e7a a aquisi\u00e7\u00e3o de caminh\u00f5es pipa para molhar a grama das pra\u00e7as e canteiros da cidade."}, {"id": 173, "ano": 2021, "numero": 19, "tipo__sigla": "REQ", "tipo__descricao": "Requerimentos - Ver. Breno Alves", "autoria__autor__nome": "BRENO ALVES", "texto_original": "http://64.23.167.191/sapl/public/materialegislativa/2021/173/requerimento_no_019-2021.pdf", "ementa": "Requer do Poder Executivo Municipal, que envie uma retroescavadeira para abrir um reservat\u00f3rio de \u00e1gua na propriedade do senhor Adalto Pereira de Assis Fazenda Santa Lucia na regi\u00e3o do Bananal."}, {"id": 174, "ano": 2021, "numero": 20, "tipo__sigla": "REQ", "tipo__descricao": "Requerimentos - Ver. Breno Alves", "autoria__autor__nome": "BRENO ALVES", "texto_original": "http://64.23.167.191/sapl/public/materialegislativa/2021/174/requerimento_no_020-2021.pdf", "ementa": "Requer do Poder Executivo Municipal, que envie as maquinas que est\u00e3o fazendo s\u00e9rvios nas estradas vicinais da Regi\u00e3o do Bananal para fazer servi\u00e7os nas estradas vicinais da Regi\u00e3o do Bacabal."}, {"id": 175, "ano": 2021, "numero": 21, "tipo__sigla": "REQ", "tipo__descricao": "Requerimentos - Ver. Breno Alves", "autoria__autor__nome": "BRENO ALVES", "texto_original": "http://64.23.167.191/sapl/public/materialegislativa/2021/175/requerimento_no_021-2021.pdf", "ementa": "Requer do Poder Executivo Municipal, que fa\u00e7a a loca\u00e7\u00e3o ou a aquisi\u00e7\u00e3o de novos ve\u00edculos para atender a alta demanda da Secretaria de Sa\u00fade de Pedro Afonso \u2013 TO."}, {"id": 176, "ano": 2021, "numero": 22, "tipo__sigla": "REQ", "tipo__descricao": "Requerimentos - Ver. Breno Alves", "autoria__autor__nome": "BRENO ALVES", "texto_original": "http://64.23.167.191/sapl/public/materialegislativa/2021/176/requerimento_no_022-2021.pdf", "ementa": "Requer do Poder Executivo Municipal, que fa\u00e7a a recupera\u00e7\u00e3o e revitaliza\u00e7\u00e3o das estradas vicinais da fazenda do senhor Walter Contador contemplando as margens do Rio Sono at\u00e9 a fazenda do senhor Genivaldo Ferreira Barros."}, {"id": 177, "ano": 2021, "numero": 23, "tipo__sigla": "REQ", "tipo__descricao": "Requerimentos - Ver. Breno Alves", "autoria__autor__nome": "BRENO ALVES", "texto_original": "http://64.23.167.191/sapl/public/materialegislativa/2021/177/requerimento_no_023-2021.pdf", "ementa": "Requer do Poder Executivo Municipal,  que fa\u00e7a um quebra-molas na Rua 07 n\u00ba 291, Projeto Habitat no setor Bela Vista II."}, {"id": 178, "ano": 2021, "numero": 24, "tipo__sigla": "REQ", "tipo__descricao": "Requerimentos - Ver. Breno Alves", "autoria__autor__nome": "BRENO ALVES", "texto_original": "http://64.23.167.191/sapl/public/materialegislativa/2021/178/requerimento_no_024-2021.pdf", "ementa": "Requer do Poder Executivo Municipal, que atualize os valores do aux\u00edlio financeiro aos atletas de Pedro Afonso \u2013 TO, baseado na Lei n\u00ba 046/2014 de 28 de agosto de 2014."}, {"id": 179, "ano": 2021, "numero": 25, "tipo__sigla": "REQ", "tipo__descricao": "Requerimentos - Ver. Breno Alves", "autoria__autor__nome": "BRENO ALVES", "texto_original": "http://64.23.167.191/sapl/public/materialegislativa/2021/179/requerimento_no_025-2021.pdf", "ementa": "Requer do Poder Executivo Municipal, que tome providencias que instale redes de prote\u00e7\u00e3o e fa\u00e7a a higieniza\u00e7\u00e3o do local devido as fezes de pombos na Secretaria de Educa\u00e7\u00e3o."}, {"id": 180, "ano": 2021, "numero": 26, "tipo__sigla": "REQ", "tipo__descricao": "Requerimentos - Ver. Breno Alves", "autoria__autor__nome": "BRENO ALVES", "texto_original": "http://64.23.167.191/sapl/public/materialegislativa/2021/180/requerimento_no_026-2021.pdf", "ementa": "Requer do Poder Executivo Municipal, que envie duas ca\u00e7ambas, uma com areia e outra com seixo, na fazendo Sossego da Fam\u00edlia na Sucupira, no Munic\u00edpio de Santa Maria do Tocantins de propriedade do senhor Deusimar Milhomem."}, {"id": 181, "ano": 2021, "numero": 27, "tipo__sigla": "REQ", "tipo__descricao": "Requerimentos - Ver. Breno Alves", "autoria__autor__nome": "BRENO ALVES", "texto_original": "http://64.23.167.191/sapl/public/materialegislativa/2021/181/requerimento_no_027-2021.pdf", "ementa": "Requer do Poder Executivo Municipal, que envie uma ca\u00e7amba, na fazendo Serrinha Rio Negro, no Munic\u00edpio de Centen\u00e1rio do Tocantins de propriedade do senhor Clesio Alves dos Prazeres."}, {"id": 182, "ano": 2021, "numero": 28, "tipo__sigla": "REQ", "tipo__descricao": "Requerimentos - Ver. Breno Alves", "autoria__autor__nome": "BRENO ALVES", "texto_original": "http://64.23.167.191/sapl/public/materialegislativa/2021/182/requerimento_no_028-2021.pdf", "ementa": "Requer do Poder Executivo Municipal, que fa\u00e7a a reposi\u00e7\u00e3o de l\u00e2mpadas e coloque postes lumin\u00e1ria no final do setor aeroporto II, na area onde foi entregue as casinhas do programa da caixa econ\u00f4mica - minha casa minha vida."}, {"id": 183, "ano": 2021, "numero": 29, "tipo__sigla": "REQ", "tipo__descricao": "Requerimentos - Ver. Breno Alves", "autoria__autor__nome": "BRENO ALVES", "texto_original": "http://64.23.167.191/sapl/public/materialegislativa/2021/183/requerimento_no_029-2021.pdf", "ementa": "Requer do Poder Executivo Municipal, que envie a calcariadeira, trator com grade e retroescavadeira na propriedade da senhora Sindevan Rodrigues\r\nCapistrano Costa, fazenda Bom Acordo na regi\u00e3o do Rio Negro no munic\u00edpio de Centen\u00e1rio do Tocantins."}, {"id": 184, "ano": 2021, "numero": 30, "tipo__sigla": "REQ", "tipo__descricao": "Requerimentos - Ver. Breno Alves", "autoria__autor__nome": "BRENO ALVES", "texto_original": "http://64.23.167.191/sapl/public/materialegislativa/2021/184/requerimento_no_030-2021.pdf", "ementa": "Requer do Poder Executivo Municipal, que fa\u00e7a a recupera\u00e7\u00e3o e revitaliza\u00e7\u00e3o da estrada principal que d\u00e1 acesso as ch\u00e1caras no fundo do loteamento castanheiras at\u00e9 a ch\u00e1cara do senhor Bueno."}, {"id": 185, "ano": 2021, "numero": 31, "tipo__sigla": "REQ", "tipo__descricao": "Requerimentos - Ver. Breno Alves", "autoria__autor__nome": "BRENO ALVES", "texto_original": "http://64.23.167.191/sapl/public/materialegislativa/2021/185/requerimento_no_031-2021.pdf", "ementa": "Requer do Poder Executivo Municipal, que construa dois quebra-molas em frente \u00e0 Escola Municipal Jos\u00e9 Combas Alameda, Setor Aeroporto II."}, {"id": 186, "ano": 2021, "numero": 32, "tipo__sigla": "REQ", "tipo__descricao": "Requerimentos - Ver. Breno Alves", "autoria__autor__nome": "BRENO ALVES", "texto_original": "http://64.23.167.191/sapl/public/materialegislativa/2021/186/requerimento_no_032-2021.pdf", "ementa": "Requer do Poder Executivo Municipal, que envie trator com grade na fazenda S\u00e3o Jo\u00e3o antes da ponte branca na regi\u00e3o de Bom Jesus do Tocantins de propriedade do senhor Jo\u00e3o Gomes da Silva (Jo\u00e3o do Zuca)."}, {"id": 187, "ano": 2021, "numero": 33, "tipo__sigla": "REQ", "tipo__descricao": "Requerimentos - Ver. Breno Alves", "autoria__autor__nome": "BRENO ALVES", "texto_original": "http://64.23.167.191/sapl/public/materialegislativa/2021/187/requerimento_no_033-2021.pdf", "ementa": "Requer do Poder Executivo Municipal, que tome providencias sobre a rua 9 do setor aeroporto II."}, {"id": 188, "ano": 2021, "numero": 34, "tipo__sigla": "REQ", "tipo__descricao": "Requerimentos - Ver. Breno Alves", "autoria__autor__nome": "BRENO ALVES", "texto_original": "http://64.23.167.191/sapl/public/materialegislativa/2021/188/requerimento_no_034-2021.pdf", "ementa": "Requer do Poder Executivo Municipal, que ilumine e sinalize o trevo da entrada da cidade, conhecido como trevo dos chapas."}, {"id": 189, "ano": 2021, "numero": 35, "tipo__sigla": "REQ", "tipo__descricao": "Requerimentos - Ver. Breno Alves", "autoria__autor__nome": "BRENO ALVES", "texto_original": "http://64.23.167.191/sapl/public/materialegislativa/2021/189/requerimento_no_035-2021.pdf", "ementa": "Requer do Poder Executivo Municipal, que construa uma pra\u00e7a com parquinho e uma lanchonete no setor Aeroporto II."}, {"id": 190, "ano": 2021, "numero": 36, "tipo__sigla": "REQ", "tipo__descricao": "Requerimentos - Ver. Breno Alves", "autoria__autor__nome": "BRENO ALVES", "texto_original": "http://64.23.167.191/sapl/public/materialegislativa/2021/190/requerimento_no_036-2021.pdf", "ementa": "Requer do Poder Executivo Municipal, que fa\u00e7a o recapeamento do asfalto da Rua Tocantins no setor Zacarias Campelo."}, {"id": 191, "ano": 2021, "numero": 37, "tipo__sigla": "REQ", "tipo__descricao": "Requerimentos - Ver. Breno Alves", "autoria__autor__nome": "BRENO ALVES", "texto_original": "http://64.23.167.191/sapl/public/materialegislativa/2021/191/requerimento_no_037-2021.pdf", "ementa": "Requer do Poder Executivo Municipal, que recolha o lixo das portas, resolva o problema do alagamento e tampe os buracos da Rua S\u00e3o Jos\u00e9 ligada na Rua Floresta esquina com o senhor Lozera."}, {"id": 192, "ano": 2021, "numero": 38, "tipo__sigla": "REQ", "tipo__descricao": "Requerimentos - Ver. Breno Alves", "autoria__autor__nome": "BRENO ALVES", "texto_original": "http://64.23.167.191/sapl/public/materialegislativa/2021/192/requerimento_no_038-2021.pdf", "ementa": "Requer do Poder Executivo Municipal, que fa\u00e7a a reforma e recupera\u00e7\u00e3o das pontes que d\u00e3o acesso as propriedades dos senhores Adevigem da Silva Moto, Amilton mototaxi e do senhor Jo\u00e3o da JN."}, {"id": 193, "ano": 2021, "numero": 39, "tipo__sigla": "REQ", "tipo__descricao": "Requerimentos - Ver. Breno Alves", "autoria__autor__nome": "BRENO ALVES", "texto_original": "http://64.23.167.191/sapl/public/materialegislativa/2021/193/requerimento_no_039-2021.pdf", "ementa": "Requer do Poder Executivo Municipal, que fa\u00e7a a reposi\u00e7\u00e3o da ilumina\u00e7\u00e3o da Rua 29 de Outubro em frente ao antigo lava-jato do Link\u00e3o."}, {"id": 194, "ano": 2021, "numero": 1, "tipo__sigla": "REQ", "tipo__descricao": "Requerimentos - Ver. Gislayson Lacerda", "autoria__autor__nome": "GISLAYSON LACERDA", "texto_original": "http://64.23.167.191/sapl/public/materialegislativa/2021/194/requerimento_001-2021.pdf", "ementa": "\u201cRequer ao Prefeito Municipal, faixas de pedestres na avenida Pedro Mariano dos Santos \u201d."}, {"id": 195, "ano": 2021, "numero": 2, "tipo__sigla": "REQ", "tipo__descricao": "Requerimentos - Ver. Gislayson Lacerda", "autoria__autor__nome": "GISLAYSON LACERDA", "texto_original": "http://64.23.167.191/sapl/public/materialegislativa/2021/195/requerimento_002-2021.pdf", "ementa": "\u201cRequer ao Prefeito Municipal que construa meio fio na Rua 01, na Rua Sousa Aguiar, na Rua 04 encontrando com a Rua 01. \u201d"}, {"id": 196, "ano": 2021, "numero": 3, "tipo__sigla": "REQ", "tipo__descricao": "Requerimentos - Ver. Gislayson Lacerda", "autoria__autor__nome": "GISLAYSON LACERDA", "texto_original": "http://64.23.167.191/sapl/public/materialegislativa/2021/196/requerimento_003-2021.pdf", "ementa": "\u201cRequer ao Prefeito Municipal concess\u00e3o de trator com grade no munic\u00edpio de Bom Jesus do Tocantins. \u201d"}, {"id": 197, "ano": 2021, "numero": 5, "tipo__sigla": "REQ", "tipo__descricao": "Requerimentos - Ver. Gislayson Lacerda", "autoria__autor__nome": "GISLAYSON LACERDA", "texto_original": "http://64.23.167.191/sapl/public/materialegislativa/2021/197/requerimento_005-2021.pdf", "ementa": "\u201cRequer ao Prefeito Municipal que recupere todas as ruas asfaltadas que est\u00e3o esburacadas no munic\u00edpio de Pedro Afonso - TO. \u201d"}, {"id": 198, "ano": 2021, "numero": 6, "tipo__sigla": "REQ", "tipo__descricao": "Requerimentos - Ver. Gislayson Lacerda", "autoria__autor__nome": "GISLAYSON LACERDA", "texto_original": "http://64.23.167.191/sapl/public/materialegislativa/2021/198/requerimento_006-2021.pdf", "ementa": "\u201cRequer ao Prefeito Municipal que fa\u00e7a a limpeza e encascalhamento das Ruas dos Distrito de Porto Real.\u201d"}, {"id": 199, "ano": 2021, "numero": 7, "tipo__sigla": "REQ", "tipo__descricao": "Requerimentos - Ver. Gislayson Lacerda", "autoria__autor__nome": "GISLAYSON LACERDA", "texto_original": "http://64.23.167.191/sapl/public/materialegislativa/2021/199/requerimento_007-2021.pdf", "ementa": "\u201cRequer ao Prefeito Municipal a concess\u00e3o de patrol, retroescavadeira e caminh\u00e3o ca\u00e7amba, na regi\u00e3o de Bom Jesus do Tocantins."}, {"id": 200, "ano": 2021, "numero": 8, "tipo__sigla": "REQ", "tipo__descricao": "Requerimentos - Ver. Gislayson Lacerda", "autoria__autor__nome": "GISLAYSON LACERDA", "texto_original": "http://64.23.167.191/sapl/public/materialegislativa/2021/200/requerimento_008-2021.pdf", "ementa": "Requer ao Prefeito Municipal que restaure a pavimenta\u00e7\u00e3o asf\u00e1ltica da Rua Tocantins no setor Zacarias Campelo."}, {"id": 201, "ano": 2021, "numero": 9, "tipo__sigla": "REQ", "tipo__descricao": "Requerimentos - Ver. Gislayson Lacerda", "autoria__autor__nome": "GISLAYSON LACERDA", "texto_original": "http://64.23.167.191/sapl/public/materialegislativa/2021/201/requerimento_009-2021.pdf", "ementa": "Requer ao Prefeito Municipal que fa\u00e7a o recapeamento do asfalto da Av. Mestre Bento."}, {"id": 202, "ano": 2021, "numero": 10, "tipo__sigla": "REQ", "tipo__descricao": "Requerimentos - Ver. Gislayson Lacerda", "autoria__autor__nome": "GISLAYSON LACERDA", "texto_original": "http://64.23.167.191/sapl/public/materialegislativa/2021/202/requerimento_010-2021.pdf", "ementa": "Requer ao Prefeito Municipal que fa\u00e7a ou adeque um sistema de prote\u00e7\u00e3o e seguran\u00e7a nos parques infantis da pra\u00e7a Professora Raimunda Cavalcante."}, {"id": 203, "ano": 2021, "numero": 11, "tipo__sigla": "REQ", "tipo__descricao": "Requerimentos - Ver. Gislayson Lacerda", "autoria__autor__nome": "GISLAYSON LACERDA", "texto_original": "http://64.23.167.191/sapl/public/materialegislativa/2021/203/requerimento_011-2021.pdf", "ementa": "Requer ao Prefeito Municipal que solucione a problem\u00e1tica da Rua 01 no setor Maria Galv\u00e3o."}, {"id": 275, "ano": 2021, "numero": 1, "tipo__sigla": "REQ", "tipo__descricao": "Requerimentos - Ver. Mirleyson Soares", "autoria__autor__nome": "MIRLEYSON SOARES", "texto_original": "http://64.23.167.191/sapl/public/materialegislativa/2021/275/requerimento_no_001-2021.pdf", "ementa": "Requer ao Prefeito Municipal, que d\u00ea in\u00edcio a constru\u00e7\u00e3o da pra\u00e7a na Vila Mata Verde."}, {"id": 276, "ano": 2021, "numero": 2, "tipo__sigla": "REQ", "tipo__descricao": "Requerimentos - Ver. Mirleyson Soares", "autoria__autor__nome": "MIRLEYSON SOARES", "texto_original": "http://64.23.167.191/sapl/public/materialegislativa/2021/276/requerimento_no_002-2021.pdf", "ementa": "Requer ao Prefeito Municipal, que fa\u00e7a a recupera\u00e7\u00e3o de todas a Ruas do Setor Canad\u00e1, e que fa\u00e7a um mutir\u00e3o de limpeza (Ro\u00e7agem de lotes e terrenos baldios no mesmo Setor)."}, {"id": 277, "ano": 2021, "numero": 3, "tipo__sigla": "REQ", "tipo__descricao": "Requerimentos - Ver. Mirleyson Soares", "autoria__autor__nome": "MIRLEYSON SOARES", "texto_original": "http://64.23.167.191/sapl/public/materialegislativa/2021/277/requerimento_no_003-2021.pdf", "ementa": "Requer ao Prefeito Municipal, que fa\u00e7a a limpeza, e a recupera\u00e7\u00e3o da rampa que dar acesso \u00e0 praia do Rio Sono ao lado da Passarela."}, {"id": 278, "ano": 2021, "numero": 5, "tipo__sigla": "REQ", "tipo__descricao": "Requerimentos - Ver. Mirleyson Soares", "autoria__autor__nome": "MIRLEYSON SOARES", "texto_original": "http://64.23.167.191/sapl/public/materialegislativa/2021/278/requerimento_no_005-2021.pdf", "ementa": "Requer ao Prefeito Municipal, que envie trator e ro\u00e7adeira na propriedade da senhora Madalena Noleto ch\u00e1cara Colina no munic\u00edpio de Bom Jesus do Tocantins."}, {"id": 279, "ano": 2021, "numero": 6, "tipo__sigla": "REQ", "tipo__descricao": "Requerimentos - Ver. Mirleyson Soares", "autoria__autor__nome": "MIRLEYSON SOARES", "texto_original": "http://64.23.167.191/sapl/public/materialegislativa/2021/279/requerimento_no_006-2021.pdf", "ementa": "Requer ao Prefeito Municipal, que envie retroescavadeira e ca\u00e7amba na propriedade da senhora Benta L\u00facia Amaro da Silva Fazenda Bela Vista no munic\u00edpio de Bom Jesus do Tocantins."}, {"id": 280, "ano": 2021, "numero": 7, "tipo__sigla": "REQ", "tipo__descricao": "Requerimentos - Ver. Mirleyson Soares", "autoria__autor__nome": "MIRLEYSON SOARES", "texto_original": "http://64.23.167.191/sapl/public/materialegislativa/2021/280/requerimento_no_007-2021.pdf", "ementa": "Requer ao Prefeito Municipal, que explique a problem\u00e1tica das manilhas do setor Maria Galv\u00e3o."}, {"id": 281, "ano": 2021, "numero": 8, "tipo__sigla": "REQ", "tipo__descricao": "Requerimentos - Ver. Mirleyson Soares", "autoria__autor__nome": "MIRLEYSON SOARES", "texto_original": "http://64.23.167.191/sapl/public/materialegislativa/2021/281/requerimento_no_008-2021.pdf", "ementa": "Requer ao Prefeito Municipal, que revitalize o asfalto que foi quebrado na TO-010 pr\u00f3ximo a ch\u00e1cara do senhor Ti\u00e3ozinho, e aproveitando o ensejo, que fa\u00e7a uma aberta de passagem de ve\u00edculos (Entrada e Sa\u00edda) no mesmo local."}, {"id": 282, "ano": 2021, "numero": 9, "tipo__sigla": "REQ", "tipo__descricao": "Requerimentos - Ver. Mirleyson Soares", "autoria__autor__nome": "MIRLEYSON SOARES", "texto_original": "http://64.23.167.191/sapl/public/materialegislativa/2021/282/requerimento_no_009-2021.pdf", "ementa": "Requer ao Prefeito Municipal, que fa\u00e7a a recupera\u00e7\u00e3o da estrada que dar acesso ao assentamento Boa Esperan\u00e7a pr\u00f3ximo a fazenda Brejinho."}, {"id": 217, "ano": 2021, "numero": 1, "tipo__sigla": "REQ", "tipo__descricao": "Requerimentos - Ver. Joilson Boca Preta", "autoria__autor__nome": "JOILSON BOCA PRETA", "texto_original": "http://64.23.167.191/sapl/public/materialegislativa/2021/217/requerimento_01-2021.pdf", "ementa": "\u201cRequer ao Prefeito Municipal, que construa Quebramolas no Setor Ant\u00f4nio Joaquim Pires Martins Filho (Portelinha)."}, {"id": 218, "ano": 2021, "numero": 2, "tipo__sigla": "REQ", "tipo__descricao": "Requerimentos - Ver. Joilson Boca Preta", "autoria__autor__nome": "JOILSON BOCA PRETA", "texto_original": "http://64.23.167.191/sapl/public/materialegislativa/2021/218/requerimento_02-2021.pdf", "ementa": "\u201cRequer ao Prefeito Municipal, que coloque duas lixeiras grandes e placas de sinaliza\u00e7\u00e3o de proibido jogar lixo no setor Ant\u00f4nio Joaquim Pires Martins\r\nFilho (Portelinha)."}, {"id": 219, "ano": 2021, "numero": 3, "tipo__sigla": "REQ", "tipo__descricao": "Requerimentos - Ver. Joilson Boca Preta", "autoria__autor__nome": "JOILSON BOCA PRETA", "texto_original": "http://64.23.167.191/sapl/public/materialegislativa/2021/219/requerimento_03-2021.pdf", "ementa": "\u201cRequer do Prefeito Municipal, que asfalte a pista que passa do lado da Coapa, dando acesso a aldeinha, AABB at\u00e9 a BR 235 e ilumine o percurso."}, {"id": 220, "ano": 2021, "numero": 4, "tipo__sigla": "REQ", "tipo__descricao": "Requerimentos - Ver. Joilson Boca Preta", "autoria__autor__nome": "JOILSON BOCA PRETA", "texto_original": "http://64.23.167.191/sapl/public/materialegislativa/2021/220/requerimento_04-2021.pdf", "ementa": "\u201cRequer do Prefeito Municipal, que fa\u00e7a a troca das l\u00e2mpadas do setor Canavieiras e setor Ant\u00f4nio Joaquim Pires Martins Filho (Portelinha).\u201d"}, {"id": 221, "ano": 2021, "numero": 5, "tipo__sigla": "REQ", "tipo__descricao": "Requerimentos - Ver. Joilson Boca Preta", "autoria__autor__nome": "JOILSON BOCA PRETA", "texto_original": "http://64.23.167.191/sapl/public/materialegislativa/2021/221/requerimento_05-2021.pdf", "ementa": "\u201cRequer do Prefeito Municipal, que fa\u00e7a a ilumina\u00e7\u00e3o do posto Pedro Afonso at\u00e9 o setor Joaquim Pires Martins Filho (Portelinha).\u201d"}, {"id": 222, "ano": 2021, "numero": 6, "tipo__sigla": "REQ", "tipo__descricao": "Requerimentos - Ver. Joilson Boca Preta", "autoria__autor__nome": "JOILSON BOCA PRETA", "texto_original": "http://64.23.167.191/sapl/public/materialegislativa/2021/222/requerimento_06-2021.pdf", "ementa": "\u201cRequer ao Prefeito Municipal, que reforme da ponte sobre o c\u00f3rrego Bom Tempo no povoado da Agrovila."}, {"id": 223, "ano": 2021, "numero": 7, "tipo__sigla": "REQ", "tipo__descricao": "Requerimentos - Ver. Joilson Boca Preta", "autoria__autor__nome": "JOILSON BOCA PRETA", "texto_original": "http://64.23.167.191/sapl/public/materialegislativa/2021/223/requerimento_07-2021.pdf", "ementa": "\u201cRequer do Prefeito Municipal, que fa\u00e7a a recupera\u00e7\u00e3o das ruas e avenidas (opera\u00e7\u00e3o tampa buracos) e a ro\u00e7agem dos lotes e terrenos baldios do setor Canavieiras.\u201d"}, {"id": 224, "ano": 2021, "numero": 8, "tipo__sigla": "REQ", "tipo__descricao": "Requerimentos - Ver. Joilson Boca Preta", "autoria__autor__nome": "JOILSON BOCA PRETA", "texto_original": "http://64.23.167.191/sapl/public/materialegislativa/2021/224/requerimento_08-2021.pdf", "ementa": "\u201cRequer do Prefeito Municipal, a constru\u00e7\u00e3o da ponte sobre o ribeir\u00e3o lajeado.\u201d"}, {"id": 225, "ano": 2021, "numero": 9, "tipo__sigla": "REQ", "tipo__descricao": "Requerimentos - Ver. Joilson Boca Preta", "autoria__autor__nome": "JOILSON BOCA PRETA", "texto_original": "http://64.23.167.191/sapl/public/materialegislativa/2021/225/requerimento_09-2021.pdf", "ementa": "\u201cRequer do Prefeito Municipal, a conclus\u00e3o do asfalto uma rotat\u00f3ria, ambos no Setor Aeroporto II\u201d."}, {"id": 226, "ano": 2021, "numero": 10, "tipo__sigla": "REQ", "tipo__descricao": "Requerimentos - Ver. Joilson Boca Preta", "autoria__autor__nome": "JOILSON BOCA PRETA", "texto_original": "http://64.23.167.191/sapl/public/materialegislativa/2021/226/requerimento_10-2021.pdf", "ementa": "\u201cRequer do Prefeito Municipal, que fa\u00e7a a reforma da rodovi\u00e1ria de Pedro Afonso - TO\u201d."}, {"id": 227, "ano": 2021, "numero": 11, "tipo__sigla": "REQ", "tipo__descricao": "Requerimentos - Ver. Joilson Boca Preta", "autoria__autor__nome": "JOILSON BOCA PRETA", "texto_original": "http://64.23.167.191/sapl/public/materialegislativa/2021/227/requerimento_11-2021.pdf", "ementa": "\u201cRequer do Prefeito Municipal, que encaminhe oficio, atrav\u00e9s Energisa, que fa\u00e7a a troca dos cabos NU pelo cabo Multiplex na UC 82903201-8 Campo de Futebol society Domingos Santana (Pingo) \u201d."}, {"id": 228, "ano": 2021, "numero": 12, "tipo__sigla": "REQ", "tipo__descricao": "Requerimentos - Ver. Joilson Boca Preta", "autoria__autor__nome": "JOILSON BOCA PRETA", "texto_original": "http://64.23.167.191/sapl/public/materialegislativa/2021/228/requerimento_12-2021.pdf", "ementa": "\u201cRequer do Prefeito Municipal, que fa\u00e7a a instala\u00e7\u00e3o el\u00e9trica da quadra poliesportiva do setor Ant\u00f4nio Joaquim Pires Martins Filho (Portelinha).\u201d"}, {"id": 229, "ano": 2021, "numero": 13, "tipo__sigla": "REQ", "tipo__descricao": "Requerimentos - Ver. Joilson Boca Preta", "autoria__autor__nome": "JOILSON BOCA PRETA", "texto_original": "http://64.23.167.191/sapl/public/materialegislativa/2021/229/requerimento_13-2021.pdf", "ementa": "\u201cRequer do Prefeito Municipal, que fa\u00e7a a sinaliza\u00e7\u00e3o das faixas de pedestre. \u201d"}, {"id": 230, "ano": 2021, "numero": 15, "tipo__sigla": "REQ", "tipo__descricao": "Requerimentos - Ver. Joilson Boca Preta", "autoria__autor__nome": "JOILSON BOCA PRETA", "texto_original": "http://64.23.167.191/sapl/public/materialegislativa/2021/230/requerimento_15-2021.pdf", "ementa": "Requer ao Prefeito Municipal interditar os acessos de \u00e1reas de banho dos Rios Tocantins (Antiga descida da Balsa) e Rio Sono para evitar a entrada de pessoas e autom\u00f3veis."}, {"id": 231, "ano": 2021, "numero": 16, "tipo__sigla": "REQ", "tipo__descricao": "Requerimentos - Ver. Joilson Boca Preta", "autoria__autor__nome": "JOILSON BOCA PRETA", "texto_original": "http://64.23.167.191/sapl/public/materialegislativa/2021/231/requerimento_16-2021.pdf", "ementa": "Requer ao Prefeito Municipal que construa um campo de futebol com kit de irriga\u00e7\u00e3o e po\u00e7o artesiano, na regi\u00e3o do Rio Negro."}, {"id": 232, "ano": 2021, "numero": 17, "tipo__sigla": "REQ", "tipo__descricao": "Requerimentos - Ver. Joilson Boca Preta", "autoria__autor__nome": "JOILSON BOCA PRETA", "texto_original": "http://64.23.167.191/sapl/public/materialegislativa/2021/232/requerimento_17-2021.pdf", "ementa": "Requer ao Prefeito Municipal que fa\u00e7a a reforma da ponte que d\u00e1 acesso a fazenda do Senhor Manoel Oliveira, na regi\u00e3o do Rio Negro."}, {"id": 233, "ano": 2021, "numero": 18, "tipo__sigla": "REQ", "tipo__descricao": "Requerimentos - Ver. Joilson Boca Preta", "autoria__autor__nome": "JOILSON BOCA PRETA", "texto_original": "http://64.23.167.191/sapl/public/materialegislativa/2021/233/requerimento_18-2021.pdf", "ementa": "Requer ao Prefeito Municipal que construa uma ponte sobre o c\u00f3rrego Ribeir\u00e3o que liga o setor Castanheiras ao setor Aeroporto II."}, {"id": 204, "ano": 2021, "numero": 1, "tipo__sigla": "REQ", "tipo__descricao": "Requerimentos - Ver. Jader Mariano", "autoria__autor__nome": "JADER MARIANO", "texto_original": "http://64.23.167.191/sapl/public/materialegislativa/2021/204/requerimento__001-2021.pdf", "ementa": "Requer do Prefeito Municipal, a limpeza dos lotes do Setor Canavieiras."}, {"id": 205, "ano": 2021, "numero": 2, "tipo__sigla": "REQ", "tipo__descricao": "Requerimentos - Ver. Jader Mariano", "autoria__autor__nome": "JADER MARIANO", "texto_original": "http://64.23.167.191/sapl/public/materialegislativa/2021/205/requerimento__002-2021.pdf", "ementa": "Requer do Prefeito Municipal, a reconstru\u00e7\u00e3o dos quebra-molas de frente com a pizzaria Arte Massa."}, {"id": 206, "ano": 2021, "numero": 3, "tipo__sigla": "REQ", "tipo__descricao": "Requerimentos - Ver. Jader Mariano", "autoria__autor__nome": "JADER MARIANO", "texto_original": "http://64.23.167.191/sapl/public/materialegislativa/2021/206/requerimento__003-2021.pdf", "ementa": "Requer do Prefeito Municipal, a ilumina\u00e7\u00e3o da entrada do Setor Castanheira."}, {"id": 207, "ano": 2021, "numero": 4, "tipo__sigla": "REQ", "tipo__descricao": "Requerimentos - Ver. Jader Mariano", "autoria__autor__nome": "JADER MARIANO", "texto_original": "http://64.23.167.191/sapl/public/materialegislativa/2021/207/requerimento__004-2021.pdf", "ementa": "Requer do Prefeito Municipal, disponibiliza\u00e7\u00e3o de um gerador de energia para ajudar na constru\u00e7\u00e3o do pr\u00e9dio Bom Jesus Leil\u00f5es."}, {"id": 208, "ano": 2021, "numero": 5, "tipo__sigla": "REQ", "tipo__descricao": "Requerimentos - Ver. Jader Mariano", "autoria__autor__nome": "JADER MARIANO", "texto_original": "http://64.23.167.191/sapl/public/materialegislativa/2021/208/requerimento__005-2021.pdf", "ementa": "Requer do Prefeito Municipal, que fa\u00e7a opera\u00e7\u00e3o tampa buracos em toda a AV. Mestre Bento."}, {"id": 209, "ano": 2021, "numero": 7, "tipo__sigla": "REQ", "tipo__descricao": "Requerimentos - Ver. Jader Mariano", "autoria__autor__nome": "JADER MARIANO", "texto_original": "http://64.23.167.191/sapl/public/materialegislativa/2021/209/requerimento__007-2021.pdf", "ementa": "Requer do Prefeito Municipal, que fa\u00e7a um (01) quebra-molas no setor Zacarias Campelo, Rua Piau\u00ed."}, {"id": 210, "ano": 2021, "numero": 8, "tipo__sigla": "REQ", "tipo__descricao": "Requerimentos - Ver. Jader Mariano", "autoria__autor__nome": "JADER MARIANO", "texto_original": "http://64.23.167.191/sapl/public/materialegislativa/2021/210/requerimento__008-2021.pdf", "ementa": "Requer do Prefeito Municipal, que duas (02) caixas d\u2019\u00e1guas e fa\u00e7a o forro na feira coberta Clovis Tavares Noleto."}, {"id": 211, "ano": 2021, "numero": 9, "tipo__sigla": "REQ", "tipo__descricao": "Requerimentos - Ver. Jader Mariano", "autoria__autor__nome": "JADER MARIANO", "texto_original": "http://64.23.167.191/sapl/public/materialegislativa/2021/211/requerimento__009-2021.pdf", "ementa": "Requer do Prefeito Municipal, que envie maquin\u00e1rios para abrir uma estrada na propriedade da senhora Helenice Pinheiro da Silva Cavalcante."}, {"id": 212, "ano": 2021, "numero": 1, "tipo__sigla": "REQ", "tipo__descricao": "Requerimentos - Ver. Jo\u00e3o do Povo", "autoria__autor__nome": "JO\u00c3O DO POVO", "texto_original": "http://64.23.167.191/sapl/public/materialegislativa/2021/212/requerimento_-001-2021.pdf", "ementa": "Requer do Poder Executivo envio de trator de grade para atender ao senhor Lucimar Pereira da Luz no Munic\u00edpio de Bom Jesus do Tocantins."}, {"id": 213, "ano": 2021, "numero": 7, "tipo__sigla": "REQ", "tipo__descricao": "Requerimentos - Ver. Jo\u00e3o do Povo", "autoria__autor__nome": "JO\u00c3O DO POVO", "texto_original": "http://64.23.167.191/sapl/public/materialegislativa/2021/213/requerimento_-007-2021.pdf", "ementa": "Requer do Poder Executivo que construa dois (02) quebra-molas na avenida marginal sul setor Canavieiras em frente a P.A. Marmoraria."}, {"id": 214, "ano": 2021, "numero": 8, "tipo__sigla": "REQ", "tipo__descricao": "Requerimentos - Ver. Jo\u00e3o do Povo", "autoria__autor__nome": "JO\u00c3O DO POVO", "texto_original": "http://64.23.167.191/sapl/public/materialegislativa/2021/214/requerimento_-008-2021.pdf", "ementa": "Requer do Poder Executivo que construa quatro (04) quebra-molas nas Ruas 26 de julho, Manoel Alves da Rocha e a Rua Espirito Santo."}, {"id": 215, "ano": 2021, "numero": 9, "tipo__sigla": "REQ", "tipo__descricao": "Requerimentos - Ver. Jo\u00e3o do Povo", "autoria__autor__nome": "JO\u00c3O DO POVO", "texto_original": "http://64.23.167.191/sapl/public/materialegislativa/2021/215/requerimento_-009-2021.pdf", "ementa": "Requer do Poder Executivo que revitalize as sinaliza\u00e7\u00f5es e faixas de pedestre em todas as ruas e avenidas de Pedro Afonso."}, {"id": 216, "ano": 2021, "numero": 10, "tipo__sigla": "REQ", "tipo__descricao": "Requerimentos - Ver. Jo\u00e3o do Povo", "autoria__autor__nome": "JO\u00c3O DO POVO", "texto_original": "http://64.23.167.191/sapl/public/materialegislativa/2021/216/requerimento_-010-2021.pdf", "ementa": "Requer do Poder Executivo que construa dois quebra-molas no residencial castanheiro."}, {"id": 283, "ano": 2021, "numero": 1, "tipo__sigla": "REQ", "tipo__descricao": "Requerimentos - Ver. Sipriano Soares", "autoria__autor__nome": "SIPRIANO SOARES", "texto_original": "http://64.23.167.191/sapl/public/materialegislativa/2021/283/requerimento_no_01-2021.pdf", "ementa": "Requer ao Chefe do Poder Executivo Municipal, que seja deslocada maquinas (P\u00e1 Mec\u00e2nica, Patrol e Ca\u00e7amba) para desenvolver servi\u00e7os na Zona Rural do Munic\u00edpio de Bom Jesus do Tocantins."}, {"id": 284, "ano": 2021, "numero": 3, "tipo__sigla": "REQ", "tipo__descricao": "Requerimentos - Ver. Sipriano Soares", "autoria__autor__nome": "SIPRIANO SOARES", "texto_original": "http://64.23.167.191/sapl/public/materialegislativa/2021/284/requerimento_no_003-2021.pdf", "ementa": "Requer ao Chefe do Poder Executivo Municipal, que seja deslocada maquinas (retroescavadeira) para fazer uma pequena represa na Zona Rural do Munic\u00edpio de Bom Jesus do Tocantins na propriedade do senhor Rivaldo Batista da Silva na ch\u00e1cara Alvorada."}, {"id": 285, "ano": 2021, "numero": 4, "tipo__sigla": "REQ", "tipo__descricao": "Requerimentos - Ver. Sipriano Soares", "autoria__autor__nome": "SIPRIANO SOARES", "texto_original": "http://64.23.167.191/sapl/public/materialegislativa/2021/285/requerimento_no_004-2021.pdf", "ementa": "REQUER PROVID\u00caNCIAS NO SENTIDO DE EXIMIR DE REQUERER, NOS PROCESSOS DE EXECU\u00c7\u00c3O FISCAL, EM RAZ\u00c3O DA COBRAN\u00c7A DE\r\nD\u00cdVIDAS RELATIVA AO IPTU, A PENHORA DO \u00daNICO BEM IM\u00d3VEL DE UMA FAM\u00cdLIA, O QUAL \u00c9 CONSIDERANDO \u201cBEM DE FAM\u00cdLIA\u201d, E, PORTANTO, \u00c9\r\nIMPENHOR\u00c1VEL."}, {"id": 654, "ano": 2021, "numero": 1, "tipo__sigla": "PLC", "tipo__descricao": "Projeto de Lei Complementar", "autoria__autor__nome": "Joaquim Martins Pinheiro Filho", "texto_original": "http://64.23.167.191/sapl/public/materialegislativa/2021/654/proj.leicompl._01_2021_refis.pdf", "ementa": "\"INSTITUI O PROGRAMA DE RECUPERA\u00c7\u00c3O FISCAL - REFIS PEDRO AFONSO/2021 - DO MUNIC\u00cdPIO DE PEDRO AFONSO, ESTADO DO TOCANTINS, E D\u00c1 OUTRAS PROVIDENCIAS.\""}, {"id": 655, "ano": 2021, "numero": 2, "tipo__sigla": "PLC", "tipo__descricao": "Projeto de Lei Complementar", "autoria__autor__nome": "Joaquim Martins Pinheiro Filho", "texto_original": "http://64.23.167.191/sapl/public/materialegislativa/2021/655/proj.leicompl._02_2021_cercas_vivas_cod.posturas.pdf", "ementa": "\"ALTERA LEI N\u00ba 41/2017, CONCERNENTE AO C\u00d3DIGO DE POSTURAS DE PEDRO AFONSO (LEI N\u00ba 223/2011), E D\u00c1 OUTRAS PROVIDENCIAS.\""}, {"id": 656, "ano": 2021, "numero": 3, "tipo__sigla": "PLC", "tipo__descricao": "Projeto de Lei Complementar", "autoria__autor__nome": "Joaquim Martins Pinheiro Filho", "texto_original": "http://64.23.167.191/sapl/public/materialegislativa/2021/656/proj.leicompl._03_2021_cercas_vivas_cod.obras.pdf", "ementa": "\"ALTERA LEI N\u00ba 016/98 (C\u00d3DIGO DE OBRAS E EDIFICA\u00c7\u00d5ES DO MUNIC\u00cdPIO DE PEDRO AFONSO), NO QUE TANGE ART. 40, E D\u00c1 OUTRAS PROVIDENCIAS.\""}, {"id": 670, "ano": 2021, "numero": 4, "tipo__sigla": "PLC", "tipo__descricao": "Projeto de Lei Complementar", "autoria__autor__nome": "MARQUIM CATABRIGA", "texto_original": "http://64.23.167.191/sapl/public/materialegislativa/2021/670/projeto_de_lei_complementar_no_001-2021_-_02-03.pdf", "ementa": "PROJETO DE LEI COMPLEMENTAR N\u00b0 01/2021 - VER. MARQUIM CATABRIGA: \u201cDISP\u00d5E SOBRE A ALTERA\u00c7\u00c3O DA REDA\u00c7\u00c3O DO ART 31 DO C\u00d3DIGO DE POSTURAS DO MUNIC\u00cdPIO DE PEDRO AFONSO\u201d."}, {"id": 679, "ano": 2021, "numero": 5, "tipo__sigla": "PLC", "tipo__descricao": "Projeto de Lei Complementar", "autoria__autor__nome": "MARQUIM CATABRIGA", "texto_original": "http://64.23.167.191/sapl/public/materialegislativa/2021/679/00_-_projeto_de_lei_complementar_no_002_-_2021_alterando_codigo_de_postura_-_10-05.pdf", "ementa": "PROJETO DE LEI COMPLEMENTAR N\u00b0 02/2021 - VER. MARQUIM CATABRIGA: \u201cDISP\u00d5E SOBRE A ALTERA\u00c7\u00c3O DA REDA\u00c7\u00c3O DO ART 31 DO C\u00d3DIGO DE POSTURAS DO MUNIC\u00cdPIO DE PEDRO AFONSO\u201d."}, {"id": 629, "ano": 2021, "numero": 1, "tipo__sigla": "PRE", "tipo__descricao": "Projeto de Resolu\u00e7\u00e3o", "autoria__autor__nome": "JADER MARIANO", "texto_original": "http://64.23.167.191/sapl/public/materialegislativa/2021/629/projeto_de_resolucao_no_001-2021_-_jader_16-08.pdf", "ementa": "Projeto de Resolu\u00e7\u00e3o n\u00ba 001/2021 - Ver. Jader Mariano: \u201cInstitui no Munic\u00edpio, o Programa \"C\u00e2mara Vai \u00e0 Escola\u201d."}, {"id": 630, "ano": 2021, "numero": 2, "tipo__sigla": "PRE", "tipo__descricao": "Projeto de Resolu\u00e7\u00e3o", "autoria__autor__nome": "MARQUIM CATABRIGA", "texto_original": "http://64.23.167.191/sapl/public/materialegislativa/2021/630/projeto_de_resolucao_no_001_2021_-_pastor_jose_carlos_bezerra_-_13-09.pdf", "ementa": "Projeto de Resolu\u00e7\u00e3o n\u00ba 001/2021 - Ver. Marquim Catabriga: \u201cAUTORIZA A MESA DIRETORA DA CAMARA MUNICIPAL DE PEDRO AFONSO \u2013 TO, A CONCEDER O TITULO DE CIDAD\u00c3O PEDROAFONSINO AO SENHOR JOS\u00c9 CARLOS BEZERRA\u201d."}, {"id": 106, "ano": 2021, "numero": 1, "tipo__sigla": "AUTL", "tipo__descricao": "Aut\u00f3grafo de Lei", "autoria__autor__nome": "SIPRIANO SOARES", "texto_original": "http://64.23.167.191/sapl/public/materialegislativa/2021/106/autografos_001-2021.pdf", "ementa": "\u201cDISP\u00d5E SOBRE ALTERA\u00c7\u00c3O DO DENOMINADO \u201cANEXO I\u201d \u2013 SOB ESPECIFICIDADE R\u00cdGIDA DE PROP\u00d3SITO -, CONSTANTE DA LEI N.\u00ba 04/2020, E D\u00c1\r\nOUTRAS PROVID\u00caNCIAS.\u201d"}, {"id": 107, "ano": 2021, "numero": 2, "tipo__sigla": "AUTL", "tipo__descricao": "Aut\u00f3grafo de Lei", "autoria__autor__nome": "SIPRIANO SOARES", "texto_original": "http://64.23.167.191/sapl/public/materialegislativa/2021/107/autografos_002-2021.pdf", "ementa": "\u201cDISP\u00d5E SOBRE AUTORIZA\u00c7\u00c3O \u00c0 CONTINUIDADE DA DENOMINADA \u201cSECRETARIA MUNICIPAL EXTRAORDIN\u00c1RIA PARA RESOLU\u00c7\u00d5ES DE\r\nPROBLEM\u00c1TICAS PLUVIAIS\u201d - SOB PER\u00cdODO R\u00cdGIDO E DETERMINADO -, CONSOANTE \u00c0 LEI N\u00ba 015/2020 (\u201cLEI OR\u00c7AMENT\u00c1RIA 2021\u201d), E D\u00c1 OUTRAS PROVID\u00caNCIAS.\u201d"}, {"id": 108, "ano": 2021, "numero": 3, "tipo__sigla": "AUTL", "tipo__descricao": "Aut\u00f3grafo de Lei", "autoria__autor__nome": "SIPRIANO SOARES", "texto_original": "http://64.23.167.191/sapl/public/materialegislativa/2021/108/autografos_003-2021.pdf", "ementa": "\u201cDisp\u00f5e acerca da altera\u00e7\u00e3o da denomina\u00e7\u00e3o da Rua 5, no Setor Bela Vista, para Rua Raimundo Joaquim Bezerra\u201d."}, {"id": 109, "ano": 2021, "numero": 4, "tipo__sigla": "AUTL", "tipo__descricao": "Aut\u00f3grafo de Lei", "autoria__autor__nome": "SIPRIANO SOARES", "texto_original": "http://64.23.167.191/sapl/public/materialegislativa/2021/109/autografos_004-2021.pdf", "ementa": "\"Institui multa para a pr\u00e1tica de fraude \u00e0 ordem de prefer\u00eancia de imuniza\u00e7\u00e3o contra a COVID-19 e outras campanhas vacinais no Munic\u00edpio de Pedro Afonso e d\u00e1 outras provid\u00eancias.\""}, {"id": 110, "ano": 2021, "numero": 5, "tipo__sigla": "AUTL", "tipo__descricao": "Aut\u00f3grafo de Lei", "autoria__autor__nome": "SIPRIANO SOARES", "texto_original": "http://64.23.167.191/sapl/public/materialegislativa/2021/110/autografos_005-2021.pdf", "ementa": "\"Institui multa para a pr\u00e1tica de fraude \u00e0 ordem de prefer\u00eancia de imuniza\u00e7\u00e3o contra a COVID-19 e outras campanhas vacinais no Munic\u00edpio de Pedro Afonso e d\u00e1 outras provid\u00eancias.\""}, {"id": 111, "ano": 2021, "numero": 6, "tipo__sigla": "AUTL", "tipo__descricao": "Aut\u00f3grafo de Lei", "autoria__autor__nome": "SIPRIANO SOARES", "texto_original": "http://64.23.167.191/sapl/public/materialegislativa/2021/111/autografos_006-2021.pdf", "ementa": "\u201cRATIFICA PROTOCOLO DE INTEN\u00c7\u00d5ES FIRMADO ENTRE MUNIC\u00cdPIOS BRASILEIROS, COM A FINALIDADE DE ADQUIRIR VACINAS PARA COMBATE \u00c0 PANDEMIA DO CORONAV\u00cdRUS: MEDICAMENTOS, INSUMOS E EQUIPAMENTOS NA \u00c1REA DA SA\u00daDE.\u201d"}, {"id": 112, "ano": 2021, "numero": 7, "tipo__sigla": "AUTL", "tipo__descricao": "Aut\u00f3grafo de Lei", "autoria__autor__nome": "SIPRIANO SOARES", "texto_original": "http://64.23.167.191/sapl/public/materialegislativa/2021/112/autografos_007-2021.pdf", "ementa": "\u201cDisp\u00f5e sobre a obriga\u00e7\u00e3o da transmiss\u00e3o, ao vivo e via internet, das licita\u00e7\u00f5es do Poder Executivo\u201d."}, {"id": 113, "ano": 2021, "numero": 8, "tipo__sigla": "AUTL", "tipo__descricao": "Aut\u00f3grafo de Lei", "autoria__autor__nome": "SIPRIANO SOARES", "texto_original": "http://64.23.167.191/sapl/public/materialegislativa/2021/113/autografos_008-2021.pdf", "ementa": "\u201cDISP\u00d5E SOBRE A REESTRUTURA\u00c7\u00c3O DO CONSELHO MUNICIPAL DE ACOMPANHAMENTO E CONTROLE SOCIAL DO FUNDO DE MANUTEN\u00c7\u00c3O E DESENVOLVIMENTO DA EDUCA\u00c7\u00c3O B\u00c1SICA E DE VALORIZA\u00c7\u00c3O DOS PROFISSIONAIS DA EDUCA\u00c7\u00c3O - CACS-FUNDEB - DO MUNICIPIO DE PEDRO AFONSO E D\u00c1 OUTRAS PROVID\u00caNCIAS\u201d."}, {"id": 114, "ano": 2021, "numero": 9, "tipo__sigla": "AUTL", "tipo__descricao": "Aut\u00f3grafo de Lei", "autoria__autor__nome": "SIPRIANO SOARES", "texto_original": "http://64.23.167.191/sapl/public/materialegislativa/2021/114/autografos_009-2021.pdf", "ementa": "\u201cDISP\u00d5E SOBRE A ALTERA\u00c7\u00c3O DA REDA\u00c7\u00c3O DO ART 31 DO C\u00d3DIGO DE POSTURAS DO MUNIC\u00cdPIO DE PEDRO AFONSO\u201d."}, {"id": 115, "ano": 2021, "numero": 10, "tipo__sigla": "AUTL", "tipo__descricao": "Aut\u00f3grafo de Lei", "autoria__autor__nome": "SIPRIANO SOARES", "texto_original": "http://64.23.167.191/sapl/public/materialegislativa/2021/115/autografos_010-2021.pdf", "ementa": "\u201cESTABELECE AS IGREJAS, OS TEMPLOS RELIGIOSOS DE QUALQUER CULTO E AS COMUNIDADES MISSION\u00c1RIAS COMO ATIVIDADE ESSENCIAL NO MUNIC\u00cdPIO DE PEDRO AFONSO\u201d."}, {"id": 116, "ano": 2021, "numero": 11, "tipo__sigla": "AUTL", "tipo__descricao": "Aut\u00f3grafo de Lei", "autoria__autor__nome": "SIPRIANO SOARES", "texto_original": "http://64.23.167.191/sapl/public/materialegislativa/2021/116/autografos_011-2021.pdf", "ementa": "\u201cDISP\u00d5E SOBRE O ATENDIMENTO PREFERENCIAL \u00c0S PESSOAS COM FIBROMIALGIA NOS LOCAIS AONDE ESPECIFICA E D\u00c1 OUTRAS PROVID\u00caNCIAS\u201d."}, {"id": 117, "ano": 2021, "numero": 12, "tipo__sigla": "AUTL", "tipo__descricao": "Aut\u00f3grafo de Lei", "autoria__autor__nome": "SIPRIANO SOARES", "texto_original": "http://64.23.167.191/sapl/public/materialegislativa/2021/117/autografos_012-2021.pdf", "ementa": "\u201cDISP\u00d5E SOBRE A OBRIGATORIEDADE DE DIVULGA\u00c7\u00c3O NO SITE OFICIAL DA PREFEITURA DE PEDRO AFONSO DE INFORMA\u00c7\u00d5ES SOBRE AS OBRAS P\u00daBLICAS PARALISADAS, OS MOTIVOS DA PARALISA\u00c7\u00c3O, E O PER\u00cdODO DE INTERRUP\u00c7\u00c3O E A NOVA DATA PREVISTA PARA T\u00c9RMINO\u201d."}, {"id": 118, "ano": 2021, "numero": 13, "tipo__sigla": "AUTL", "tipo__descricao": "Aut\u00f3grafo de Lei", "autoria__autor__nome": "SIPRIANO SOARES", "texto_original": "http://64.23.167.191/sapl/public/materialegislativa/2021/118/autografos_013-2021.pdf", "ementa": "\u201cINSTITUI O PROGRAMA \u201cBANCO DE RA\u00c7\u00c3O E UTENS\u00cdLIOS PARA ANIMAIS\u201d NO MUNIC\u00cdPIO DE PEDRO AFONSO E D\u00c1 OUTRAS PROVID\u00caNCIAS\u201d."}, {"id": 119, "ano": 2021, "numero": 14, "tipo__sigla": "AUTL", "tipo__descricao": "Aut\u00f3grafo de Lei", "autoria__autor__nome": "SIPRIANO SOARES", "texto_original": "http://64.23.167.191/sapl/public/materialegislativa/2021/119/autografos_014-2021.pdf", "ementa": "\u201cDISP\u00d5E ACERCA DA DENOMINA\u00c7\u00c3O DA INSTITUI\u00c7\u00c3O DE LONGA PERMAN\u00caNCIA (CASA DO IDOSO), SITUADA NA RUA JOS\u00c9 ARA\u00daJO, NESTE MUNIC\u00cdPIO DE PEDRO AFONSO\u201d."}, {"id": 120, "ano": 2021, "numero": 15, "tipo__sigla": "AUTL", "tipo__descricao": "Aut\u00f3grafo de Lei", "autoria__autor__nome": "SIPRIANO SOARES", "texto_original": "http://64.23.167.191/sapl/public/materialegislativa/2021/120/autografos_015-2021.pdf", "ementa": "\"INSTITUI O PROGRAMA DE RECUPERA\u00c7\u00c3O FISCAL - REFIS PEDRO AFONSO/2021 - DO MUNIC\u00cdPIO DE PEDRO AFONSO, ESTADO DO TOCANTINS, E D\u00c1 OUTRAS PROVIDENCIAS.\""}, {"id": 121, "ano": 2021, "numero": 16, "tipo__sigla": "AUTL", "tipo__descricao": "Aut\u00f3grafo de Lei", "autoria__autor__nome": "SIPRIANO SOARES", "texto_original": "http://64.23.167.191/sapl/public/materialegislativa/2021/121/autografos_016-2021.pdf", "ementa": "\"DISP\u00d5E SOBRE INCLUS\u00c3O DE A\u00c7\u00c3O E CONSEQUENTES ALTERA\u00c7\u00d5ES NO PPA (PLANO PLURIANUAL) 2020-2021, NA LDO (LEI DE DIRETRIZES OR\u00c7AMENT\u00c1RIAS) 2021 E NA LOA (LEI OR\u00c7AMENT\u00c1RIA ANUAL) 2021, E D\u00c1 OUTRAS PROVIDENCIAS.\""}, {"id": 122, "ano": 2021, "numero": 17, "tipo__sigla": "AUTL", "tipo__descricao": "Aut\u00f3grafo de Lei", "autoria__autor__nome": "SIPRIANO SOARES", "texto_original": "http://64.23.167.191/sapl/public/materialegislativa/2021/122/autografos_017-2021.pdf", "ementa": "\"ESTABELECE LIMITE PARA PRECAT\u00d3RIOS DE PEQUENOS VALORES NO \u00c2MBITO DA FAZENDA P\u00daBLICA MUNICIPAL E D\u00c1 OUTRAS PROVIDENCIAS.\""}, {"id": 123, "ano": 2021, "numero": 18, "tipo__sigla": "AUTL", "tipo__descricao": "Aut\u00f3grafo de Lei", "autoria__autor__nome": "SIPRIANO SOARES", "texto_original": "http://64.23.167.191/sapl/public/materialegislativa/2021/123/autografos_018-2021.pdf", "ementa": "Institui como atividades essenciais os estabelecimentos de presta\u00e7\u00e3o de servi\u00e7os de educa\u00e7\u00e3o f\u00edsica, p\u00fablicos ou privados, como forma de prevenir doen\u00e7as f\u00edsicas e do exerc\u00edcio f\u00edsico como essenciais para a sa\u00fade da popula\u00e7\u00e3o no \u00e2mbito do Munic\u00edpio de Pedro Afonso/TO, e d\u00e1 outras providencias."}, {"id": 124, "ano": 2021, "numero": 19, "tipo__sigla": "AUTL", "tipo__descricao": "Aut\u00f3grafo de Lei", "autoria__autor__nome": "SIPRIANO SOARES", "texto_original": "http://64.23.167.191/sapl/public/materialegislativa/2021/124/autografos_019-2021.pdf", "ementa": "INSTITUI A SEMANA DE PRESERVA\u00c7\u00c3O DA MEM\u00d3RIA HIST\u00d3RICA E CULTURAL DE PEDRO AFONSO, E D\u00c1 OUTRAS PROVID\u00caNCIAS."}, {"id": 125, "ano": 2021, "numero": 20, "tipo__sigla": "AUTL", "tipo__descricao": "Aut\u00f3grafo de Lei", "autoria__autor__nome": "SIPRIANO SOARES", "texto_original": "http://64.23.167.191/sapl/public/materialegislativa/2021/125/autografos_020-2021.pdf", "ementa": "DISP\u00d5E SOBRE A CRIA\u00c7\u00c3O DO CADASTRO MUNICIPAL DE PROTETORES E CUIDADORES INDIVIDUAIS DE ANIMAIS NO MUNIC\u00cdPIO DE PEDRO AFONSO."}, {"id": 126, "ano": 2021, "numero": 21, "tipo__sigla": "AUTL", "tipo__descricao": "Aut\u00f3grafo de Lei", "autoria__autor__nome": "SIPRIANO SOARES", "texto_original": "http://64.23.167.191/sapl/public/materialegislativa/2021/126/autografos_021-2021.pdf", "ementa": "DECLARA DE UTILIDADE P\u00daBLICA AS MARGENS URBANAS DO RIO TOCANTINS E DO RIO SONO E D\u00c1 OUTRAS PROVID\u00caNCIAS."}, {"id": 127, "ano": 2021, "numero": 22, "tipo__sigla": "AUTL", "tipo__descricao": "Aut\u00f3grafo de Lei", "autoria__autor__nome": "SIPRIANO SOARES", "texto_original": "http://64.23.167.191/sapl/public/materialegislativa/2021/127/autografos_022-2021.pdf", "ementa": "AUTORIZA INSTITUIR O PROGRAMA MUNICIPAL EMPRESA AMIGA DA ESCOLA, NO \u00c2MBITO DO MUNIC\u00cdPIO DE PEDRO AFONSO, E DA OUTRAS PROVID\u00caNCIAS."}, {"id": 128, "ano": 2021, "numero": 23, "tipo__sigla": "AUTL", "tipo__descricao": "Aut\u00f3grafo de Lei", "autoria__autor__nome": "SIPRIANO SOARES", "texto_original": "http://64.23.167.191/sapl/public/materialegislativa/2021/128/autografos_023-2021.pdf", "ementa": "AUTORIZA A CRIA\u00c7\u00c3O DO PROGRAMA \u201cMAIS JOVEM PEDRO AFONSO\u201d, DESTINADO A CONTRATA\u00c7\u00c3O DE JOVENS PARA TRABALHAR EM DIVERSOS \u00c2MBITOS DA ADMINISTRA\u00c7\u00c3O DIRETA E INDIRETA DO MUNIC\u00cdPIO."}, {"id": 129, "ano": 2021, "numero": 24, "tipo__sigla": "AUTL", "tipo__descricao": "Aut\u00f3grafo de Lei", "autoria__autor__nome": "SIPRIANO SOARES", "texto_original": "http://64.23.167.191/sapl/public/materialegislativa/2021/129/autografos_024-2021.pdf", "ementa": "DISP\u00d5E SOBRE A VEDA\u00c7\u00c3O DE HOMENAGENS A PESSOAS QUE TENHAM SIDO CONDENADAS POR ATOS DE CORRUP\u00c7\u00c3O, IMPROBIDADE, CRIMES\r\nCONTRA A PESSOA, E D\u00c1 OUTRAS PROVID\u00caNCIAS"}, {"id": 130, "ano": 2021, "numero": 25, "tipo__sigla": "AUTL", "tipo__descricao": "Aut\u00f3grafo de Lei", "autoria__autor__nome": "SIPRIANO SOARES", "texto_original": "http://64.23.167.191/sapl/public/materialegislativa/2021/130/autografos_025-2021.pdf", "ementa": "\"DISP\u00d5E SOBRE DOA\u00c7\u00c3O DE \u00c1REA P\u00daBLICA MUNICIPAL \u00c0 UNI\u00c3O CENTRO OESTE BRASILEIRA DA IGREJA ADVENTISTA DO 7\u00ba DIA E D\u00c1 OUTRAS\r\nPROVID\u00caNCIAS.\""}, {"id": 131, "ano": 2021, "numero": 26, "tipo__sigla": "AUTL", "tipo__descricao": "Aut\u00f3grafo de Lei", "autoria__autor__nome": "SIPRIANO SOARES", "texto_original": "http://64.23.167.191/sapl/public/materialegislativa/2021/131/autografos_026-2021.pdf", "ementa": "\u201cINSTITUI O DI\u00c1RIO OFICIAL ELETR\u00d4NICO DO MUNIC\u00cdPIO DE PEDRO AFONSO \u2013 DOM, COMO MEIO OFICIAL DE COMUNICA\u00c7\u00c3O, PUBLICIDADE E DIVULGA\u00c7\u00c3O DOS ATOS DOS PODERES EXECUTIVO E LEGISLATIVO NO \u00c2MBITO DESTE MUNIC\u00cdPIO, E D\u00c1 OUTRAS PROVID\u00caNCIAS.\u201d"}, {"id": 132, "ano": 2021, "numero": 27, "tipo__sigla": "AUTL", "tipo__descricao": "Aut\u00f3grafo de Lei", "autoria__autor__nome": "SIPRIANO SOARES", "texto_original": "http://64.23.167.191/sapl/public/materialegislativa/2021/132/autografos_027-2021.pdf", "ementa": "\u201cDISP\u00d5E SOBRE A ALTERA\u00c7\u00c3O DA REDA\u00c7\u00c3O DO ART 31 DO C\u00d3DIGO DE POSTURAS DO MUNIC\u00cdPIO DE PEDRO AFONSO\u201d."}, {"id": 133, "ano": 2021, "numero": 28, "tipo__sigla": "AUTL", "tipo__descricao": "Aut\u00f3grafo de Lei", "autoria__autor__nome": "SIPRIANO SOARES", "texto_original": "http://64.23.167.191/sapl/public/materialegislativa/2021/133/autografos_028-2021.pdf", "ementa": "\u201cDISP\u00d5E SOBRE DENOMINA\u00c7\u00c3O DE UNIDADE P\u00daBLICA MUNICIPAL DE SA\u00daDE \u2013 \u201cCENTRO DE ESPECIALIDADES M\u00c9DICAS MIRTES MARIA SOARES DIAS\u201d \u2013 DISPOSTA NA AVENIDA ESP\u00cdRITO SANTO, SETOR MARIA GALV\u00c3O, MUNIC\u00cdPIO DE PEDRO AFONSO\u201d."}, {"id": 134, "ano": 2021, "numero": 29, "tipo__sigla": "AUTL", "tipo__descricao": "Aut\u00f3grafo de Lei", "autoria__autor__nome": "SIPRIANO SOARES", "texto_original": "http://64.23.167.191/sapl/public/materialegislativa/2021/134/autografos_029-2021.pdf", "ementa": "\u201cINSTITUI, NO CALEND\u00c1RIO OFICIAL DO MUNIC\u00cdPIO DE PEDRO AFONSO, O \u201cDIA MUNICIPAL DE CONSCI\u00caNCIA E COMBATE \u00c0S QUEIMADAS E INC\u00caNDIOS FLORESTAIS EM PEDRO AFONSO\u201d, EM SE TRATANDO DA DATA DE \u201c15 DE SETEMBRO\u201d \u2013 E D\u00c1 OUTRAS PROVID\u00caNCIAS\u201d."}, {"id": 135, "ano": 2021, "numero": 30, "tipo__sigla": "AUTL", "tipo__descricao": "Aut\u00f3grafo de Lei", "autoria__autor__nome": "SIPRIANO SOARES", "texto_original": "http://64.23.167.191/sapl/public/materialegislativa/2021/135/autografos_030-2021.pdf", "ementa": "\"ALTERA LEI N.\u00ba 34/2021, NO QUE TANGE PAR. \u00daNICO, CONSTANTE DO ARTIGO 2.\u00ba, E ARTIGO 3.\u00ba - E D\u00c1 OUTRAS PROVID\u00caNCIAS.\""}, {"id": 136, "ano": 2021, "numero": 31, "tipo__sigla": "AUTL", "tipo__descricao": "Aut\u00f3grafo de Lei", "autoria__autor__nome": "SIPRIANO SOARES", "texto_original": "http://64.23.167.191/sapl/public/materialegislativa/2021/136/autografos_031-2021.pdf", "ementa": "\"REVOGA LEI N\u00ba 92/2010, CRIA O CONSELHO MUNICIPAL DOS DIREITOS DA PESSOA IDOSA (CMDPI) NO \u00c2MBITO DO MUNIC\u00cdPIO DE PEDRO\r\nAFONSO E D\u00c1 OUTRAS PROVID\u00caNCIAS.\""}, {"id": 137, "ano": 2021, "numero": 32, "tipo__sigla": "AUTL", "tipo__descricao": "Aut\u00f3grafo de Lei", "autoria__autor__nome": "SIPRIANO SOARES", "texto_original": "http://64.23.167.191/sapl/public/materialegislativa/2021/137/autografos_032-2021.pdf", "ementa": "\u201cASSEGURA \u00c0 CRIAN\u00c7A E AO ADOLESCENTE CUJOS PAIS OU RESPONS\u00c1VEIS SEJAM PESSOAS COM DEFICI\u00caNCIA OU COM IDADE IGUAL OU\r\nSUPERIOR A 60 (SESSENTA) ANOS A M\u00c1XIMA PRIORIDADE DE VAGA EM UNIDADE DA REDE P\u00daBLICA MUNICIPAL DE ENSINO MAIS PR\u00d3XIMA DE SUA RESID\u00caNCIA\u201d."}, {"id": 138, "ano": 2021, "numero": 33, "tipo__sigla": "AUTL", "tipo__descricao": "Aut\u00f3grafo de Lei", "autoria__autor__nome": "SIPRIANO SOARES", "texto_original": "http://64.23.167.191/sapl/public/materialegislativa/2021/138/autografos_033-2021.pdf", "ementa": "\u201cACRESCE DISPOSITIVO NA LEI N\u00ba. 004/2016, VEDANDO A NOMEA\u00c7\u00c3O PARA CARGOS EM COMISS\u00c3O DE CONDENADOS PELA LEI N\u00ba. 11.340, DE\r\nAGOSTO DE 2006 \u2013 LEI MARIA DA PENHA E PELA LEI N\u00ba. 13.104/2015, DE 09 DE MAR\u00c7O DE 2015 \u2013 LEI DO FEMINIC\u00cdDIO, NO \u00c2MBITO DO MUNIC\u00cdPIO DE PEDRO AFONSO/TO\u201d."}, {"id": 139, "ano": 2021, "numero": 34, "tipo__sigla": "AUTL", "tipo__descricao": "Aut\u00f3grafo de Lei", "autoria__autor__nome": "SIPRIANO SOARES", "texto_original": "http://64.23.167.191/sapl/public/materialegislativa/2021/139/autografos_034-2021.pdf", "ementa": "\u201cTORNA OBRIGAT\u00d3RIO AS INSTITUI\u00c7\u00d5ES DE SA\u00daDE A PROCEDER AO REGISTRO E \u00c0 COMUNICA\u00c7\u00c3O IMEDIATA DE REC\u00c9M-NASCIDOS COM S\u00cdNDROME DE DOWN, \u00c1S ENTIDADES E ASSOCIA\u00c7\u00d5ES ESPECIALIZADAS QUE DESENVOLVEM ATIVIDADES COM PESSOAS COM DEFICI\u00caNCIA NO MUNIC\u00cdPIO DE PEDRO AFONSO, E D\u00c1 OUTRAS PROVID\u00caNCIAS\u201d."}, {"id": 140, "ano": 2021, "numero": 35, "tipo__sigla": "AUTL", "tipo__descricao": "Aut\u00f3grafo de Lei", "autoria__autor__nome": "SIPRIANO SOARES", "texto_original": "http://64.23.167.191/sapl/public/materialegislativa/2021/140/autografos_035-2021.pdf", "ementa": "\u201cDISP\u00d5E SOBRE A OBRIGATORIEDADE DE INSTALA\u00c7\u00c3O DE ARM\u00c1RIOS GUARDA-VOLUMES NOS ESTABELECIMENTOS BANC\u00c1RIOS E COOPERATIVAS DE CR\u00c9DITO, NAS \u00c1REAS EM QUE ANTECEDEM AS PORTAS QUE POSSUEM DISPOSITIVOS DE TRAVAMENTO ELETR\u00d4NICO, NO \u00c2MBITO DO MUNIC\u00cdPIO DE PEDRO AFONSO\u201d."}, {"id": 141, "ano": 2021, "numero": 36, "tipo__sigla": "AUTL", "tipo__descricao": "Aut\u00f3grafo de Lei", "autoria__autor__nome": "SIPRIANO SOARES", "texto_original": "http://64.23.167.191/sapl/public/materialegislativa/2021/141/autografos_036-2021.pdf", "ementa": "Disp\u00f5e sobre as diretrizes para a elabora\u00e7\u00e3o da lei de diretrizes or\u00e7ament\u00e1rias de 2022 e d\u00e1 outras provid\u00eancias."}, {"id": 142, "ano": 2021, "numero": 37, "tipo__sigla": "AUTL", "tipo__descricao": "Aut\u00f3grafo de Lei", "autoria__autor__nome": "SIPRIANO SOARES", "texto_original": "http://64.23.167.191/sapl/public/materialegislativa/2021/142/autografos_037-2021.pdf", "ementa": "\"Cria o \u201cconselho municipal dos direitos HUMANOS/COMUDH\u201d no \u00e2mbito do munic\u00edpio de Pedro Afonso e d\u00e1 outras provid\u00eancias.\""}, {"id": 143, "ano": 2021, "numero": 38, "tipo__sigla": "AUTL", "tipo__descricao": "Aut\u00f3grafo de Lei", "autoria__autor__nome": "SIPRIANO SOARES", "texto_original": "http://64.23.167.191/sapl/public/materialegislativa/2021/143/autografos_038-2021.pdf", "ementa": "\"DISP\u00d5E SOBRE DENOMINA\u00c7\u00c3O DE PAL\u00c1CIO EMILIANO C\u00c2MARA PORTILHO E D\u00c1 OUTRAS PROVID\u00caNCIAS.\""}, {"id": 144, "ano": 2021, "numero": 39, "tipo__sigla": "AUTL", "tipo__descricao": "Aut\u00f3grafo de Lei", "autoria__autor__nome": "SIPRIANO SOARES", "texto_original": "http://64.23.167.191/sapl/public/materialegislativa/2021/144/autografos_039-2021.pdf", "ementa": "\"Disp\u00f5e sobre a autoriza\u00e7\u00e3o de uso por prazo determinado de im\u00f3veis p\u00fablicos por particulares e autom\u00e1tica revoga\u00e7\u00e3o da Lei n\u00b0 001-A/2017.\""}, {"id": 145, "ano": 2021, "numero": 40, "tipo__sigla": "AUTL", "tipo__descricao": "Aut\u00f3grafo de Lei", "autoria__autor__nome": "SIPRIANO SOARES", "texto_original": "http://64.23.167.191/sapl/public/materialegislativa/2021/145/autografos_040-2021.pdf", "ementa": "\"ALTERA LEI N\u00ba 41/2017, CONCERNENTE AO C\u00d3DIGO DE POSTURAS DE PEDRO AFONSO (LEI N\u00ba 223/2011), E D\u00c1 OUTRAS PROVIDENCIAS.\""}, {"id": 146, "ano": 2021, "numero": 41, "tipo__sigla": "AUTL", "tipo__descricao": "Aut\u00f3grafo de Lei", "autoria__autor__nome": "SIPRIANO SOARES", "texto_original": "http://64.23.167.191/sapl/public/materialegislativa/2021/146/autografos_041-2021.pdf", "ementa": "\"ALTERA LEI N\u00ba 016/98 (C\u00d3DIGO DE OBRAS E EDIFICA\u00c7\u00d5ES DO MUNIC\u00cdPIO DE PEDRO AFONSO), NO QUE TANGE ART. 40, E D\u00c1 OUTRAS PROVIDENCIAS.\""}, {"id": 147, "ano": 2021, "numero": 42, "tipo__sigla": "AUTL", "tipo__descricao": "Aut\u00f3grafo de Lei", "autoria__autor__nome": "SIPRIANO SOARES", "texto_original": "http://64.23.167.191/sapl/public/materialegislativa/2021/147/autografos_042-2021.pdf", "ementa": "\"DISP\u00d5E SOBRE A ESTIMATIVA DO PLANO PLURIANUAL PARA O PER\u00cdODO 2022 A 2025 E D\u00c1 OUTRAS PROVID\u00caNCIAS.\""}, {"id": 148, "ano": 2021, "numero": 43, "tipo__sigla": "AUTL", "tipo__descricao": "Aut\u00f3grafo de Lei", "autoria__autor__nome": "SIPRIANO SOARES", "texto_original": "http://64.23.167.191/sapl/public/materialegislativa/2021/148/autografos_043-2021.pdf", "ementa": "\"ESTIMA A RECEITA E FIXA A DESPESA DO MUNIC\u00cdPIO PARA O EXERC\u00cdCIO DE 2022.\""}, {"id": 149, "ano": 2021, "numero": 44, "tipo__sigla": "AUTL", "tipo__descricao": "Aut\u00f3grafo de Lei", "autoria__autor__nome": "SIPRIANO SOARES", "texto_original": "http://64.23.167.191/sapl/public/materialegislativa/2021/149/autografos_044-2021.pdf", "ementa": "\"REVOGA LEIS N.\u00bas 66/2009, 77/2009 E 242/2011, DISP\u00d5E SOBRE O \u201cSISTEMA \u00daNICO DE ASSIST\u00caNCIA SOCIAL - SUAS\u201d NO \u00c2MBITO DO MUNIC\u00cdPIO DE PEDRO AFONSO \u2013 ESTADO DO TOCANTINS - E D\u00c1 OUTRAS PROVID\u00caNCIAS.\""}, {"id": 150, "ano": 2021, "numero": 45, "tipo__sigla": "AUTL", "tipo__descricao": "Aut\u00f3grafo de Lei", "autoria__autor__nome": "SIPRIANO SOARES", "texto_original": "http://64.23.167.191/sapl/public/materialegislativa/2021/150/autografos_045-2021.pdf", "ementa": "\"DISP\u00d5E SOBRE A \u201cPOL\u00cdTICA MUNICIPAL DE DESCARTE E COLETA DE MEDICAMENTOS VENCIDOS DE USO HUMANO\u201d NO \u00c2MBITO DO MUNIC\u00cdPIO DE PEDRO AFONSO, E D\u00c1 OUTRAS PROVID\u00caNCIAS.\""}, {"id": 151, "ano": 2021, "numero": 46, "tipo__sigla": "AUTL", "tipo__descricao": "Aut\u00f3grafo de Lei", "autoria__autor__nome": "SIPRIANO SOARES", "texto_original": "http://64.23.167.191/sapl/public/materialegislativa/2021/151/autografos_046-2021.pdf", "ementa": "\"INSTITUI A INDENIZA\u00c7\u00c3O EXTRAORDIN\u00c1RIA AOS PROFISSIONAIS DE SA\u00daDE QUE ATUAM NA LINHA DE FRENTE NO COMBATE E ENFRENTAMENTO \u00c0 PANDEMIA DO COVID-19 NO MUNIC\u00cdPIO DE PEDRO AFONSO E D\u00c1 OUTRAS PROVID\u00caNCIAS.\""}, {"id": 152, "ano": 2021, "numero": 47, "tipo__sigla": "AUTL", "tipo__descricao": "Aut\u00f3grafo de Lei", "autoria__autor__nome": "SIPRIANO SOARES", "texto_original": "http://64.23.167.191/sapl/public/materialegislativa/2021/152/autografos_047-2021.pdf", "ementa": "\"DISP\u00d5E SOBRE AUTORIZA\u00c7\u00c3O PARA TRANSPOSI\u00c7\u00c3O DE VALORES, CONFORME ESPECIFICA, E D\u00c1 OUTRAS PROVID\u00caNCIAS.\""}, {"id": 153, "ano": 2021, "numero": 48, "tipo__sigla": "AUTL", "tipo__descricao": "Aut\u00f3grafo de Lei", "autoria__autor__nome": "SIPRIANO SOARES", "texto_original": "http://64.23.167.191/sapl/public/materialegislativa/2021/153/autografos_048-2021.pdf", "ementa": "\"DISP\u00d5E SOBRE AUTORIZA\u00c7\u00c3O PARA DOA\u00c7\u00c3O DE \u00c1REA P\u00daBLICA E D\u00c1 OUTRAS PROVID\u00caNCIAS.\""}, {"id": 154, "ano": 2021, "numero": 49, "tipo__sigla": "AUTL", "tipo__descricao": "Aut\u00f3grafo de Lei", "autoria__autor__nome": "SIPRIANO SOARES", "texto_original": "http://64.23.167.191/sapl/public/materialegislativa/2021/154/autografos_049-2021.pdf", "ementa": "\"AUTORIZA O PODER EXECUTIVO MUNICIPAL \u00c0 REPASSAR AOS AGENTES COMUNIT\u00c1RIOS DE SA\u00daDE \u2013 ACS, AOS AGENTES DE COMBATE \u00c1S\r\nENDEMIAS - ACE, INCENTIVO FINANCEIRO ADICIONAL, E OUTRAS PROVID\u00caNCIAS.\""}, {"id": 155, "ano": 2021, "numero": 50, "tipo__sigla": "AUTL", "tipo__descricao": "Aut\u00f3grafo de Lei", "autoria__autor__nome": "SIPRIANO SOARES", "texto_original": "http://64.23.167.191/sapl/public/materialegislativa/2021/155/autografos_050-2021.pdf", "ementa": "\u201cDISP\u00d5E SOBRE COMPLEMENTO CONSTITUCIONAL DOS PROFISSIONAIS DA EDUCA\u00c7\u00c3O B\u00c1SICA EM EFETIVO EXERC\u00cdCIO E D\u00c1 OUTRAS\r\nPROVID\u00caNCIAS.\u201d"}, {"id": 634, "ano": 2021, "numero": 3, "tipo__sigla": "PLE", "tipo__descricao": "Projeto de Lei do Executivo", "autoria__autor__nome": "Joaquim Martins Pinheiro Filho", "texto_original": "http://64.23.167.191/sapl/public/materialegislativa/2021/634/projeto_de_lei_003-2021_prefeitura.pdf", "ementa": "\u201cDISP\u00d5E SOBRE A REESTRUTURA\u00c7\u00c3O DO CONSELHO MUNICIPAL DE ACOMPANHAMENTO E CONTROLE SOCIAL DO FUNDO DE MANUTEN\u00c7\u00c3O E\r\nDESENVOLVIMENTO DA EDUCA\u00c7\u00c3O B\u00c1SICA E DE VALORIZA\u00c7\u00c3O DOS PROFISSIONAIS DA EDUCA\u00c7\u00c3O - CACS-FUNDEB - DO MUNICIPIO DE PEDRO AFONSO E D\u00c1 OUTRAS PROVID\u00caNCIAS\u201d."}, {"id": 635, "ano": 2021, "numero": 6, "tipo__sigla": "PLE", "tipo__descricao": "Projeto de Lei do Executivo", "autoria__autor__nome": "Joaquim Martins Pinheiro Filho", "texto_original": "http://64.23.167.191/sapl/public/materialegislativa/2021/635/proj.lei_06_2021_alteracoesppaafins1387.pdf", "ementa": "\"DISP\u00d5E SOBRE INCLUS\u00c3O DE A\u00c7\u00c3O E CONSEQUENTES ALTERA\u00c7\u00d5ES NO PPA (PLANO PLURIANUAL) 2020-2021, NA LDO (LEI DE DIRETRIZES OR\u00c7AMENT\u00c1RIAS) 2021 E NA LOA (LEI OR\u00c7AMENT\u00c1RIA ANUAL) 2021, E D\u00c1 OUTRAS PROVIDENCIAS.\""}, {"id": 636, "ano": 2021, "numero": 7, "tipo__sigla": "PLE", "tipo__descricao": "Projeto de Lei do Executivo", "autoria__autor__nome": "Joaquim Martins Pinheiro Filho", "texto_original": "http://64.23.167.191/sapl/public/materialegislativa/2021/636/proj.lei_07_2021_limitaprecatoriopequenovalor.pdf", "ementa": "\"ESTABELECE LIMITE PARA PRECAT\u00d3RIOS DE PEQUENOS VALORES NO \u00c2MBITO DA FAZENDA P\u00daBLICA MUNICIPAL E D\u00c1 OUTRAS PROVIDENCIAS.\""}, {"id": 637, "ano": 2021, "numero": 8, "tipo__sigla": "PLE", "tipo__descricao": "Projeto de Lei do Executivo", "autoria__autor__nome": "Joaquim Martins Pinheiro Filho", "texto_original": "http://64.23.167.191/sapl/public/materialegislativa/2021/637/proj.lei_08_2021_areadesbravadores.pdf", "ementa": "\"DISP\u00d5E SOBRE DOA\u00c7\u00c3O DE \u00c1REA P\u00daBLICA MUNICIPAL \u00c0 UNI\u00c3O CENTRO OESTE BRASILEIRA DA IGREJA ADVENTISTA DO 7\u00ba DIA E D\u00c1 OUTRAS\r\nPROVID\u00caNCIAS.\""}, {"id": 638, "ano": 2021, "numero": 9, "tipo__sigla": "PLE", "tipo__descricao": "Projeto de Lei do Executivo", "autoria__autor__nome": "Joaquim Martins Pinheiro Filho", "texto_original": "http://64.23.167.191/sapl/public/materialegislativa/2021/638/proj.lei_09_2021_institui_diariooficial.pdf", "ementa": "\u201cINSTITUI O DI\u00c1RIO OFICIAL ELETR\u00d4NICO DO MUNIC\u00cdPIO DE PEDRO AFONSO \u2013 DOM, COMO MEIO OFICIAL DE COMUNICA\u00c7\u00c3O, PUBLICIDADE E DIVULGA\u00c7\u00c3O DOS ATOS DOS PODERES EXECUTIVO E LEGISLATIVO NO \u00c2MBITO DESTE MUNIC\u00cdPIO, E D\u00c1 OUTRAS PROVID\u00caNCIAS.\u201d"}, {"id": 639, "ano": 2021, "numero": 10, "tipo__sigla": "PLE", "tipo__descricao": "Projeto de Lei do Executivo", "autoria__autor__nome": "Joaquim Martins Pinheiro Filho", "texto_original": "http://64.23.167.191/sapl/public/materialegislativa/2021/639/proj.lei_10_2021_centroespecialidades_mirtes.pdf", "ementa": "\u201cDISP\u00d5E SOBRE DENOMINA\u00c7\u00c3O DE UNIDADE P\u00daBLICA MUNICIPAL DE SA\u00daDE \u2013 \u201cCENTRO DE ESPECIALIDADES M\u00c9DICAS MIRTES MARIA SOARES DIAS\u201d \u2013 DISPOSTA NA AVENIDA ESP\u00cdRITO SANTO, SETOR MARIA GALV\u00c3O, MUNIC\u00cdPIO DE PEDRO AFONSO.\u201d"}, {"id": 640, "ano": 2021, "numero": 11, "tipo__sigla": "PLE", "tipo__descricao": "Projeto de Lei do Executivo", "autoria__autor__nome": "Joaquim Martins Pinheiro Filho", "texto_original": "http://64.23.167.191/sapl/public/materialegislativa/2021/640/proj.lei_11_2021_instituidiaconscienciacombatequeimadas.pdf", "ementa": "\u201cINSTITUI, NO CALEND\u00c1RIO OFICIAL DO MUNIC\u00cdPIO DE PEDRO AFONSO, O \u201cDIA MUNICIPAL DE CONSCI\u00caNCIA E COMBATE \u00c0S QUEIMADAS E INC\u00caNDIOS FLORESTAIS EM PEDRO AFONSO\u201d, EM SE TRATANDO DA DATA DE \u201c15 DE SETEMBRO\u201d \u2013 E D\u00c1 OUTRAS PROVID\u00caNCIAS.\u201d"}, {"id": 641, "ano": 2021, "numero": 12, "tipo__sigla": "PLE", "tipo__descricao": "Projeto de Lei do Executivo", "autoria__autor__nome": "Joaquim Martins Pinheiro Filho", "texto_original": "http://64.23.167.191/sapl/public/materialegislativa/2021/641/proj.lei_12_2021_alteralimiteprecatoriopequenovalor.pdf", "ementa": "\"ALTERA LEI N.\u00ba 34/2021, NO QUE TANGE PAR. \u00daNICO, CONSTANTE DO ARTIGO 2.\u00ba, E ARTIGO 3.\u00ba - E D\u00c1 OUTRAS PROVID\u00caNCIAS.\""}, {"id": 642, "ano": 2021, "numero": 13, "tipo__sigla": "PLE", "tipo__descricao": "Projeto de Lei do Executivo", "autoria__autor__nome": "Joaquim Martins Pinheiro Filho", "texto_original": "http://64.23.167.191/sapl/public/materialegislativa/2021/642/proj.lei_13_ldo_pedro_afonso_2021.pdf", "ementa": "Disp\u00f5e sobre as diretrizes para a elabora\u00e7\u00e3o da lei de diretrizes or\u00e7ament\u00e1rias de 2022 e d\u00e1 outras provid\u00eancias."}, {"id": 643, "ano": 2021, "numero": 14, "tipo__sigla": "PLE", "tipo__descricao": "Projeto de Lei do Executivo", "autoria__autor__nome": "Joaquim Martins Pinheiro Filho", "texto_original": "http://64.23.167.191/sapl/public/materialegislativa/2021/643/proj.lei_14_2021_criacons.direitosidosos.pdf", "ementa": "\"REVOGA LEI N\u00ba 92/2010, CRIA O CONSELHO MUNICIPAL DOS DIREITOS DA PESSOA IDOSA (CMDPI) NO \u00c2MBITO DO MUNIC\u00cdPIO DE PEDRO\r\nAFONSO E D\u00c1 OUTRAS PROVID\u00caNCIAS.\""}, {"id": 644, "ano": 2021, "numero": 15, "tipo__sigla": "PLE", "tipo__descricao": "Projeto de Lei do Executivo", "autoria__autor__nome": "Joaquim Martins Pinheiro Filho", "texto_original": "http://64.23.167.191/sapl/public/materialegislativa/2021/644/proj.lei_15_2021_criacons.direitoshumanos.pdf", "ementa": "\"CRIA O \u201cCONSELHO MUNICIPAL DOS DIREITOS HUMANOS/COMUDH\u201d NO \u00c2MBITO DO MUNIC\u00cdPIO DE PEDRO AFONSO E D\u00c1 OUTRAS PROVID\u00caNCIAS.\""}, {"id": 645, "ano": 2021, "numero": 16, "tipo__sigla": "PLE", "tipo__descricao": "Projeto de Lei do Executivo", "autoria__autor__nome": "Joaquim Martins Pinheiro Filho", "texto_original": "http://64.23.167.191/sapl/public/materialegislativa/2021/645/proj.lei_16_2021_ppa_2022_-_2025.pdf", "ementa": "\"Disp\u00f5e sobre a estimativa do plano Plurianual para o per\u00edodo 2022 a 2025 e d\u00e1 outras provid\u00eancias.\""}, {"id": 646, "ano": 2021, "numero": 17, "tipo__sigla": "PLE", "tipo__descricao": "Projeto de Lei do Executivo", "autoria__autor__nome": "Joaquim Martins Pinheiro Filho", "texto_original": "http://64.23.167.191/sapl/public/materialegislativa/2021/646/proj.lei_17_2021_loa_2021.pdf", "ementa": "\u201cESTIMA A RECEITA E FIXA A DESPESA DO MUNIC\u00cdPIO PARA O EXERC\u00cdCIO DE 2022.\u201d"}, {"id": 647, "ano": 2021, "numero": 18, "tipo__sigla": "PLE", "tipo__descricao": "Projeto de Lei do Executivo", "autoria__autor__nome": "Joaquim Martins Pinheiro Filho", "texto_original": "http://64.23.167.191/sapl/public/materialegislativa/2021/647/proj.lei_18_sistemaunicoassist.social_2021.pdf", "ementa": "\"REVOGA LEIS N.\u00bas 66/2009, 77/2009 E 242/2011, DISP\u00d5E SOBRE O \u201cSISTEMA \u00daNICO DE ASSIST\u00caNCIA SOCIAL - SUAS\u201d NO \u00c2MBITO DO MUNIC\u00cdPIO DE PEDRO AFONSO \u2013 ESTADO DO TOCANTINS - E D\u00c1 OUTRAS PROVID\u00caNCIAS.\u201d"}, {"id": 648, "ano": 2021, "numero": 19, "tipo__sigla": "PLE", "tipo__descricao": "Projeto de Lei do Executivo", "autoria__autor__nome": "Joaquim Martins Pinheiro Filho", "texto_original": "http://64.23.167.191/sapl/public/materialegislativa/2021/648/proj.lei_19_coletamedicamentos_2021.pdf", "ementa": "\u201cDISP\u00d5E SOBRE A \u201cPOL\u00cdTICA MUNICIPAL DE DESCARTE E COLETA DE MEDICAMENTOS VENCIDOS DE USO HUMANO\u201d NO \u00c2MBITO DO MUNIC\u00cdPIO DE PEDRO AFONSO, E D\u00c1 OUTRAS PROVID\u00caNCIAS.\u201d"}, {"id": 649, "ano": 2021, "numero": 20, "tipo__sigla": "PLE", "tipo__descricao": "Projeto de Lei do Executivo", "autoria__autor__nome": "Joaquim Martins Pinheiro Filho", "texto_original": "http://64.23.167.191/sapl/public/materialegislativa/2021/649/proj.lei_20_2021_compl.constit.educacaobasica.pdf", "ementa": "\u201cDISP\u00d5E SOBRE COMPLEMENTO CONSTITUCIONAL DOS PROFISSIONAIS DA EDUCA\u00c7\u00c3O B\u00c1SICA EM EFETIVO EXERC\u00cdCIO E D\u00c1 OUTRAS\r\nPROVID\u00caNCIAS.\u201d"}, {"id": 650, "ano": 2021, "numero": 21, "tipo__sigla": "PLE", "tipo__descricao": "Projeto de Lei do Executivo", "autoria__autor__nome": "Joaquim Martins Pinheiro Filho", "texto_original": "http://64.23.167.191/sapl/public/materialegislativa/2021/650/proj.lei_21_2021_ind.extraord.combatecovid19.pdf", "ementa": "\u201cINSTITUI A INDENIZA\u00c7\u00c3O EXTRAORDIN\u00c1RIA AOS PROFISSIONAIS DE SA\u00daDE QUE ATUAM NA LINHA DE FRENTE NO COMBATE E ENFRENTAMENTO \u00c0 PANDEMIA DO COVID-19 NO MUNIC\u00cdPIO DE PEDRO AFONSO E D\u00c1 OUTRAS PROVID\u00caNCIAS.\u201d"}, {"id": 651, "ano": 2021, "numero": 22, "tipo__sigla": "PLE", "tipo__descricao": "Projeto de Lei do Executivo", "autoria__autor__nome": "Joaquim Martins Pinheiro Filho", "texto_original": "http://64.23.167.191/sapl/public/materialegislativa/2021/651/proj.lei_22_2021_suplementacao_orcamentaria.pdf", "ementa": "\u201cDISP\u00d5E SOBRE AUTORIZA\u00c7\u00c3O PARA TRANSPOSI\u00c7\u00c3O DE VALORES, CONFORME ESPECIFICA, E D\u00c1 OUTRAS PROVID\u00caNCIAS.\u201d"}, {"id": 652, "ano": 2021, "numero": 23, "tipo__sigla": "PLE", "tipo__descricao": "Projeto de Lei do Executivo", "autoria__autor__nome": "Joaquim Martins Pinheiro Filho", "texto_original": "http://64.23.167.191/sapl/public/materialegislativa/2021/652/projetolei_23_2021_doa_area_oab.pdf", "ementa": "\u201cDISP\u00d5E SOBRE AUTORIZA\u00c7\u00c3O PARA DOA\u00c7\u00c3O DE \u00c1REA P\u00daBLICA E D\u00c1 OUTRAS PROVID\u00caNCIAS.\u201d"}, {"id": 653, "ano": 2021, "numero": 24, "tipo__sigla": "PLE", "tipo__descricao": "Projeto de Lei do Executivo", "autoria__autor__nome": "Joaquim Martins Pinheiro Filho", "texto_original": "http://64.23.167.191/sapl/public/materialegislativa/2021/653/projetolei_242021_incentivo_-_08-12-2021.pdf", "ementa": "\u201cAUTORIZA O PODER EXECUTIVO MUNICIPAL \u00c0 REPASSAR AOS AGENTES COMUNIT\u00c1ROS DE SA\u00daDE \u2013 ACS, AOS AGENTES DE COMBATE \u00c1S ENDEMIAS - ACE, INCENTIVO FINANCEIRO ADICIONAL, E OUTRAS PROVID\u00caNCIAS.\u201d"}, {"id": 657, "ano": 2021, "numero": 1, "tipo__sigla": "PLL", "tipo__descricao": "Projeto de Lei do Legislativo", "autoria__autor__nome": "JADER MARIANO", "texto_original": "http://64.23.167.191/sapl/public/materialegislativa/2021/657/01_-_projeto_de_lei_no_001-2021_-_jader_18-02.pdf", "ementa": "PROJETO DE LEI 001/2021 - VER. JADER MARIANO: \u201cDisp\u00f5e acerca da altera\u00e7\u00e3o da denomina\u00e7\u00e3o da Rua 5, no Setor Bela Vista, para Rua Raimundo Joaquim Bezerra\u201d."}, {"id": 658, "ano": 2021, "numero": 2, "tipo__sigla": "PLL", "tipo__descricao": "Projeto de Lei do Legislativo", "autoria__autor__nome": "JADER MARIANO", "texto_original": "http://64.23.167.191/sapl/public/materialegislativa/2021/658/02_-_projeto_de_lei_no_002-2021_-_jader_22-02.pdf", "ementa": "PROJETO DE LEI 002/2021 - VER. JADER MARIANO: \"Institui o Programa de A\u00e7\u00e3o, Preven\u00e7\u00e3o e Controle do Diabetes nas Creches Municipais, Conveniadas e EMEF\u2019s Fase l\u2019."}, {"id": 659, "ano": 2021, "numero": 3, "tipo__sigla": "PLL", "tipo__descricao": "Projeto de Lei do Legislativo", "autoria__autor__nome": "JADER MARIANO", "texto_original": "http://64.23.167.191/sapl/public/materialegislativa/2021/659/03_-_projeto_de_lei_no_003-2021_-_jader_22-02.pdf", "ementa": "PROJETO DE LEI 003/2021 - VER. JADER MARIANO: \"Institui multa para a pr\u00e1tica de fraude \u00e0 ordem de prefer\u00eancia de imuniza\u00e7\u00e3o contra a COVID-19 e outras campanhas vacinais no Munic\u00edpio de Pedro Afonso e d\u00e1 outras provid\u00eancias.\""}, {"id": 660, "ano": 2021, "numero": 4, "tipo__sigla": "PLL", "tipo__descricao": "Projeto de Lei do Legislativo", "autoria__autor__nome": "JADER MARIANO", "texto_original": "http://64.23.167.191/sapl/public/materialegislativa/2021/660/04_-_projeto_de_lei_no_004-2021_-_jader_01-03.pdf", "ementa": "PROJETO DE LEI N\u00b0 004/2021 - VER. JADER MARIANO: \u201cDisp\u00f5e sobre a obriga\u00e7\u00e3o da transmiss\u00e3o, ao vivo e via internet, das licita\u00e7\u00f5es do Poder Executivo\u201d."}, {"id": 661, "ano": 2021, "numero": 5, "tipo__sigla": "PLL", "tipo__descricao": "Projeto de Lei do Legislativo", "autoria__autor__nome": "MARQUIM CATABRIGA", "texto_original": "http://64.23.167.191/sapl/public/materialegislativa/2021/661/05_-_projeto_de_lei_001_-_2021_-_08-03.pdf", "ementa": "PROJETO DE LEI N\u00b0 01/2021 - VER. MARQUIM CATABRIGA: \u201cESTABELECE AS IGREJAS, OS TEMPLOS RELIGIOSOS DE QUALQUER CULTO E AS\r\nCOMUNIDADES MISSION\u00c1RIAS COMO ATIVIDADE ESSENCIAL NO MUNIC\u00cdPIO DE PEDRO AFONSO\u201d."}, {"id": 662, "ano": 2021, "numero": 6, "tipo__sigla": "PLL", "tipo__descricao": "Projeto de Lei do Legislativo", "autoria__autor__nome": "MARQUIM CATABRIGA", "texto_original": "http://64.23.167.191/sapl/public/materialegislativa/2021/662/07_-_projeto_de_lei_no_002-2021_-_09-03.pdf", "ementa": "PROJETO DE LEI N\u00b0 02/2021 - VER. MARQUIM CATABRIGA: \u201cINSTITUI O PROGRAMA \u201cBANCO DE RA\u00c7\u00c3O E UTENS\u00cdLIOS PARA ANIMAIS\u201d NO MUNIC\u00cdPIO DE PEDRO AFONSO E D OUTRAS PROVID\u00caNCIAS\u201d."}, {"id": 663, "ano": 2021, "numero": 7, "tipo__sigla": "PLL", "tipo__descricao": "Projeto de Lei do Legislativo", "autoria__autor__nome": "MARQUIM CATABRIGA", "texto_original": "http://64.23.167.191/sapl/public/materialegislativa/2021/663/08_-_projeto_de_lei_03_-_2021_-_dispoe_sobre_disponibilizacao_das_informacoes_de_obras_do_muncipios_no_site_-_15-03.pdf", "ementa": "PROJETO DE LEI N\u00b0 03/2021 - VER. MARQUIM CATABRIGA: \u201cDISP\u00d5E SOBRE A OBRIGATORIEDADE DE DIVULGA\u00c7\u00c3O NO SITE OFICIAL DA PREFEITURA DE PEDRO AFONSO DE INFORMA\u00c7\u00d5ES SOBRE AS OBRAS P\u00daBLICAS PARALISADAS, OS MOTIVOS DA PARALISA\u00c7\u00c3O, E O PER\u00cdODO DE\r\nINTERRUP\u00c7\u00c3O E A NOVA DATA PREVISTA PARA T\u00c9RMINO\u201d."}, {"id": 664, "ano": 2021, "numero": 8, "tipo__sigla": "PLL", "tipo__descricao": "Projeto de Lei do Legislativo", "autoria__autor__nome": "MARQUIM CATABRIGA", "texto_original": "http://64.23.167.191/sapl/public/materialegislativa/2021/664/09_-_projeto_de_lei_04_-_2021_-_dispoe_sobre_o_atendimento_preferencial_aos_fibromialgicos_-_15-03.pdf", "ementa": "PROJETO DE LEI N\u00b0 04/2021 - VER. MARQUIM CATABRIGA: \u201cDISP\u00d5E SOBRE O ATENDIMENTO PREFERENCIAL \u00c0S PESSOAS COM FIBROMIALGIA NOS LOCAIS AONDE ESPECIFICA E D\u00c1 OUTRAS PROVID\u00caNCIAS\u201d."}, {"id": 665, "ano": 2021, "numero": 9, "tipo__sigla": "PLL", "tipo__descricao": "Projeto de Lei do Legislativo", "autoria__autor__nome": "BRENO ALVES", "texto_original": "http://64.23.167.191/sapl/public/materialegislativa/2021/665/10_-_projeto_de_lei_001-2021_-_breno_-_16-03-2021.pdf", "ementa": "PROJETO DE LEI N\u00b0 01/2021 - VER. BRENO ALVES: \u201cDISP\u00d5E ACERCA DA DENOMINA\u00c7\u00c3O DA INSTITUI\u00c7\u00c3O DE LONGA PERMAN\u00caNCIA (CASA DO IDOSO), SITUADA NA RUA JOS\u00c9 ARA\u00daJO, NESTE MUNIC\u00cdPIO DE PEDRO AFONSO\u201d."}, {"id": 666, "ano": 2021, "numero": 10, "tipo__sigla": "PLL", "tipo__descricao": "Projeto de Lei do Legislativo", "autoria__autor__nome": "MARQUIM CATABRIGA", "texto_original": "http://64.23.167.191/sapl/public/materialegislativa/2021/666/13_-_projeto_de_lei_no_005-2021_-_16-03.pdf", "ementa": "PROJETO DE LEI N\u00b0 05/2021 - VER. MARQUIM CATABRIGA: \u201cDISP\u00d5E SOBRE A INSTALA\u00c7\u00c3O EM PRA\u00c7AS E PARQUES P\u00daBLICOS DE BRINQUEDOS ADAPTADOS E EQUIPAMENTOS ESPECIALMENTE DESENVOLVIDOS PARA LAZER E RECREA\u00c7\u00c3O DE CRIAN\u00c7AS COM MOBILIDADE REDUZIDA E\r\nNECESSIDADES ESPECIAIS, NO \u00c2MBITO DO MUNIC\u00cdPIO DE PEDRO AFONSO, E D\u00c1 OUTRAS PROVID\u00caNCIAS\u201d."}, {"id": 667, "ano": 2021, "numero": 11, "tipo__sigla": "PLL", "tipo__descricao": "Projeto de Lei do Legislativo", "autoria__autor__nome": "MARQUIM CATABRIGA", "texto_original": "http://64.23.167.191/sapl/public/materialegislativa/2021/667/14_-_projeto_de_lei_no_006-2021_-_16-03.pdf", "ementa": "PROJETO DE LEI N\u00b0 06/2021 - VER. MARQUIM CATABRIGA: \u201cAUTORIZA O PODER EXECUTIVO A ESTABELECER PROGRAMA QUE GARANTA RESERVAT\u00d3RIOS DE \u00c1GUA INDIVIDUAIS (CAIXA D\u2019\u00c1GUA) A FAM\u00cdLIAS DE BAIXA RENDA E GARANTA MELHORIA NAS CONDI\u00c7\u00d5ES DE ABASTECIMENTO DE \u00c1GUA EM PEDRO AFONSO\u201d."}, {"id": 668, "ano": 2021, "numero": 12, "tipo__sigla": "PLL", "tipo__descricao": "Projeto de Lei do Legislativo", "autoria__autor__nome": "JADER MARIANO", "texto_original": "http://64.23.167.191/sapl/public/materialegislativa/2021/668/12_-_projeto_de_lei_no_005-2021_-_jader_25-03.pdf", "ementa": "PROJETO DE LEI N\u00b0 05/2021 - VER. JADER MARIANO: \u201cInstitui como atividades essenciais os estabelecimentos de presta\u00e7\u00e3o de servi\u00e7os de educa\u00e7\u00e3o f\u00edsica, p\u00fablicos o privados, como forma de prevenir doen\u00e7as f\u00edsicas e do exerc\u00edcio f\u00edsico como essenciais para a sa\u00fade da popula\u00e7\u00e3o no \u00e2mbito do Munic\u00edpio de Pedro Afonso/TO, e d\u00e1 outras providencias.\""}, {"id": 669, "ano": 2021, "numero": 13, "tipo__sigla": "PLL", "tipo__descricao": "Projeto de Lei do Legislativo", "autoria__autor__nome": "MARQUIM CATABRIGA", "texto_original": "http://64.23.167.191/sapl/public/materialegislativa/2021/669/13_-_projeto_de_lei_07_-_2021_-_institui_semana_de_preservacao_da_memoria_historica_e_cultural_de_pedro_afonso_-_29-03.pdf", "ementa": "PROJETO DE LEI N\u00b0 07/2021 - VER. MARQUIM CATABRIGA: \u201cINSTITUI A SEMANA DE PRESERVA\u00c7\u00c3O DA MEM\u00d3RIA HIST\u00d3RICA E CULTURAL DE PEDRO AFONSO, E D\u00c1 OUTRAS PROVID\u00caNCIAS.\u201d."}, {"id": 671, "ano": 2021, "numero": 14, "tipo__sigla": "PLL", "tipo__descricao": "Projeto de Lei do Legislativo", "autoria__autor__nome": "SIPRIANO SOARES", "texto_original": "http://64.23.167.191/sapl/public/materialegislativa/2021/671/14_-_projeto_de_lei_no_001-2021_-_sipriano_-_04-04.pdf", "ementa": "PROJETO DE LEI N\u00b0 01/2021 - VER. SIPRIANO SOARES: \u201cDECLARA DE UTILIDADE P\u00daBLICA AS MARGENS URBANAS DO RIO TOCANTINS E DO RIO SONO E D\u00c1 OUTRAS PROVID\u00caNCIAS\u201d."}, {"id": 672, "ano": 2021, "numero": 15, "tipo__sigla": "PLL", "tipo__descricao": "Projeto de Lei do Legislativo", "autoria__autor__nome": "MARQUIM CATABRIGA", "texto_original": "http://64.23.167.191/sapl/public/materialegislativa/2021/672/15_-_projeto_de_lei_08_-_2021_-_protetores_e_cuidadores__indiviuais_de_animais_no_municipio_de_pedro_afonso_-_12-04.pdf", "ementa": "PROJETO DE LEI N\u00b0 08/2021 - VER. MARQUIM CATABRIGA: \u201cDISP\u00d5E SOBRE A CRIA\u00c7\u00c3O DO CADASTRO MUNICIPAL DE PROTETORES E CUIDADORES INDIVIDUAIS DE ANIMAIS NO MUNIC\u00cdPIO DE PEDRO AFONSO\u201d."}, {"id": 673, "ano": 2021, "numero": 16, "tipo__sigla": "PLL", "tipo__descricao": "Projeto de Lei do Legislativo", "autoria__autor__nome": "MARQUIM CATABRIGA", "texto_original": "http://64.23.167.191/sapl/public/materialegislativa/2021/673/16_-_projeto_de_lei_09_-_2021_-instituir_o_programa_empresa_amiga_na_rede_publica_municipal_-_20-04.pdf", "ementa": "PROJETO DE LEI N\u00b0 09/2021 - VER. MARQUIM CATABRIGA: \u201cAUTORIZA INSTITUIR O PROGRAMA MUNICIPAL EMPRESA AMIGA DA ESCOLA, NO \u00c2MBITO DO MUNIC\u00cdPIO DE PEDRO AFONSO, E DA OUTRAS PROVID\u00caNCIAS\u201d."}, {"id": 674, "ano": 2021, "numero": 17, "tipo__sigla": "PLL", "tipo__descricao": "Projeto de Lei do Legislativo", "autoria__autor__nome": "MARQUIM CATABRIGA", "texto_original": "http://64.23.167.191/sapl/public/materialegislativa/2021/674/17_-_projeto_de_lei_10_-_2021_-criacao_do_programa_mais_jovem_pedro_afonso_-_20-04.pdf", "ementa": "PROJETO DE LEI N\u00b0 10/2021 - VER. MARQUIM CATABRIGA: \u201cAUTORIZA A CRIA\u00c7\u00c3O DO PROGRAMA \u201cMAIS JOVEM PEDRO AFONSO\u201d, DESTINADO A CONTRATA\u00c7\u00c3O DE JOVENS PARA TRABALHAR EM DIVERSOS \u00c2MBITOS DA ADMINISTRA\u00c7\u00c3O DIRETA E INDIRETA DO MUNIC\u00cdPIO\u201d."}, {"id": 675, "ano": 2021, "numero": 18, "tipo__sigla": "PLL", "tipo__descricao": "Projeto de Lei do Legislativo", "autoria__autor__nome": "SIPRIANO SOARES", "texto_original": "http://64.23.167.191/sapl/public/materialegislativa/2021/675/18_-_projeto_de_lei_no_002-2021_-_sipriano_-_22-04.pdf", "ementa": "PROJETO DE LEI N\u00b0 02/2021 - VER. SIPRIANO SOARES: \u201cDECLARA DE UTILIDADE P\u00daBLICA AS MARGENS URBANAS DO RIO TOCANTINS E DO RIO SONO E D\u00c1 OUTRAS PROVID\u00caNCIAS\u201d."}, {"id": 676, "ano": 2021, "numero": 19, "tipo__sigla": "PLL", "tipo__descricao": "Projeto de Lei do Legislativo", "autoria__autor__nome": "MARQUIM CATABRIGA", "texto_original": "http://64.23.167.191/sapl/public/materialegislativa/2021/676/19_-_projeto_de_lei_11_-_2021_-_27-04.pdf", "ementa": "PROJETO DE LEI N\u00b0 11/2021 - VER. MARQUIM CATABRIGA: \u201cDISP\u00d5E SOBRE A OBRIGATORIEDADE DE O PODER EXECUTIVO MUNICIPAL APRESENTAR A RELA\u00c7\u00c3O DE EMENDA OR\u00c7AMENTARIAS PARLAMENTARES N\u00c3O EXECUTADAS\u201d."}, {"id": 677, "ano": 2021, "numero": 20, "tipo__sigla": "PLL", "tipo__descricao": "Projeto de Lei do Legislativo", "autoria__autor__nome": "MARQUIM CATABRIGA", "texto_original": "http://64.23.167.191/sapl/public/materialegislativa/2021/677/20_-_projeto_de_lei_12_-_2021_-_04-05.pdf", "ementa": "PROJETO DE LEI N\u00b0 12/2021 - VER. MARQUIM CATABRIGA: \u201cDISP\u00d5E SOBRE A PROIBI\u00c7\u00c3O DO SACRIF\u00cdCIO DE C\u00c3ES E GATOS POR \u00d3RG\u00c3OS P\u00daBLICOS E PRIVADOS NO MUNIC\u00cdPIO DE PEDRO AFONSO, E D\u00c1 OUTRAS PROVID\u00caNCIAS\u201d."}, {"id": 678, "ano": 2021, "numero": 21, "tipo__sigla": "PLL", "tipo__descricao": "Projeto de Lei do Legislativo", "autoria__autor__nome": "MARQUIM CATABRIGA", "texto_original": "http://64.23.167.191/sapl/public/materialegislativa/2021/678/21_-_projeto_de_lei_13_-_2021__dispoe_sobre_a_vedacao_de_homenagens_a_pessoas_que_tenham_sido_condenadas_por_atos_de_corrupcao_-_05-05.pdf", "ementa": "PROJETO DE LEI N\u00b0 13/2021 - VER. MARQUIM CATABRIGA: \u201cDISP\u00d5E SOBRE A VEDA\u00c7\u00c3O DE HOMENAGENS A PESSOAS QUE TENHAM SIDO CONDENADAS POR ATOS DE CORRUP\u00c7\u00c3O, IMPROBIDADE, CRIMES CONTRA A PESSOA, E D\u00c1 OUTRAS PROVID\u00caNCIAS\u201d."}, {"id": 680, "ano": 2021, "numero": 22, "tipo__sigla": "PLL", "tipo__descricao": "Projeto de Lei do Legislativo", "autoria__autor__nome": "JADER MARIANO", "texto_original": "http://64.23.167.191/sapl/public/materialegislativa/2021/680/22_-_projeto_de_lei_no_006-2021_-_jader_18-05.pdf", "ementa": "PROJETO DE LEI N\u00b0 006/2021 - VER. JADER MARIANO: \u201cInstitui o Programa Municipal de Artesanato Popular e d\u00e1 outras provid\u00eancias\u201d."}, {"id": 681, "ano": 2021, "numero": 23, "tipo__sigla": "PLL", "tipo__descricao": "Projeto de Lei do Legislativo", "autoria__autor__nome": "JADER MARIANO", "texto_original": "http://64.23.167.191/sapl/public/materialegislativa/2021/681/23_-_projeto_de_lei_no_007-2021_-_jader_21-05.pdf", "ementa": "PROJETO DE LEI N\u00b0 007/2021 - VER. JADER MARIANO: \"Autoriza a Prefeitura Municipal a criar o Selo empresa parceira da Cidade no combate ao Coronav\u00edrus\"."}, {"id": 682, "ano": 2021, "numero": 24, "tipo__sigla": "PLL", "tipo__descricao": "Projeto de Lei do Legislativo", "autoria__autor__nome": "JADER MARIANO", "texto_original": "http://64.23.167.191/sapl/public/materialegislativa/2021/682/24_-_projeto_de_lei_no_008-2021_-_jader_21-05.pdf", "ementa": "PROJETO DE LEI N\u00b0 008/2021 - VER. JADER MARIANO: \u201cCria o selo anticorrup\u00e7\u00e3o a ser concedido peia Prefeitura Municipal \u00e0s empresas que adotem os programas de integridade\u201d."}, {"id": 683, "ano": 2021, "numero": 25, "tipo__sigla": "PLL", "tipo__descricao": "Projeto de Lei do Legislativo", "autoria__autor__nome": "JADER MARIANO", "texto_original": "http://64.23.167.191/sapl/public/materialegislativa/2021/683/25_-_projeto_de_lei_no_009-2021_-_jader_21-05.pdf", "ementa": "PROJETO DE LEI N\u00b0 009/2021 - VER. JADER MARIANO: \"Disp\u00f5e sobre a cria\u00e7\u00e3o de memorial em homenagem aos mortos em decorr\u00eancia da COVID- 19 no \u00e2mbito municipal."}, {"id": 684, "ano": 2021, "numero": 26, "tipo__sigla": "PLL", "tipo__descricao": "Projeto de Lei do Legislativo", "autoria__autor__nome": "MARQUIM CATABRIGA", "texto_original": "http://64.23.167.191/sapl/public/materialegislativa/2021/684/26_-_projeto_de_lei_n_14-2021_de_17_de_agosto_de_2021..pdf", "ementa": "PROJETO DE LEI N\u00b0 14/2021 - VER. MARQUIM CATABRIGA: \u201cDISP\u00d5E SOBRE A INSER\u00c7\u00c3O DO NOME DO AUTOR DO PROJETO DE LEI NAS LEIS DO\r\nMUNIC\u00cdPIO DE PEDRO AFONSO - TO\u201d."}, {"id": 685, "ano": 2021, "numero": 27, "tipo__sigla": "PLL", "tipo__descricao": "Projeto de Lei do Legislativo", "autoria__autor__nome": "MARQUIM CATABRIGA", "texto_original": "http://64.23.167.191/sapl/public/materialegislativa/2021/685/27_-_projeto_de_lei_015_-_2021__fica_obrigatorio_a_inclusao_dos_nomes_dos_vereadores_nas_placas_de_obras_publicas_inauguradas_-_23-08.pdf", "ementa": "PROJETO DE LEI N\u00b0 15/2021 - VER. MARQUIM CATABRIGA: \u201cDISP\u00d5E SOBRE OBRIGATORIEDADE DA INCLUS\u00c3O DOS NOMES DOS VEREADORES EM PLACAS INAUGURAIS DO MUNIC\u00cdPIO DE PEDRO AFONSO - TO\u201d."}, {"id": 686, "ano": 2021, "numero": 28, "tipo__sigla": "PLL", "tipo__descricao": "Projeto de Lei do Legislativo", "autoria__autor__nome": "MARQUIM CATABRIGA", "texto_original": "http://64.23.167.191/sapl/public/materialegislativa/2021/686/28_-_projeto_de_lei_n_16-2021_de_23_de_agosto_de_2021..pdf", "ementa": "PROJETO DE LEI N\u00b0 16/2021 - VER. MARQUIM CATABRIGA: \u201cASSEGURA \u00c0 CRIAN\u00c7A E AO ADOLESCENTE CUJOS PAIS OU RESPONS\u00c1VEIS SEJAM PESSOAS COM DEFICI\u00caNCIA OU COM IDADE IGUAL OU SUPERIOR A 60 (SESSENTA) ANOS A M\u00c1XIMA PRIORIDADE DE VAGA EM UNIDADE DA REDE P\u00daBLICA MUNICIPAL DE ENSINO MAIS PR\u00d3XIMA DE SUA RESID\u00caNCIA\u201d."}, {"id": 687, "ano": 2021, "numero": 29, "tipo__sigla": "PLL", "tipo__descricao": "Projeto de Lei do Legislativo", "autoria__autor__nome": "MARQUIM CATABRIGA", "texto_original": "http://64.23.167.191/sapl/public/materialegislativa/2021/687/29_-_projeto_de_lei_018_-_2021_-_torna_obrigatorio_a_comunicacao_de_criancas_nascidas_com_sindrome_de_down_-_14-09.pdf", "ementa": "PROJETO DE LEI N\u00b0 18/2021 - VER. MARQUIM CATABRIGA: \u201cTORNA OBRIGAT\u00d3RIO AS INSTITUI\u00c7\u00d5ES DE SA\u00daDE A PROCEDER AO REGISTRO E\r\n\u00c0 COMUNICA\u00c7\u00c3O IMEDIATA DE REC\u00c9M-NASCIDOS COM S\u00cdNDROME DE DOWN, \u00c1S ENTIDADES E ASSOSSIA\u00c7\u00d5ES ESPECIALIZADAS QUE DESENVOLVEM ATIVIDADES COM PESSOAS COM DEFICI\u00caNCIA NO MUNIC\u00cdPIO DE PEDRO AFONSO, E D\u00c1 OUTRAS PROVID\u00caNCIAS\u201d."}, {"id": 688, "ano": 2021, "numero": 30, "tipo__sigla": "PLL", "tipo__descricao": "Projeto de Lei do Legislativo", "autoria__autor__nome": "MARQUIM CATABRIGA", "texto_original": "http://64.23.167.191/sapl/public/materialegislativa/2021/688/30_-_projeto_de_lei_n_17-2021_de_16_de_setembro_de_2021.pdf", "ementa": "PROJETO DE LEI N\u00b0 17/2021 - VER. MARQUIM CATABRIGA: \"ACRESCE DISPOSITIVO NA LEI N\u00ba. 004/2016, VEDANDO A NOMEA\u00c7\u00c3O PARA CARGOS EM COMISS\u00c3O DE CONDENADOS PELA LEI N\u00ba. 11.340, DE AGOSTO DE 2006 \u2013 LEI MARIA DA PENHA E PELA LEI N\u00ba. 13.104/2015, DE 09 DE MAR\u00c7O DE 2015 \u2013 LEI DO FEMINIC\u00cdDIO, NO \u00c2MBITO DO MUNIC\u00cdPIO DE PEDRO AFONSO/TO\u201d."}, {"id": 689, "ano": 2021, "numero": 31, "tipo__sigla": "PLL", "tipo__descricao": "Projeto de Lei do Legislativo", "autoria__autor__nome": "JADER MARIANO", "texto_original": "http://64.23.167.191/sapl/public/materialegislativa/2021/689/31_-_projeto_de_lei_no_010-2021_-_jader_16-09.pdf", "ementa": "PROJETO DE LEI N\u00b0 010/2021 - VER. JADER MARIANO: \u201cDISP\u00d5E SOBRE A INSTALA\u00c7\u00c3O DE EQUIPAMENTO ELIMINADOR DE AR NA TUBULA\u00c7\u00c3O DO SISTEMA DE ABASTECIMENTO DE \u00c1GUA NO MUNICIPIO DE PEDRO AFONSO\u201d."}, {"id": 690, "ano": 2021, "numero": 32, "tipo__sigla": "PLL", "tipo__descricao": "Projeto de Lei do Legislativo", "autoria__autor__nome": "JADER MARIANO", "texto_original": "http://64.23.167.191/sapl/public/materialegislativa/2021/690/32_-_projeto_de_lei_no_011-2021_-_jader_23-09.pdf", "ementa": "PROJETO DE LEI N\u00b0 011/2021 - VER. JADER MARIANO: \u201cDISP\u00d5E SOBRE A OBRIGA\u00c7\u00c3O DO PODER P\u00daBLICO MUNICIPAL, A OFERECER A TODAS AS CRIAN\u00c7AS EM IDADE ADEQUADA, MATR\u00cdCULA EM INSTITUI\u00c7\u00d5ES DE EDUCA\u00c7\u00c3O INFANTIL, NA REDE PRIVADA, EM CASO DE FALTA DE VAGAS\r\nNA REDE P\u00daBLICA\u201d."}, {"id": 691, "ano": 2021, "numero": 33, "tipo__sigla": "PLL", "tipo__descricao": "Projeto de Lei do Legislativo", "autoria__autor__nome": "MARQUIM CATABRIGA", "texto_original": "http://64.23.167.191/sapl/public/materialegislativa/2021/691/33_-_projeto_de_lei_019_-_2021_-_obrigatorio_instalacao_de_guardar_volumes_para_bancos_e_agencias_de_credito_-_05-10.pdf", "ementa": "PROJETO DE LEI N\u00b0 19/2021 - VER. MARQUIM CATABRIGA: \u201cDISP\u00d5E SOBRE A OBRIGATORIEDADE DE INSTALA\u00c7\u00c3O DE ARM\u00c1RIOS GUARDA VOLUMES NOS ESTABELECIMENTOS BANC\u00c1RIOS E COOPERATIVAS DE CR\u00c9DITO, NAS \u00c1REAS EM QUE ANTECEDEM AS PORTAS QUE POSSUEM DISPOSITIVOS DE TRAVAMENTO ELETR\u00d4NICO, NO \u00c2MBITO DO MUNIC\u00cdPIO DE PEDRO AFONSO\u201d."}, {"id": 692, "ano": 2021, "numero": 34, "tipo__sigla": "PLL", "tipo__descricao": "Projeto de Lei do Legislativo", "autoria__autor__nome": "SIPRIANO SOARES", "texto_original": "http://64.23.167.191/sapl/public/materialegislativa/2021/692/34_-_projeto_de_lei_no_003-2021_-_sipriano_-_09-11.pdf", "ementa": "PROJETO DE LEI N\u00b0 003/2021 - VER. SIPRIANO SOARES: \u201cDISP\u00d5E SOBRE DENOMINA\u00c7\u00c3O DE PAL\u00c1CIO EMILIANO C\u00c2MARA PORTILHO E D\u00c1 OUTRAS PROVID\u00caNCIAS\u201d."}, {"id": 693, "ano": 2021, "numero": 35, "tipo__sigla": "PLL", "tipo__descricao": "Projeto de Lei do Legislativo", "autoria__autor__nome": "JOILSON BOCA PRETA", "texto_original": "http://64.23.167.191/sapl/public/materialegislativa/2021/693/35_-_projeto_de_lei_no_001-2021_-_joilson_-_01-12.pdf", "ementa": "PROJETO DE LEI N\u00b0 001/2021 - VER. JOILSON OLIVEIRA: Disp\u00f5e sobre a autoriza\u00e7\u00e3o de uso por prazo determinado de im\u00f3veis p\u00fablicos por particulares e autom\u00e1tica revoga\u00e7\u00e3o da Lei n\u00b0 001-A/2017."}, {"id": 600, "ano": 2021, "numero": 1, "tipo__sigla": "MOP", "tipo__descricao": "Mo\u00e7\u00e3o de Pesar", "autoria__autor__nome": "JADER MARIANO", "texto_original": "http://64.23.167.191/sapl/public/materialegislativa/2021/600/mocao_de_pesar_001-2021.pdf", "ementa": "Mo\u00e7\u00e3o de Pesar n\u00ba 001/2021 - Ver. Jader Mariano: \u201cMo\u00e7\u00e3o de Pesar pelo falecimento do senhor Jairo Virtude Proc\u00f3pio (Pastor Jairo). \u201d"}]}