{"id":788,"__str__":"5\u00aa Sess\u00e3o Ordin\u00e1ria do m\u00eas de Mar\u00e7o de 2026 da 2\u00aa Sess\u00e3o Legislativa da 10\u00aa Legislatura","metadata":{},"cod_andamento_sessao":null,"painel_aberto":false,"data_inicio":"2026-03-30","hora_inicio":"19:00","hora_fim":"20:00","numero":5,"data_fim":"2026-03-30","url_audio":"","url_video":"","upload_pauta":"http://64.23.167.191/media/sapl/public/sessaoplenaria/788/pauta/pauta_da_5a_reuniao_da_2a_sessao_ordinaria_de_2026.pdf","upload_ata":"http://64.23.167.191/media/sapl/public/sessaoplenaria/788/ata/ata_da_5a_reuniao_da_2a_sessao_ordinaria_da_2a_sessao_legislativa_da_legislatura_2025.2028.pdf","upload_anexo":"http://64.23.167.191/media/sapl/public/sessaoplenaria/788/anexo/lista_de_presenca_dos_vereadores_da_5a_reuniao_da_2a_sessao_ordinaria_de_2026..pdf","iniciada":true,"finalizada":true,"interativa":false,"tema_solene":"","data_ultima_atualizacao":"2026-04-09T13:11:42.884544-03:00","publicar_pauta":true,"tipo":1,"sessao_legislativa":6,"legislatura":4,"correspondencias":[]}