{"id":787,"__str__":"4\u00aa Sess\u00e3o Ordin\u00e1ria do m\u00eas de Mar\u00e7o de 2026 da 2\u00aa Sess\u00e3o Legislativa da 10\u00aa Legislatura","metadata":{},"cod_andamento_sessao":null,"painel_aberto":false,"data_inicio":"2026-03-23","hora_inicio":"19:00","hora_fim":"20:00","numero":4,"data_fim":"2026-03-23","url_audio":"","url_video":"","upload_pauta":"http://64.23.167.191/media/sapl/public/sessaoplenaria/787/pauta/pauta_da_4a_reuniao_da_2a_sessao_ordinaria_de_2025.pdf","upload_ata":"http://64.23.167.191/media/sapl/public/sessaoplenaria/787/ata/ata_da_3a_reuniao_da_2a_sessao_ordinaria.pdf","upload_anexo":"http://64.23.167.191/media/sapl/public/sessaoplenaria/787/anexo/lista_de_presenca_de_vereadores_da_4a_reuniao_da_2a_sessao_ordinaria_de_2025.pdf","iniciada":true,"finalizada":true,"interativa":false,"tema_solene":"","data_ultima_atualizacao":"2026-03-26T13:50:43.357318-03:00","publicar_pauta":false,"tipo":1,"sessao_legislativa":6,"legislatura":4,"correspondencias":[]}