{"id":963,"__str__":"Requerimentos - Ver. Pedro Vinicius n\u00ba 23 de 2025","metadata":{},"numero":23,"ano":2025,"numero_protocolo":null,"data_apresentacao":"2025-06-04","tipo_apresentacao":"E","data_publicacao":null,"numero_origem_externa":"","ano_origem_externa":null,"data_origem_externa":null,"apelido":"","dias_prazo":null,"data_fim_prazo":null,"em_tramitacao":false,"polemica":false,"objeto":"","complementar":false,"ementa":"Requer do Poder Executivo Municipal, atrav\u00e9s da Secretaria competente, a instala\u00e7\u00e3o de forro e a climatiza\u00e7\u00e3o em 2 (duas) salas de aula da extens\u00e3o da Escola Municipal Boa Esperan\u00e7a, localizada no Distrito de Anajan\u00f3polis - Porto Real.","indexacao":"","observacao":"","resultado":"","texto_original":"http://64.23.167.191/media/sapl/public/materialegislativa/2025/963/req._n_023-2025_a_instalacoao_forro_e_climatizacoaao_em_2_salas_de_aulas.pdf","data_ultima_atualizacao":"2025-06-14T10:46:27.293990-03:00","ip":"201.148.182.119","ultima_edicao":"2025-06-14T10:43:44.372629-03:00","tipo":32,"regime_tramitacao":2,"tipo_origem_externa":null,"local_origem_externa":null,"user":3,"anexadas":[],"autores":[19]}