{"id":958,"__str__":"Requerimentos - Ver. Agnaldo Lima n\u00ba 9 de 2025","metadata":{},"numero":9,"ano":2025,"numero_protocolo":null,"data_apresentacao":"2025-05-26","tipo_apresentacao":"E","data_publicacao":null,"numero_origem_externa":"","ano_origem_externa":null,"data_origem_externa":null,"apelido":"","dias_prazo":null,"data_fim_prazo":null,"em_tramitacao":false,"polemica":false,"objeto":"","complementar":false,"ementa":"Requer do Poder Executivo Municipal, por interm\u00e9dio da Secretaria competente, a instala\u00e7\u00e3o de ilumina\u00e7\u00e3o P\u00fablica na pra\u00e7a Lagoa da Cruz.","indexacao":"","observacao":"","resultado":"","texto_original":"http://64.23.167.191/media/sapl/public/materialegislativa/2025/958/req._n_009-2025__requer_a_instalacoaao_de_iluminacoaao_puublica_na_pracoa_lagoa_da_cruz.pdf","data_ultima_atualizacao":"2025-06-14T10:18:33.824927-03:00","ip":"201.148.182.119","ultima_edicao":"2025-06-14T10:06:30.453298-03:00","tipo":31,"regime_tramitacao":2,"tipo_origem_externa":null,"local_origem_externa":null,"user":3,"anexadas":[],"autores":[14]}