{"id":957,"__str__":"Indica\u00e7\u00e3o n\u00ba 34 de 2025","metadata":{},"numero":34,"ano":2025,"numero_protocolo":null,"data_apresentacao":"2025-05-23","tipo_apresentacao":"E","data_publicacao":null,"numero_origem_externa":"","ano_origem_externa":null,"data_origem_externa":null,"apelido":"","dias_prazo":null,"data_fim_prazo":null,"em_tramitacao":false,"polemica":false,"objeto":"","complementar":false,"ementa":"Indica\u00e7\u00e3o n\u00ba 09/2025 - Ver. Sebasti\u00e3o Fabr\u00edcio: INDICA ao Senhor Prefeito Municipal, na forma regimental, a instala\u00e7\u00e3o de postes e lumin\u00e1rias de energia solar em todo setor Canad\u00e1 em vistas ao embr\u00e1glio que abrange aquelas fam\u00edlias em rela\u00e7\u00e3o a energia el\u00e9trica, a energia solar permite a ilumina\u00e7\u00e3o em \u00e1reas que n\u00e3o t\u00eam acesso \u00e0 rede el\u00e9trica..","indexacao":"","observacao":"","resultado":"","texto_original":"http://64.23.167.191/media/sapl/public/materialegislativa/2025/957/indicacao_09-2025.pdf","data_ultima_atualizacao":"2025-06-14T10:02:40.526777-03:00","ip":"201.148.182.119","ultima_edicao":"2025-06-14T09:58:38.188711-03:00","tipo":25,"regime_tramitacao":2,"tipo_origem_externa":null,"local_origem_externa":null,"user":3,"anexadas":[],"autores":[16]}