{"id":940,"__str__":"Indica\u00e7\u00e3o n\u00ba 26 de 2025","metadata":{},"numero":26,"ano":2025,"numero_protocolo":null,"data_apresentacao":"2025-05-23","tipo_apresentacao":"E","data_publicacao":null,"numero_origem_externa":"","ano_origem_externa":null,"data_origem_externa":null,"apelido":"","dias_prazo":null,"data_fim_prazo":null,"em_tramitacao":false,"polemica":false,"objeto":"","complementar":false,"ementa":"Indica\u00e7\u00e3o n\u00ba 07/2025 - Ver. Sebasti\u00e3o Fabr\u00edcio: INDICA ao Senhor Prefeito Municipal, na forma regimental, a constru\u00e7\u00e3o de uma cal\u00e7ada na margem direita com corrim\u00e3o e acessibilidade para pessoas com defici\u00eancia ou mobilidade.","indexacao":"","observacao":"","resultado":"","texto_original":"http://64.23.167.191/media/sapl/public/materialegislativa/2025/940/indicacoaao_07-2025_indica_a_construcoaao_instalacoaao_e_manutencoaao_de_melhorias_na_rampa_rio_to.pdf","data_ultima_atualizacao":"2025-06-12T09:59:21.171556-03:00","ip":"201.148.182.119","ultima_edicao":"2025-06-12T09:56:21.980585-03:00","tipo":25,"regime_tramitacao":2,"tipo_origem_externa":null,"local_origem_externa":null,"user":3,"anexadas":[],"autores":[16]}