{"id":828,"__str__":"Indica\u00e7\u00e3o n\u00ba 18 de 2025","metadata":{},"numero":18,"ano":2025,"numero_protocolo":null,"data_apresentacao":"2025-03-20","tipo_apresentacao":"E","data_publicacao":null,"numero_origem_externa":"","ano_origem_externa":null,"data_origem_externa":null,"apelido":"","dias_prazo":null,"data_fim_prazo":null,"em_tramitacao":false,"polemica":false,"objeto":"","complementar":false,"ementa":"Indica\u00e7\u00e3o n\u00ba 03/2025 - Ver. Sebasti\u00e3o Fabr\u00edcio: INDICA ao Senhor Prefeito Municipal, a realizar divulga\u00e7\u00e3o por interm\u00e9dio do s\u00edtio eletr\u00f4nico e m\u00eddias sociais oficiais da Prefeitura Municipal da biblioteca virtual \"Portal Dom\u00ednio P\u00fablico\", vinculada ao Governo Federal.","indexacao":"","observacao":"","resultado":"","texto_original":"http://64.23.167.191/media/sapl/public/materialegislativa/2025/828/20-03_indicacao_no03-2025_indiva_a_divulgacao_da_biblioteca_virtual__portal_dominio_publico.pdf","data_ultima_atualizacao":"2025-04-04T10:57:46.580705-03:00","ip":"2804:171c:2082:9500:6cf5:e6e4:a082:ad59","ultima_edicao":"2025-04-04T10:57:46.166986-03:00","tipo":25,"regime_tramitacao":2,"tipo_origem_externa":null,"local_origem_externa":null,"user":3,"anexadas":[],"autores":[16]}