{"id":798,"__str__":"Aut\u00f3grafo de Lei n\u00ba 11 de 2025","metadata":{},"numero":11,"ano":2025,"numero_protocolo":null,"data_apresentacao":"2025-03-10","tipo_apresentacao":"","data_publicacao":null,"numero_origem_externa":"","ano_origem_externa":null,"data_origem_externa":null,"apelido":"","dias_prazo":null,"data_fim_prazo":null,"em_tramitacao":false,"polemica":false,"objeto":"","complementar":false,"ementa":"\u201cDISP\u00d5E SOBRE A DENOMINA\u00c7\u00c3O DA PRA\u00c7A LOCALIZADA NO DISTRITO DE ANAJAN\u00d3POLIS COMO: PRA\u00c7A ANT\u00d4NIO CASIMIRO DE SOUZA\u201d.","indexacao":"","observacao":"","resultado":"","texto_original":"http://64.23.167.191/media/sapl/public/materialegislativa/2025/798/autografo_de_lei_n011-2025_denominacao_da_praca_anajanopolis.pdf","data_ultima_atualizacao":"2025-04-08T09:33:58.908179-03:00","ip":"2804:171c:2082:9500:59f7:1d5c:f5ce:d0e","ultima_edicao":"2025-04-08T09:33:58.704965-03:00","tipo":7,"regime_tramitacao":2,"tipo_origem_externa":null,"local_origem_externa":null,"user":3,"anexadas":[],"autores":[1]}