{"id":796,"__str__":"Requerimentos - Ver. Sebasti\u00e3o Fabr\u00edcio n\u00ba 6 de 2025","metadata":{},"numero":6,"ano":2025,"numero_protocolo":null,"data_apresentacao":"2025-02-27","tipo_apresentacao":"E","data_publicacao":null,"numero_origem_externa":"","ano_origem_externa":null,"data_origem_externa":null,"apelido":"","dias_prazo":null,"data_fim_prazo":null,"em_tramitacao":false,"polemica":false,"objeto":"","complementar":false,"ementa":"Requer do Poder Executivo Municipal, por interm\u00e9dio da Secretaria competente, a realiza\u00e7\u00e3o de vistoria na ponte do Lageado, denominada Ponte Elton Valdir Schmitz, em car\u00e1ter de urg\u00eancia.","indexacao":"","observacao":"","resultado":"","texto_original":"http://64.23.167.191/media/sapl/public/materialegislativa/2025/796/requerimento_no_006-2025_-_realizacao_de_vistoria_na_ponte_do_lageado_denominada_ponte_elton_valdir_schmitz_em_carater_de_urgencia..pdf","data_ultima_atualizacao":"2025-03-11T14:49:49.022153-03:00","ip":"2804:171c:20f3:c100:147f:e528:19c3:ea04","ultima_edicao":"2025-03-11T14:48:57.208741-03:00","tipo":30,"regime_tramitacao":2,"tipo_origem_externa":null,"local_origem_externa":null,"user":3,"anexadas":[],"autores":[16]}