{"id":771,"__str__":"Projeto de Resolu\u00e7\u00e3o n\u00ba 2 de 2025","metadata":{},"numero":2,"ano":2025,"numero_protocolo":null,"data_apresentacao":"2025-01-31","tipo_apresentacao":"E","data_publicacao":null,"numero_origem_externa":"","ano_origem_externa":null,"data_origem_externa":null,"apelido":"","dias_prazo":null,"data_fim_prazo":null,"em_tramitacao":false,"polemica":false,"objeto":"","complementar":false,"ementa":"PROJETO DE RESOLU\u00c7\u00c3O N\u00ba 002, DE 31 DE JANEIRO DE 2025: \"DISP\u00d5E SOBRE A CONTRATA\u00c7\u00c3O POR TEMPO DETERMINADO PARA ATENDER \u00c0\r\nNECESSIDADE TEMPOR\u00c1RIA DE EXCEPCIONAL INTERESSE P\u00daBLICO C\u00c2MARA DE PEDRO AfONSO, NOS TERMOS DO ART. 37, IX, DA CONSTITUI\u00c7\u00c3O FEDERAL E D\u00c1 OUTRAS PROVID\u00caNCIAS.\"","indexacao":"","observacao":"","resultado":"","texto_original":"http://64.23.167.191/media/sapl/public/materialegislativa/2025/771/projeto_de_resolucao_no_002-2025.pdf","data_ultima_atualizacao":"2025-02-24T22:03:10.829059-03:00","ip":"2804:171c:209c:e600:d836:baa8:fec6:6851","ultima_edicao":"2025-02-24T22:02:06.098026-03:00","tipo":5,"regime_tramitacao":2,"tipo_origem_externa":null,"local_origem_externa":null,"user":3,"anexadas":[],"autores":[1]}