{"id":758,"__str__":"Requerimentos - Ver. Sebasti\u00e3o Fabr\u00edcio n\u00ba 5 de 2025","metadata":{},"numero":5,"ano":2025,"numero_protocolo":null,"data_apresentacao":"2025-02-17","tipo_apresentacao":"E","data_publicacao":null,"numero_origem_externa":"","ano_origem_externa":null,"data_origem_externa":null,"apelido":"","dias_prazo":null,"data_fim_prazo":null,"em_tramitacao":false,"polemica":false,"objeto":"","complementar":false,"ementa":"Requer do Poder Executivo Municipal, a realiza\u00e7\u00e3o de canaliza\u00e7\u00e3o das \u00e1guas pluviais da RUA 10 - SETOR BELA VISTA II, RUA SOUSA AGUIAR - SETOR BELA VISTA I e AV MARTA VANIA, EM FRENTE A CRECHE MARANATHA - SETOR AEROPORTO II.","indexacao":"","observacao":"","resultado":"","texto_original":"http://64.23.167.191/media/sapl/public/materialegislativa/2025/758/requerimento._no_05-2025_-_ver._fabricio-_realizacao_de_canalizacao_das_aguas_pluviais..pdf","data_ultima_atualizacao":"2025-02-24T14:57:36.513931-03:00","ip":"2804:171c:209c:e600:d836:baa8:fec6:6851","ultima_edicao":"2025-02-24T14:55:59.710516-03:00","tipo":30,"regime_tramitacao":2,"tipo_origem_externa":null,"local_origem_externa":null,"user":3,"anexadas":[],"autores":[16]}