{"id":757,"__str__":"Requerimentos - Ver. Sebasti\u00e3o Fabr\u00edcio n\u00ba 3 de 2025","metadata":{},"numero":3,"ano":2025,"numero_protocolo":null,"data_apresentacao":"2025-02-14","tipo_apresentacao":"E","data_publicacao":null,"numero_origem_externa":"","ano_origem_externa":null,"data_origem_externa":null,"apelido":"","dias_prazo":null,"data_fim_prazo":null,"em_tramitacao":false,"polemica":false,"objeto":"","complementar":false,"ementa":"Requer do Poder Executivo Municipal, revitaliza\u00e7\u00e3o do cemit\u00e9rio municipal do Distrito de Anajan\u00f3polis (Porto Real) e a inclus\u00e3o da limpeza peri\u00f3dica no cronograma de a\u00e7\u00f5es da pasta competente.","indexacao":"","observacao":"","resultado":"","texto_original":"http://64.23.167.191/media/sapl/public/materialegislativa/2025/757/requerimento_no_003-2025_-_ver._fabricio_-_revitalizacao_do_cemiterio_anajanopolis.pdf","data_ultima_atualizacao":"2025-02-24T14:55:55.005976-03:00","ip":"2804:171c:209c:e600:d836:baa8:fec6:6851","ultima_edicao":"2025-02-24T14:54:52.288790-03:00","tipo":30,"regime_tramitacao":1,"tipo_origem_externa":null,"local_origem_externa":null,"user":3,"anexadas":[],"autores":[16]}