{"id":754,"__str__":"Indica\u00e7\u00e3o n\u00ba 9 de 2025","metadata":{},"numero":9,"ano":2025,"numero_protocolo":null,"data_apresentacao":"2025-02-14","tipo_apresentacao":"E","data_publicacao":null,"numero_origem_externa":"","ano_origem_externa":null,"data_origem_externa":null,"apelido":"","dias_prazo":null,"data_fim_prazo":null,"em_tramitacao":false,"polemica":false,"objeto":"","complementar":false,"ementa":"Indica\u00e7\u00e3o n\u00ba 02/2025 - Ver. Sebasti\u00e3o Fabr\u00edcio: INDICA ao Senhor Prefeito Municipal o pedido de doa\u00e7\u00e3o do terreno situado no Setor Portelinha para a constru\u00e7\u00e3o de uma Igreja Cat\u00f3lica.","indexacao":"","observacao":"","resultado":"","texto_original":"http://64.23.167.191/media/sapl/public/materialegislativa/2025/754/09_-_indicacao_no_002-2025_-_14-02_-_ver._fabricio_-__doacao_de_terreno_setor_portelinha..pdf","data_ultima_atualizacao":"2025-02-24T14:33:10.242023-03:00","ip":"2804:171c:209c:e600:d836:baa8:fec6:6851","ultima_edicao":"2025-02-24T14:31:37.856474-03:00","tipo":25,"regime_tramitacao":1,"tipo_origem_externa":null,"local_origem_externa":null,"user":3,"anexadas":[],"autores":[16]}