{"id":715,"__str__":"Projeto de Lei do Executivo n\u00ba 18 de 2023","metadata":{},"numero":18,"ano":2023,"numero_protocolo":null,"data_apresentacao":"2023-09-27","tipo_apresentacao":"E","data_publicacao":null,"numero_origem_externa":"","ano_origem_externa":null,"data_origem_externa":null,"apelido":"","dias_prazo":null,"data_fim_prazo":null,"em_tramitacao":false,"polemica":false,"objeto":"","complementar":false,"ementa":"\u201cREVOGA A LEI N\u00ba 007/2023 DE 18 DE MAIO DE 2023, QUE DENOMINA A PRA\u00c7A MATRIZ DE S\u00c3O PEDRO E D\u00c1 OUTRAS PROVID\u00caNCIAS.\u201d","indexacao":"","observacao":"","resultado":"","texto_original":"http://64.23.167.191/media/sapl/public/materialegislativa/2023/715/projeto_de_lei_no_018-2023.pdf","data_ultima_atualizacao":"2024-09-25T22:18:37.406711-03:00","ip":"179.43.34.35","ultima_edicao":"2024-09-25T22:16:15.934392-03:00","tipo":9,"regime_tramitacao":2,"tipo_origem_externa":null,"local_origem_externa":null,"user":3,"anexadas":[],"autores":[12]}