{"id":697,"__str__":"Projeto de Lei do Legislativo n\u00ba 4 de 2022","metadata":{},"numero":4,"ano":2022,"numero_protocolo":null,"data_apresentacao":"2022-04-18","tipo_apresentacao":"E","data_publicacao":null,"numero_origem_externa":"","ano_origem_externa":null,"data_origem_externa":null,"apelido":"","dias_prazo":null,"data_fim_prazo":null,"em_tramitacao":false,"polemica":false,"objeto":"","complementar":false,"ementa":"PROJETO DE LEI N\u00b0 001/2022 - VER. LILI BENICIO: \"INSTITUI A CAMPANHA DE VALORIZA\u00c7\u00c3O DA VIDA DENOMINADA \"SETEMBRO AMARELO\" E O DIA MUNICIPAL DE PREVEN\u00c7\u00c3O AO SUICIDIO NO CALEND\u00c1RIO OFICIAL DO MUNICIPIO DE PEDRO AFONSO, E D\u00c1 OUTRAS PROVID\u00caNCIAS.\"","indexacao":"","observacao":"","resultado":"","texto_original":"http://64.23.167.191/media/sapl/public/materialegislativa/2022/697/04_-_projeto_de_lei_no_001-2022_-_lili_-_18-04.pdf","data_ultima_atualizacao":"2024-09-25T21:14:28.748735-03:00","ip":"179.43.34.35","ultima_edicao":"2024-09-25T21:11:30.865438-03:00","tipo":17,"regime_tramitacao":2,"tipo_origem_externa":null,"local_origem_externa":null,"user":3,"anexadas":[],"autores":[6]}