{"id":686,"__str__":"Projeto de Lei do Legislativo n\u00ba 28 de 2021","metadata":{},"numero":28,"ano":2021,"numero_protocolo":null,"data_apresentacao":"2021-08-23","tipo_apresentacao":"E","data_publicacao":null,"numero_origem_externa":"","ano_origem_externa":null,"data_origem_externa":null,"apelido":"","dias_prazo":null,"data_fim_prazo":null,"em_tramitacao":false,"polemica":false,"objeto":"","complementar":false,"ementa":"PROJETO DE LEI N\u00b0 16/2021 - VER. MARQUIM CATABRIGA: \u201cASSEGURA \u00c0 CRIAN\u00c7A E AO ADOLESCENTE CUJOS PAIS OU RESPONS\u00c1VEIS SEJAM PESSOAS COM DEFICI\u00caNCIA OU COM IDADE IGUAL OU SUPERIOR A 60 (SESSENTA) ANOS A M\u00c1XIMA PRIORIDADE DE VAGA EM UNIDADE DA REDE P\u00daBLICA MUNICIPAL DE ENSINO MAIS PR\u00d3XIMA DE SUA RESID\u00caNCIA\u201d.","indexacao":"","observacao":"","resultado":"","texto_original":"http://64.23.167.191/media/sapl/public/materialegislativa/2021/686/28_-_projeto_de_lei_n_16-2021_de_23_de_agosto_de_2021..pdf","data_ultima_atualizacao":"2024-09-25T20:51:58.891724-03:00","ip":"179.43.34.35","ultima_edicao":"2024-09-25T20:50:33.865739-03:00","tipo":17,"regime_tramitacao":2,"tipo_origem_externa":null,"local_origem_externa":null,"user":3,"anexadas":[],"autores":[1]}