{"id":685,"__str__":"Projeto de Lei do Legislativo n\u00ba 27 de 2021","metadata":{},"numero":27,"ano":2021,"numero_protocolo":null,"data_apresentacao":"2021-08-23","tipo_apresentacao":"E","data_publicacao":null,"numero_origem_externa":"","ano_origem_externa":null,"data_origem_externa":null,"apelido":"","dias_prazo":null,"data_fim_prazo":null,"em_tramitacao":false,"polemica":false,"objeto":"","complementar":false,"ementa":"PROJETO DE LEI N\u00b0 15/2021 - VER. MARQUIM CATABRIGA: \u201cDISP\u00d5E SOBRE OBRIGATORIEDADE DA INCLUS\u00c3O DOS NOMES DOS VEREADORES EM PLACAS INAUGURAIS DO MUNIC\u00cdPIO DE PEDRO AFONSO - TO\u201d.","indexacao":"","observacao":"","resultado":"","texto_original":"http://64.23.167.191/media/sapl/public/materialegislativa/2021/685/27_-_projeto_de_lei_015_-_2021__fica_obrigatorio_a_inclusao_dos_nomes_dos_vereadores_nas_placas_de_obras_publicas_inauguradas_-_23-08.pdf","data_ultima_atualizacao":"2024-09-25T20:50:22.024082-03:00","ip":"179.43.34.35","ultima_edicao":"2024-09-25T20:49:21.510436-03:00","tipo":17,"regime_tramitacao":2,"tipo_origem_externa":null,"local_origem_externa":null,"user":3,"anexadas":[],"autores":[1]}