{"id":640,"__str__":"Projeto de Lei do Executivo n\u00ba 11 de 2021","metadata":{},"numero":11,"ano":2021,"numero_protocolo":null,"data_apresentacao":"2021-09-01","tipo_apresentacao":"E","data_publicacao":null,"numero_origem_externa":"","ano_origem_externa":null,"data_origem_externa":null,"apelido":"","dias_prazo":null,"data_fim_prazo":null,"em_tramitacao":false,"polemica":false,"objeto":"","complementar":false,"ementa":"\u201cINSTITUI, NO CALEND\u00c1RIO OFICIAL DO MUNIC\u00cdPIO DE PEDRO AFONSO, O \u201cDIA MUNICIPAL DE CONSCI\u00caNCIA E COMBATE \u00c0S QUEIMADAS E INC\u00caNDIOS FLORESTAIS EM PEDRO AFONSO\u201d, EM SE TRATANDO DA DATA DE \u201c15 DE SETEMBRO\u201d \u2013 E D\u00c1 OUTRAS PROVID\u00caNCIAS.\u201d","indexacao":"","observacao":"","resultado":"","texto_original":"http://64.23.167.191/media/sapl/public/materialegislativa/2021/640/proj.lei_11_2021_instituidiaconscienciacombatequeimadas.pdf","data_ultima_atualizacao":"2024-09-20T20:39:57.715652-03:00","ip":"179.43.34.42","ultima_edicao":"2024-09-20T20:39:15.455532-03:00","tipo":9,"regime_tramitacao":2,"tipo_origem_externa":null,"local_origem_externa":null,"user":3,"anexadas":[],"autores":[12]}