{"id":631,"__str__":"Projeto de Resolu\u00e7\u00e3o n\u00ba 12 de 2022","metadata":{},"numero":12,"ano":2022,"numero_protocolo":null,"data_apresentacao":"2022-01-20","tipo_apresentacao":"E","data_publicacao":null,"numero_origem_externa":"","ano_origem_externa":null,"data_origem_externa":null,"apelido":"","dias_prazo":null,"data_fim_prazo":null,"em_tramitacao":false,"polemica":false,"objeto":"","complementar":false,"ementa":"Projeto de Resolu\u00e7\u00e3o n\u00ba 001/2022 - Ver. Breno Alves: \u201cAltera a Resolu\u00e7\u00e3o n\u00ba 005/2020, que disp\u00f5e sobre a reestrutura\u00e7\u00e3o organizacional da C\u00e2mara Municipal de Pedro Afonso, bem como, extingue e cria Cargos P\u00fablicos e faz a distribui\u00e7\u00e3o para os Gabinetes dos Vereadores e Administra\u00e7\u00e3o\u201d.","indexacao":"","observacao":"","resultado":"","texto_original":"http://64.23.167.191/media/sapl/public/materialegislativa/2022/631/01_-_projeto_de_resolucao_no_01-2022_-_breno_-_20-01.pdf","data_ultima_atualizacao":"2024-09-17T22:00:59.255894-03:00","ip":"179.43.34.42","ultima_edicao":"2024-09-17T22:00:58.925980-03:00","tipo":5,"regime_tramitacao":2,"tipo_origem_externa":null,"local_origem_externa":null,"user":3,"anexadas":[],"autores":[9]}