{"id":604,"__str__":"Edital de Convoca\u00e7\u00e3o n\u00ba 4 de 2022","metadata":{},"numero":4,"ano":2022,"numero_protocolo":null,"data_apresentacao":"2022-12-15","tipo_apresentacao":"E","data_publicacao":null,"numero_origem_externa":"","ano_origem_externa":null,"data_origem_externa":null,"apelido":"","dias_prazo":null,"data_fim_prazo":null,"em_tramitacao":false,"polemica":false,"objeto":"","complementar":false,"ementa":"Convoca\u00e7\u00e3o dos vereadores para Sess\u00e3o Solene de posse da Mesa Diretora, tendo como Presidente o Vereador Jo\u00e3o Carlos da Silva Alves, para\r\no exerc\u00edcio de 2023.","indexacao":"","observacao":"","resultado":"","texto_original":"http://64.23.167.191/media/sapl/public/materialegislativa/2022/604/convocacao_004-2022.pdf","data_ultima_atualizacao":"2024-09-16T21:19:32.809565-03:00","ip":"179.43.34.42","ultima_edicao":"2024-09-16T21:18:37.150289-03:00","tipo":16,"regime_tramitacao":2,"tipo_origem_externa":null,"local_origem_externa":null,"user":3,"anexadas":[],"autores":[9]}