{"id":602,"__str__":"Edital de Convoca\u00e7\u00e3o n\u00ba 2 de 2022","metadata":{},"numero":2,"ano":2022,"numero_protocolo":null,"data_apresentacao":"2022-02-14","tipo_apresentacao":"E","data_publicacao":null,"numero_origem_externa":"","ano_origem_externa":null,"data_origem_externa":null,"apelido":"","dias_prazo":null,"data_fim_prazo":null,"em_tramitacao":false,"polemica":false,"objeto":"","complementar":false,"ementa":"Convoca\u00e7\u00e3o dos vereadores para a 1\u00aa Sess\u00e3o Ordin\u00e1ria da C\u00e2mara Municipal de Vereadores de Pedro Afonso do ano de 2022.","indexacao":"","observacao":"","resultado":"","texto_original":"http://64.23.167.191/media/sapl/public/materialegislativa/2022/602/convocacao_002-2022.pdf","data_ultima_atualizacao":"2024-09-16T21:17:29.564267-03:00","ip":"179.43.34.42","ultima_edicao":"2024-09-16T21:16:23.967664-03:00","tipo":16,"regime_tramitacao":2,"tipo_origem_externa":null,"local_origem_externa":null,"user":3,"anexadas":[],"autores":[9]}