{"id":591,"__str__":"Indica\u00e7\u00e3o n\u00ba 8 de 2022","metadata":{},"numero":8,"ano":2022,"numero_protocolo":null,"data_apresentacao":"2022-03-29","tipo_apresentacao":"E","data_publicacao":null,"numero_origem_externa":"","ano_origem_externa":null,"data_origem_externa":null,"apelido":"","dias_prazo":null,"data_fim_prazo":null,"em_tramitacao":false,"polemica":false,"objeto":"","complementar":false,"ementa":"Indica\u00e7\u00e3o n\u00ba 004/2022 - Ver. Marquim Catabriga: \u201cINDICA AO CHEFE DO PODER EXECUTIVO MUNICIPAL QUE FA\u00c7A A AMPLIA\u00c7\u00c3O DO MUSEU HIST\u00d3RICO DE PEDRO AFONSO\u201d.","indexacao":"","observacao":"","resultado":"","texto_original":"http://64.23.167.191/media/sapl/public/materialegislativa/2022/591/08_-_indicacao_004_-_2022_-_marquim_29-03.pdf","data_ultima_atualizacao":"2024-09-16T20:45:49.139637-03:00","ip":"179.43.34.42","ultima_edicao":"2024-09-16T20:42:38.622176-03:00","tipo":25,"regime_tramitacao":2,"tipo_origem_externa":null,"local_origem_externa":null,"user":3,"anexadas":[],"autores":[1]}