{"id":585,"__str__":"Indica\u00e7\u00e3o n\u00ba 2 de 2022","metadata":{},"numero":2,"ano":2022,"numero_protocolo":null,"data_apresentacao":"2022-02-09","tipo_apresentacao":"E","data_publicacao":null,"numero_origem_externa":"","ano_origem_externa":null,"data_origem_externa":null,"apelido":"","dias_prazo":null,"data_fim_prazo":null,"em_tramitacao":false,"polemica":false,"objeto":"","complementar":false,"ementa":"Indica\u00e7\u00e3o n\u00ba 001/2022 - Ver. Marquim Catabriga: \u201cINDICA AO CHEFE DO PODER EXECUTIVO MUNICIPAL, A CRIA\u00c7\u00c3O DA FARM\u00c1CIA VETERIN\u00c1RIA POPULAR E D\u00c1 OUTRAS PROVID\u00caNCIAS NO \u00c2MBITO DO MUNIC\u00cdPIO DE PEDRO AFONSO\u201d.","indexacao":"","observacao":"","resultado":"","texto_original":"http://64.23.167.191/media/sapl/public/materialegislativa/2022/585/02_-_indicacao_001_-_2022_-_marquim_09-02.pdf","data_ultima_atualizacao":"2024-09-16T20:35:12.951854-03:00","ip":"179.43.34.42","ultima_edicao":"2024-09-16T20:32:41.367692-03:00","tipo":25,"regime_tramitacao":2,"tipo_origem_externa":null,"local_origem_externa":null,"user":3,"anexadas":[],"autores":[1]}