{"id":575,"__str__":"Indica\u00e7\u00e3o n\u00ba 33 de 2021","metadata":{},"numero":33,"ano":2021,"numero_protocolo":null,"data_apresentacao":"2021-08-18","tipo_apresentacao":"E","data_publicacao":null,"numero_origem_externa":"","ano_origem_externa":null,"data_origem_externa":null,"apelido":"","dias_prazo":null,"data_fim_prazo":null,"em_tramitacao":false,"polemica":false,"objeto":"","complementar":false,"ementa":"INDICA\u00c7\u00c3O N\u00ba 010/2021 - VER. MARQUIM CATABRIGA: \u201cINDICA AO CHEFE DO PODER EXECUTIVO MUNICIPAL, QUE VENHA INSTITUIR UM PROGRAMA DE A\u00c7\u00d5ES PREVENTIVAS \u00c0 DEPRESS\u00c3O E AO SUIC\u00cdDIO ENTRE CRIAN\u00c7AS E ADOLESCENTES NA REDE MUNICIPAL DE ENSINO\u201d.","indexacao":"","observacao":"","resultado":"","texto_original":"http://64.23.167.191/media/sapl/public/materialegislativa/2021/575/33_-_indicacao_010_-_2021_-_marquim_-_18-08.pdf","data_ultima_atualizacao":"2024-09-13T22:22:51.782392-03:00","ip":"179.43.34.42","ultima_edicao":"2024-09-13T22:22:00.975398-03:00","tipo":25,"regime_tramitacao":2,"tipo_origem_externa":null,"local_origem_externa":null,"user":3,"anexadas":[],"autores":[1]}