{"id":574,"__str__":"Indica\u00e7\u00e3o n\u00ba 32 de 2021","metadata":{},"numero":32,"ano":2021,"numero_protocolo":null,"data_apresentacao":"2021-08-18","tipo_apresentacao":"E","data_publicacao":null,"numero_origem_externa":"","ano_origem_externa":null,"data_origem_externa":null,"apelido":"","dias_prazo":null,"data_fim_prazo":null,"em_tramitacao":false,"polemica":false,"objeto":"","complementar":false,"ementa":"INDICA\u00c7\u00c3O N\u00ba 009/2021 - VER. MARQUIM CATABRIGA: \u201cINDICA AO CHEFE DO PODER EXECUTIVO MUNICIPAL, QUE VENHA INSTITUIR UM PROGRAMA PARA TRATAMENTO CONTRA A DEPRESS\u00c3O INFANTIL E NA ADOLESC\u00caNCIA NAS UNIDADES B\u00c1SICAS DE SA\u00daDE \u2013 UBS NO\r\nMUNIC\u00cdPIO DE PEDRO AFONSO\u201d.","indexacao":"","observacao":"","resultado":"","texto_original":"http://64.23.167.191/media/sapl/public/materialegislativa/2021/574/32_-_indicacao_009_-_2021_-_marquim_-_18-08.pdf","data_ultima_atualizacao":"2024-09-13T22:21:47.916123-03:00","ip":"179.43.34.42","ultima_edicao":"2024-09-13T22:20:53.166559-03:00","tipo":25,"regime_tramitacao":2,"tipo_origem_externa":null,"local_origem_externa":null,"user":3,"anexadas":[],"autores":[1]}