{"id":549,"__str__":"Indica\u00e7\u00e3o n\u00ba 7 de 2021","metadata":{},"numero":7,"ano":2021,"numero_protocolo":null,"data_apresentacao":"2021-02-19","tipo_apresentacao":"E","data_publicacao":null,"numero_origem_externa":"","ano_origem_externa":null,"data_origem_externa":null,"apelido":"","dias_prazo":null,"data_fim_prazo":null,"em_tramitacao":false,"polemica":false,"objeto":"","complementar":false,"ementa":"Indica\u00e7\u00e3o n\u00ba 002/2021 - Ver. Marquim Catabriga: \u201cINDICA AO CHEFE DO PODER EXECUTIVO MUNICIPAL, A CONSTRU\u00c7\u00c3O DE UMA ACADEMIA DA SA\u00daDE (AR LIVRE) NO SETOR AEROPORTO II\u201d.","indexacao":"","observacao":"","resultado":"","texto_original":"http://64.23.167.191/media/sapl/public/materialegislativa/2021/549/07_-_indicacao_02_-_academia_da_saude_setor_aeroporto_ii_-_marquim_-_19-02.pdf","data_ultima_atualizacao":"2024-09-13T21:23:49.386032-03:00","ip":"179.43.34.42","ultima_edicao":"2024-09-13T21:22:47.497947-03:00","tipo":25,"regime_tramitacao":2,"tipo_origem_externa":null,"local_origem_externa":null,"user":3,"anexadas":[],"autores":[1]}