{"id":531,"__str__":"Requerimentos - Ver. Mirleyson Soares n\u00ba 2 de 2023","metadata":{},"numero":2,"ano":2023,"numero_protocolo":null,"data_apresentacao":"2023-03-27","tipo_apresentacao":"E","data_publicacao":null,"numero_origem_externa":"","ano_origem_externa":null,"data_origem_externa":null,"apelido":"","dias_prazo":null,"data_fim_prazo":null,"em_tramitacao":false,"polemica":false,"objeto":"","complementar":false,"ementa":"Requer ao Prefeito Municipal, junto ao \u00f3rg\u00e3o competente, informa\u00e7\u00f5es sobre a pra\u00e7a que fica ao lado da secretaria de educa\u00e7\u00e3o, e em frente a\r\neletrossat.","indexacao":"","observacao":"","resultado":"","texto_original":"http://64.23.167.191/media/sapl/public/materialegislativa/2023/531/requerimento_no_002-2023_mirleyson.pdf","data_ultima_atualizacao":"2024-09-03T20:37:10.898633-03:00","ip":"45.178.238.146","ultima_edicao":"2024-09-03T20:36:36.134663-03:00","tipo":14,"regime_tramitacao":2,"tipo_origem_externa":null,"local_origem_externa":null,"user":3,"anexadas":[],"autores":[7]}