{"id":526,"__str__":"Requerimentos - Ver. Breno Alves n\u00ba 10 de 2023","metadata":{},"numero":10,"ano":2023,"numero_protocolo":null,"data_apresentacao":"2023-08-16","tipo_apresentacao":"E","data_publicacao":null,"numero_origem_externa":"","ano_origem_externa":null,"data_origem_externa":null,"apelido":"","dias_prazo":null,"data_fim_prazo":null,"em_tramitacao":false,"polemica":false,"objeto":"","complementar":false,"ementa":"Requer do Poder Executivo Municipal, atrav\u00e9s das Secretarias Competentes que tomem as providencias no sentido de, d\u00e1 continua\u00e7\u00e3o e t\u00e9rmino da pavimenta\u00e7\u00e3o na Avenida Vale do Amanhecer e nas demais ruas do Setor Aeroporto II.","indexacao":"","observacao":"","resultado":"","texto_original":"http://64.23.167.191/media/sapl/public/materialegislativa/2023/526/requerimento_no_010-2023_breno.pdf","data_ultima_atualizacao":"2024-09-03T20:33:14.601084-03:00","ip":"45.178.238.146","ultima_edicao":"2024-09-03T20:32:37.649411-03:00","tipo":15,"regime_tramitacao":2,"tipo_origem_externa":null,"local_origem_externa":null,"user":3,"anexadas":[],"autores":[9]}