{"id":525,"__str__":"Requerimentos - Ver. Breno Alves n\u00ba 9 de 2023","metadata":{},"numero":9,"ano":2023,"numero_protocolo":null,"data_apresentacao":"2023-08-16","tipo_apresentacao":"E","data_publicacao":null,"numero_origem_externa":"","ano_origem_externa":null,"data_origem_externa":null,"apelido":"","dias_prazo":null,"data_fim_prazo":null,"em_tramitacao":false,"polemica":false,"objeto":"","complementar":false,"ementa":"Requer do Poder Executivo Municipal, atrav\u00e9s das Secretarias Competentes que tomem as providencias no sentido de realizar manuten\u00e7\u00e3o de ilumina\u00e7\u00e3o da Rua 12, Setor Aeroporto II que, a v\u00e1rios meses se encontra sem ilumina\u00e7\u00e3o p\u00fablica e que assim se estenda a mesma onde houver a necessidade no setor acima mencionando.","indexacao":"","observacao":"","resultado":"","texto_original":"http://64.23.167.191/media/sapl/public/materialegislativa/2023/525/requerimento_no_009-2023_breno.pdf","data_ultima_atualizacao":"2024-09-03T20:32:34.210529-03:00","ip":"45.178.238.146","ultima_edicao":"2024-09-03T20:31:55.835555-03:00","tipo":15,"regime_tramitacao":2,"tipo_origem_externa":null,"local_origem_externa":null,"user":3,"anexadas":[],"autores":[9]}