{"id":465,"__str__":"Aut\u00f3grafo de Lei n\u00ba 28 de 2023","metadata":{},"numero":28,"ano":2023,"numero_protocolo":null,"data_apresentacao":"2023-11-30","tipo_apresentacao":"E","data_publicacao":null,"numero_origem_externa":"","ano_origem_externa":null,"data_origem_externa":null,"apelido":"","dias_prazo":null,"data_fim_prazo":null,"em_tramitacao":false,"polemica":false,"objeto":"","complementar":false,"ementa":"\u201cDISP\u00d5E SOBRE A CRIA\u00c7\u00c3O DO PAR\u00c1GRAFO \u00a71\u00ba E ALTERA\u00c7\u00c3O DO PAR\u00c1GRAFO \u00daNICO, AMBOS DO ART. 41 DA LEI COMPLEMENTAR 02/2015, NO\r\nQUAL ESTABELECE O PLANO DE CARGOS, CARREIRAS E REMUNERA\u00c7\u00d5ES (PCCR) DOS TRABALHADORES DO QUADRO GERAL DO MUNIC\u00cdPIO DE PEDRO AFONSO, ESTADO DO TOCANTINS E D\u00c1 OUTRAS PROVID\u00caNCIAS.\u201d","indexacao":"","observacao":"","resultado":"","texto_original":"http://64.23.167.191/media/sapl/public/materialegislativa/2023/465/autografos_028-2023.pdf","data_ultima_atualizacao":"2024-08-29T22:28:04.577895-03:00","ip":"45.178.238.146","ultima_edicao":"2024-08-29T22:27:21.156556-03:00","tipo":7,"regime_tramitacao":2,"tipo_origem_externa":null,"local_origem_externa":null,"user":3,"anexadas":[],"autores":[5]}