{"id":446,"__str__":"Aut\u00f3grafo de Lei n\u00ba 9 de 2023","metadata":{},"numero":9,"ano":2023,"numero_protocolo":null,"data_apresentacao":"2023-04-11","tipo_apresentacao":"E","data_publicacao":null,"numero_origem_externa":"","ano_origem_externa":null,"data_origem_externa":null,"apelido":"","dias_prazo":null,"data_fim_prazo":null,"em_tramitacao":false,"polemica":false,"objeto":"","complementar":false,"ementa":"\u201cDISP\u00d5E SOBRE A INSTITUI\u00c7\u00c3O DO DIA MUNICIPAL DA CONSCIENTIZA\u00c7\u00c3O DO AUTISMO NO CALEND\u00c1RIO OFICIAL DE DATAS E EVENTOS DO MUNIC\u00cdPIO DE PEDRO AFONSO -TO. \u201d","indexacao":"","observacao":"","resultado":"","texto_original":"http://64.23.167.191/media/sapl/public/materialegislativa/2023/446/autografos_009-2023.pdf","data_ultima_atualizacao":"2024-08-29T22:08:37.991002-03:00","ip":"45.178.238.146","ultima_edicao":"2024-08-29T22:07:49.465922-03:00","tipo":7,"regime_tramitacao":2,"tipo_origem_externa":null,"local_origem_externa":null,"user":3,"anexadas":[],"autores":[5]}