{"id":1555,"__str__":"Requerimentos - Ver. Pedro Vinicius n\u00ba 15 de 2026","metadata":{},"numero":15,"ano":2026,"numero_protocolo":null,"data_apresentacao":"2026-03-26","tipo_apresentacao":"E","data_publicacao":null,"numero_origem_externa":"","ano_origem_externa":null,"data_origem_externa":null,"apelido":"","dias_prazo":null,"data_fim_prazo":null,"em_tramitacao":false,"polemica":false,"objeto":"","complementar":false,"ementa":"Requer ao Poder Executivo Municipal que promova o reconhecimento do Setor Canad\u00e1 como \u00e1rea de utilidade p\u00fablica, bem como adote as provid\u00eancias necess\u00e1rias \u00e0 sua regulariza\u00e7\u00e3o e \u00e0 implementa\u00e7\u00e3o de infraestrutura b\u00e1sica.","indexacao":"","observacao":"","resultado":"","texto_original":"http://64.23.167.191/media/sapl/public/materialegislativa/2026/1555/requerimento_no_015-2026_-_solicita_que_promova_o_reconhecimento_do_setor_canada_como_area_de_utilidade_publica.pdf","data_ultima_atualizacao":"2026-04-06T16:52:15.867191-03:00","ip":"24.199.103.122","ultima_edicao":"2026-04-06T16:48:21.545395-03:00","tipo":32,"regime_tramitacao":1,"tipo_origem_externa":null,"local_origem_externa":null,"user":3,"anexadas":[],"autores":[19]}