{"id":1546,"__str__":"Requerimentos - Ver. Pedro Vinicius n\u00ba 10 de 2026","metadata":{},"numero":10,"ano":2026,"numero_protocolo":null,"data_apresentacao":"2026-03-16","tipo_apresentacao":"E","data_publicacao":null,"numero_origem_externa":"","ano_origem_externa":null,"data_origem_externa":null,"apelido":"","dias_prazo":null,"data_fim_prazo":null,"em_tramitacao":false,"polemica":false,"objeto":"","complementar":false,"ementa":"Requer ao Poder Executivo Municipal, por meio da Secretaria Municipal de Infraestrutura e Ilumina\u00e7\u00e3o P\u00fablica, que seja analisada a viabilizada t\u00e9cnica e or\u00e7ament\u00e1ria para a revitaliza\u00e7\u00e3o e instala\u00e7\u00e3o de ilumina\u00e7\u00e3o no Setor Canavieiras.","indexacao":"","observacao":"","resultado":"","texto_original":"http://64.23.167.191/media/sapl/public/materialegislativa/2026/1546/requerimento_no_10_vereador_pedro_belarmino.pdf","data_ultima_atualizacao":"2026-03-20T16:36:17.039987-03:00","ip":"24.199.103.122","ultima_edicao":"2026-03-20T16:32:22.083487-03:00","tipo":32,"regime_tramitacao":2,"tipo_origem_externa":null,"local_origem_externa":null,"user":3,"anexadas":[],"autores":[19]}