{"id":1543,"__str__":"Requerimentos - Ver. Pedro Vinicius n\u00ba 9 de 2026","metadata":{},"numero":9,"ano":2026,"numero_protocolo":null,"data_apresentacao":"2026-03-06","tipo_apresentacao":"E","data_publicacao":null,"numero_origem_externa":"","ano_origem_externa":null,"data_origem_externa":null,"apelido":"","dias_prazo":null,"data_fim_prazo":null,"em_tramitacao":false,"polemica":false,"objeto":"","complementar":false,"ementa":"Requer ao Poder Executivo Municipal o reconhecimento do curso \"Intelig\u00eancia Artificial Aplicada ao Cotidiano Docente\", com carga hor\u00e1ria de 104 horas, a ser ofertado no munic\u00edpio por meio de parceria entre institui\u00e7\u00f5es, como forma\u00e7\u00e3o continuada v\u00e1lida para fins de qualifica\u00e7\u00e3o e progress\u00e3o funcional no Plano de Cargos, Carreiras e Remunera\u00e7\u00e3o dos profissionais da educa\u00e7\u00e3o do munic\u00edpio.","indexacao":"","observacao":"","resultado":"","texto_original":"http://64.23.167.191/media/sapl/public/materialegislativa/2026/1543/requerimento_n009_vereador_pedro_berlamino.pdf","data_ultima_atualizacao":"2026-03-20T16:17:12.589092-03:00","ip":"24.199.103.122","ultima_edicao":"2026-03-20T15:55:45.906935-03:00","tipo":32,"regime_tramitacao":2,"tipo_origem_externa":null,"local_origem_externa":null,"user":3,"anexadas":[],"autores":[19]}