{"id":1542,"__str__":"Requerimentos - Ver. R\u00f4mulo Soares n\u00ba 2 de 2026","metadata":{},"numero":2,"ano":2026,"numero_protocolo":null,"data_apresentacao":"2026-03-13","tipo_apresentacao":"E","data_publicacao":null,"numero_origem_externa":"","ano_origem_externa":null,"data_origem_externa":null,"apelido":"","dias_prazo":null,"data_fim_prazo":null,"em_tramitacao":false,"polemica":false,"objeto":"","complementar":false,"ementa":"Requer ao Poder Executivo Municipal que seja inclu\u00edda no cronograma de reforma de estradas vicinais do ano de 2026 a recupera\u00e7\u00e3o das estradas vicinais da regi\u00e3o do Buqueir\u00e3o, que atende aproximadamente 12 propriedades rurais, bem como a inclus\u00e3o da estrada de acesso \u00e0 Fazenda Grajal.","indexacao":"","observacao":"","resultado":"","texto_original":"http://64.23.167.191/media/sapl/public/materialegislativa/2026/1542/requerimento_do_vereador_romulo_cesar_soares_de_carvalho.pdf","data_ultima_atualizacao":"2026-03-20T15:55:31.582762-03:00","ip":"24.199.103.122","ultima_edicao":"2026-03-20T15:51:01.200340-03:00","tipo":33,"regime_tramitacao":2,"tipo_origem_externa":null,"local_origem_externa":null,"user":3,"anexadas":[],"autores":[20]}