{"id":1537,"__str__":"Mo\u00e7\u00e3o de Aplausos n\u00ba 2 de 2026","metadata":{},"numero":2,"ano":2026,"numero_protocolo":null,"data_apresentacao":"2026-03-03","tipo_apresentacao":"E","data_publicacao":null,"numero_origem_externa":"","ano_origem_externa":null,"data_origem_externa":null,"apelido":"","dias_prazo":null,"data_fim_prazo":null,"em_tramitacao":false,"polemica":false,"objeto":"","complementar":false,"ementa":"Mo\u00e7\u00e3o de aplausos n\u00b0 001/2026 Ver. Sebasti\u00e3o Fabr\u00edcio: \"Concede Mo\u00e7\u00e3o de Aplausos \u00e0 Escola Municipal Jandevan, pelos seus 50 (cinquenta) anos de hist\u00f3ria, celebrados ao m\u00eas de fevereiro de 2026.\"","indexacao":"","observacao":"","resultado":"","texto_original":"http://64.23.167.191/media/sapl/public/materialegislativa/2026/1537/mocao_de_aplausos_no001.._1.pdf","data_ultima_atualizacao":"2026-03-20T15:27:45.709750-03:00","ip":"24.199.103.122","ultima_edicao":"2026-03-20T15:27:45.630409-03:00","tipo":28,"regime_tramitacao":2,"tipo_origem_externa":null,"local_origem_externa":null,"user":3,"anexadas":[],"autores":[16]}