{"id":1535,"__str__":"Parecer das Comiss\u00f5es n\u00ba 18 de 2026","metadata":{},"numero":18,"ano":2026,"numero_protocolo":null,"data_apresentacao":"2026-02-10","tipo_apresentacao":"E","data_publicacao":null,"numero_origem_externa":"","ano_origem_externa":null,"data_origem_externa":null,"apelido":"","dias_prazo":null,"data_fim_prazo":null,"em_tramitacao":false,"polemica":false,"objeto":"","complementar":false,"ementa":"Projeto de Lei n\u00b0: 001 /2026 - Proponente: Ver. Pedro Belarmino - Ementa: Disp\u00f5e sobre a denomina\u00e7\u00e3o de via p\u00fablica no Distrito de Anajan\u00f3polis (Porto Real) e d\u00e1 outras provid\u00eancias.","indexacao":"","observacao":"","resultado":"","texto_original":"http://64.23.167.191/media/sapl/public/materialegislativa/2026/1535/parecer_das_comicoes__no006.pdf","data_ultima_atualizacao":"2026-03-12T14:14:41.132547-03:00","ip":"24.199.103.122","ultima_edicao":"2026-03-12T14:12:58.697698-03:00","tipo":29,"regime_tramitacao":2,"tipo_origem_externa":null,"local_origem_externa":null,"user":3,"anexadas":[],"autores":[21]}