{"id":1508,"__str__":"Edital de Convoca\u00e7\u00e3o n\u00ba 1 de 2026","metadata":{},"numero":1,"ano":2026,"numero_protocolo":null,"data_apresentacao":"2026-01-21","tipo_apresentacao":"E","data_publicacao":null,"numero_origem_externa":"","ano_origem_externa":null,"data_origem_externa":null,"apelido":"","dias_prazo":null,"data_fim_prazo":null,"em_tramitacao":false,"polemica":false,"objeto":"","complementar":false,"ementa":"Edital de convoca\u00e7\u00e3o Sess\u00e3o Extraordin\u00e1ria n\u00b0 001/2026: Convoca os Senhores Vereadores para Sess\u00e3o Extraordin\u00e1ria a realizar-se no dia 23/01/2026, sexta-feira, \u00e0s 19h, nas depend\u00eancias da C\u00e2mara Municipal, destinada exclusivamente \u00e0 aprecia\u00e7\u00e3o das mat\u00e9rias constantes da Ordem do Dia.","indexacao":"","observacao":"","resultado":"","texto_original":"http://64.23.167.191/media/sapl/public/materialegislativa/2026/1508/ccf10022026_0004_edital_de_convocacao.pdf","data_ultima_atualizacao":"2026-02-10T17:43:20.745323-03:00","ip":"24.199.103.122","ultima_edicao":"2026-02-10T17:40:47.544308-03:00","tipo":16,"regime_tramitacao":2,"tipo_origem_externa":null,"local_origem_externa":null,"user":3,"anexadas":[],"autores":[16]}