{"id":1499,"__str__":"Requerimentos - Ver. Pedro Vinicius n\u00ba 1 de 2026","metadata":{},"numero":1,"ano":2026,"numero_protocolo":null,"data_apresentacao":"2026-02-02","tipo_apresentacao":"E","data_publicacao":null,"numero_origem_externa":"","ano_origem_externa":null,"data_origem_externa":null,"apelido":"","dias_prazo":null,"data_fim_prazo":null,"em_tramitacao":false,"polemica":false,"objeto":"","complementar":false,"ementa":"Requer ao Poder Executivo Municipal, por meio da Secretaria Municipal competente, a realiza\u00e7\u00e3o de estudo t\u00e9cnico, econ\u00f4mico e social com finalidade de avaliar a viabilidade de implanta\u00e7\u00e3o da Tarifa Social de \u00c1gua, destinada as pessoas em situa\u00e7\u00e3o de vulnerabilidade social, especialmente aquelas com renda familiar de at\u00e9 01 (um) sal\u00e1rio m\u00ednimo.","indexacao":"","observacao":"","resultado":"","texto_original":"http://64.23.167.191/media/sapl/public/materialegislativa/2026/1499/requerimento_n_001-2026.pdf","data_ultima_atualizacao":"2026-02-10T15:40:28.958818-03:00","ip":"24.199.103.122","ultima_edicao":"2026-02-10T15:36:22.386863-03:00","tipo":32,"regime_tramitacao":2,"tipo_origem_externa":null,"local_origem_externa":null,"user":3,"anexadas":[],"autores":[19]}