{"id":134,"__str__":"Aut\u00f3grafo de Lei n\u00ba 29 de 2021","metadata":{},"numero":29,"ano":2021,"numero_protocolo":null,"data_apresentacao":"2021-09-22","tipo_apresentacao":"E","data_publicacao":null,"numero_origem_externa":"","ano_origem_externa":null,"data_origem_externa":null,"apelido":"","dias_prazo":null,"data_fim_prazo":null,"em_tramitacao":false,"polemica":false,"objeto":"","complementar":false,"ementa":"\u201cINSTITUI, NO CALEND\u00c1RIO OFICIAL DO MUNIC\u00cdPIO DE PEDRO AFONSO, O \u201cDIA MUNICIPAL DE CONSCI\u00caNCIA E COMBATE \u00c0S QUEIMADAS E INC\u00caNDIOS FLORESTAIS EM PEDRO AFONSO\u201d, EM SE TRATANDO DA DATA DE \u201c15 DE SETEMBRO\u201d \u2013 E D\u00c1 OUTRAS PROVID\u00caNCIAS\u201d.","indexacao":"","observacao":"","resultado":"","texto_original":"http://64.23.167.191/media/sapl/public/materialegislativa/2021/134/autografos_029-2021.pdf","data_ultima_atualizacao":"2024-08-21T21:48:05.269777-03:00","ip":"179.43.34.96","ultima_edicao":"2024-08-21T21:46:40.934925-03:00","tipo":7,"regime_tramitacao":2,"tipo_origem_externa":null,"local_origem_externa":null,"user":3,"anexadas":[],"autores":[8]}