{"id":1314,"__str__":"Requerimentos - Ver. Agnaldo Lima n\u00ba 11 de 2025","metadata":{},"numero":11,"ano":2025,"numero_protocolo":null,"data_apresentacao":"2025-08-25","tipo_apresentacao":"E","data_publicacao":null,"numero_origem_externa":"","ano_origem_externa":null,"data_origem_externa":null,"apelido":"","dias_prazo":null,"data_fim_prazo":null,"em_tramitacao":false,"polemica":false,"objeto":"","complementar":false,"ementa":"Requer ao Poder Executivo Municipal, por meio da Secretaria competente, a limpeza geral da sede da Agrovila Bom Tempo, a corre\u00e7\u00e3o das l\u00e2mpadas e trocas das queimadas e o patrolamento das estradas principais e vicinais da regi\u00e3o da Agrovila.","indexacao":"","observacao":"","resultado":"","texto_original":"http://64.23.167.191/media/sapl/public/materialegislativa/2025/1314/req._na_011-2025_requer_a_limpeza_geral_da_sede_da_agrovila__bom_tempo.pdf","data_ultima_atualizacao":"2025-09-02T10:45:01.061285-03:00","ip":"2804:171c:2092:500:cc96:d1c2:f912:3507","ultima_edicao":"2025-09-02T10:43:50.166249-03:00","tipo":31,"regime_tramitacao":2,"tipo_origem_externa":null,"local_origem_externa":null,"user":3,"anexadas":[],"autores":[14]}