{"id":131,"__str__":"Aut\u00f3grafo de Lei n\u00ba 26 de 2021","metadata":{},"numero":26,"ano":2021,"numero_protocolo":null,"data_apresentacao":"2021-06-11","tipo_apresentacao":"E","data_publicacao":null,"numero_origem_externa":"","ano_origem_externa":null,"data_origem_externa":null,"apelido":"","dias_prazo":null,"data_fim_prazo":null,"em_tramitacao":false,"polemica":false,"objeto":"","complementar":false,"ementa":"\u201cINSTITUI O DI\u00c1RIO OFICIAL ELETR\u00d4NICO DO MUNIC\u00cdPIO DE PEDRO AFONSO \u2013 DOM, COMO MEIO OFICIAL DE COMUNICA\u00c7\u00c3O, PUBLICIDADE E DIVULGA\u00c7\u00c3O DOS ATOS DOS PODERES EXECUTIVO E LEGISLATIVO NO \u00c2MBITO DESTE MUNIC\u00cdPIO, E D\u00c1 OUTRAS PROVID\u00caNCIAS.\u201d","indexacao":"","observacao":"","resultado":"","texto_original":"http://64.23.167.191/media/sapl/public/materialegislativa/2021/131/autografos_026-2021.pdf","data_ultima_atualizacao":"2024-08-21T21:44:49.818081-03:00","ip":"179.43.34.96","ultima_edicao":"2024-08-21T21:44:02.622292-03:00","tipo":7,"regime_tramitacao":2,"tipo_origem_externa":null,"local_origem_externa":null,"user":3,"anexadas":[],"autores":[8]}