{"id":1309,"__str__":"Requerimentos - Ver. Pedro Vinicius n\u00ba 27 de 2025","metadata":{},"numero":27,"ano":2025,"numero_protocolo":null,"data_apresentacao":"2025-08-18","tipo_apresentacao":"E","data_publicacao":null,"numero_origem_externa":"","ano_origem_externa":null,"data_origem_externa":null,"apelido":"","dias_prazo":null,"data_fim_prazo":null,"em_tramitacao":false,"polemica":false,"objeto":"","complementar":false,"ementa":"\"Requer ao Poder Executivo Municipal, a cria\u00e7\u00e3o de monumento em homenagem \u00e0 liberta\u00e7\u00e3o dos jegues.\"","indexacao":"","observacao":"","resultado":"","texto_original":"http://64.23.167.191/media/sapl/public/materialegislativa/2025/1309/req._no_027-2025_requer_a_criacao_de_monumento_em_homenagem_a_libertacao_dos_jegues.pdf","data_ultima_atualizacao":"2025-08-20T15:13:02.248840-03:00","ip":"2804:171c:20a5:9500:38b0:641e:8e5b:4171","ultima_edicao":"2025-08-20T15:12:02.647654-03:00","tipo":32,"regime_tramitacao":2,"tipo_origem_externa":null,"local_origem_externa":null,"user":3,"anexadas":[],"autores":[19]}