{"id":1175,"__str__":"Edital de Convoca\u00e7\u00e3o n\u00ba 7 de 2024","metadata":{},"numero":7,"ano":2024,"numero_protocolo":null,"data_apresentacao":"2024-09-23","tipo_apresentacao":"E","data_publicacao":null,"numero_origem_externa":"","ano_origem_externa":null,"data_origem_externa":null,"apelido":"","dias_prazo":null,"data_fim_prazo":null,"em_tramitacao":false,"polemica":false,"objeto":"","complementar":false,"ementa":"CONVOCA Sess\u00e3o Extraordin\u00e1ria, para o dia 25/09/2024, \u00e0s 09h:00min, a realizar-se no Edif\u00edcio Sede do Poder Legislativo.","indexacao":"","observacao":"","resultado":"","texto_original":"http://64.23.167.191/media/sapl/public/materialegislativa/2024/1175/edital_de_convocacao_no_007-2024.pdf","data_ultima_atualizacao":"2025-08-07T15:21:30.277422-03:00","ip":"2804:171c:20df:8500:2ce5:9b21:582c:d561","ultima_edicao":"2025-08-07T15:20:36.900456-03:00","tipo":16,"regime_tramitacao":2,"tipo_origem_externa":null,"local_origem_externa":null,"user":3,"anexadas":[],"autores":[6]}