{"id":1075,"__str__":"Projeto de Resolu\u00e7\u00e3o n\u00ba 8 de 2025","metadata":{},"numero":8,"ano":2025,"numero_protocolo":null,"data_apresentacao":"2025-06-26","tipo_apresentacao":"E","data_publicacao":null,"numero_origem_externa":"","ano_origem_externa":null,"data_origem_externa":null,"apelido":"REFORMA DO REGIMENTO INTERNO","dias_prazo":null,"data_fim_prazo":null,"em_tramitacao":false,"polemica":false,"objeto":"DISP\u00d5E SOBRE A REFORMA DO REGIMENTO INTERNO DA C\u00c2MARA MUNICIPAL DE PEDRO AFONSO/TO E D\u00c1 OUTRAS PROVID\u00caNCIAS.","complementar":false,"ementa":"PROJETO DE RESOLU\u00c7\u00c3O N\u00ba 5: DISP\u00d5E SOBRE A REFORMA DO REGIMENTO INTERNO DA C\u00c2MARA MUNICIPAL DE PEDRO AFONSO/TO E D\u00c1 OUTRAS PROVID\u00caNCIAS.","indexacao":"","observacao":"","resultado":"","texto_original":"http://64.23.167.191/media/sapl/public/materialegislativa/2025/1075/projeto_de_resolucao_no_005-2025_-_regimento_interno_pedro_afonso_-_final.pdf","data_ultima_atualizacao":"2025-12-15T10:27:00.158693-03:00","ip":"24.199.103.122","ultima_edicao":"2025-12-15T10:26:59.192234-03:00","tipo":5,"regime_tramitacao":1,"tipo_origem_externa":null,"local_origem_externa":null,"user":3,"anexadas":[],"autores":[1]}