{"id":1033,"__str__":"Edital de Convoca\u00e7\u00e3o n\u00ba 7 de 2025","metadata":{},"numero":7,"ano":2025,"numero_protocolo":null,"data_apresentacao":"2025-06-25","tipo_apresentacao":"E","data_publicacao":null,"numero_origem_externa":"","ano_origem_externa":null,"data_origem_externa":null,"apelido":"","dias_prazo":null,"data_fim_prazo":null,"em_tramitacao":false,"polemica":false,"objeto":"","complementar":false,"ementa":"Edital de convoca\u00e7\u00e3o Sess\u00e3o Extraordin\u00e1ria n\u00b0 005/2025: RESOLVE Convocar Sess\u00e3o Extraordin\u00e1ria, para o dia 27/06/2025, \u00e0s 09:00h, em aten\u00e7\u00e3o ao of\u00edcio n\u00b0 463/2025, a realizar-se no Edif\u00edcio Sede do Poder Legislativo.","indexacao":"","observacao":"","resultado":"","texto_original":"http://64.23.167.191/media/sapl/public/materialegislativa/2025/1033/edital_de_convocacoaao_-_assinado.pdf","data_ultima_atualizacao":"2025-07-04T12:46:40.489504-03:00","ip":"201.148.182.119","ultima_edicao":"2025-07-04T12:44:41.175389-03:00","tipo":16,"regime_tramitacao":1,"tipo_origem_externa":null,"local_origem_externa":null,"user":3,"anexadas":[],"autores":[1]}