{"id":840,"__str__":"Autoria: SEBASTI\u00c3O FABRICIO - Requerimentos - Ver. Sebasti\u00e3o Fabr\u00edcio n\u00ba 11 de 2025","metadata":{},"primeiro_autor":true,"autor":16,"materia":841}